{"id":4723,"date":"2025-01-10T09:17:15","date_gmt":"2025-01-10T09:17:15","guid":{"rendered":"https:\/\/buendiaestudios.com\/2025\/01\/10\/la-cancion-ya-tiene-fecha-de-estreno-8-de-mayo\/"},"modified":"2025-01-10T09:26:38","modified_gmt":"2025-01-10T09:26:38","slug":"la-cancion-ya-tiene-fecha-de-estreno-8-de-mayo","status":"publish","type":"post","link":"https:\/\/buendiaestudios.com\/en\/2025\/01\/10\/la-cancion-ya-tiene-fecha-de-estreno-8-de-mayo\/","title":{"rendered":"&#8216;La canci\u00f3n&#8217; already has a premiere date: May 8"},"content":{"rendered":"\n<p><strong>&#8216;La canci\u00f3n&#8217;\u00a0<\/strong>reflects a pivotal historical context of <strong>pure change, a longing for democratic freedom, and significant political and social turmoil<\/strong>. All of this is portrayed through the lens of a musical odyssey never before told in a fictional tone.<\/p>\n\n\n\n<p>The series stars <strong>Patrick Criado, Alex Brendem\u00fchl, Carolina Yuste, and Marcel Borr\u00e0s<\/strong>.<\/p>\n\n\n<div class=\"wp-block-image\">\n<figure class=\"aligncenter size-large\"><img loading=\"lazy\" decoding=\"async\" width=\"1024\" height=\"681\" src=\"https:\/\/buendiaestudios.com\/media\/2025\/01\/files_2025-01-09_12_11_00-1024x681.jpg\" alt=\"\" class=\"wp-image-4720\" srcset=\"https:\/\/buendiaestudios.com\/media\/2025\/01\/files_2025-01-09_12_11_00-1024x681.jpg 1024w, https:\/\/buendiaestudios.com\/media\/2025\/01\/files_2025-01-09_12_11_00-300x200.jpg 300w, https:\/\/buendiaestudios.com\/media\/2025\/01\/files_2025-01-09_12_11_00-768x511.jpg 768w, https:\/\/buendiaestudios.com\/media\/2025\/01\/files_2025-01-09_12_11_00.jpg 1200w\" sizes=\"auto, (max-width: 1024px) 100vw, 1024px\" \/><\/figure>\n<\/div>\n\n\n<p><\/p>\n\n\n\n<p>The cast is completed by <strong>Mariano Pe\u00f1a<\/strong>, who plays Lasso de la Vega; Goya winner <strong>Carlos Santos<\/strong> as Balmaseda, Esteban\u2019s boss; <strong>Laia Manzanares <\/strong>as Esteban\u2019s partner, a pharmacist working as a lab assistant at the university and a Eurovision fan; <strong>Carlos Gonz\u00e1lez<\/strong> as Rafael Ibarbia; <strong>Eneko Sagardoy<\/strong> as photographer Carlos; Xose A. <strong>Touri\u00f1\u00e1n <\/strong>as Manuel Fraga, and Luis G. G\u00e1mez as Francisco Franco. Additionally, <strong>Chloe Berman<\/strong> portrays presenter Katie Boyle, and <strong>Garmon Rhys<\/strong> plays singer Cliff Richard.<\/p>\n\n\n\n<p>The series was filmed in various locations in Madrid, including the Parque del Oeste, the Faculty of Medicine at UCM, and the old Chamart\u00edn Post Office building, where iconic spaces of the era, such as the old RTVE studios in Prado del Rey, were recreated. Key settings from Massiel\u2019s most iconic Eurovision moments were meticulously replicated, including <strong>London\u2019s legendary Royal<\/strong> Albert Hall, where Spain won Eurovision. The series also features international filming locations in London and Paris.<\/p>\n","protected":false},"excerpt":{"rendered":"<p>The latest production from Buend\u00eda Estudios, which tells the story of Spain&#8217;s victory at Eurovision 1968, will be available on Movistar Plus+.<\/p>\n","protected":false},"author":1,"featured_media":4719,"comment_status":"closed","ping_status":"closed","sticky":false,"template":"","format":"standard","meta":{"_acf_changed":false,"footnotes":""},"categories":[18],"tags":[],"class_list":["post-4723","post","type-post","status-publish","format-standard","has-post-thumbnail","hentry","category-uncategorized"],"acf":[],"yoast_head":"<!-- This site is optimized with the Yoast SEO plugin v27.4 - https:\/\/yoast.com\/product\/yoast-seo-wordpress\/ -->\n<title>&#039;La canci\u00f3n&#039; already has a premiere date: May 8 - Buend\u00eda Estudios<\/title>\n<meta name=\"robots\" content=\"index, follow, max-snippet:-1, max-image-preview:large, max-video-preview:-1\" \/>\n<link rel=\"canonical\" href=\"https:\/\/buendiaestudios.com\/en\/2025\/01\/10\/la-cancion-ya-tiene-fecha-de-estreno-8-de-mayo\/\" \/>\n<meta property=\"og:locale\" content=\"en_US\" \/>\n<meta property=\"og:type\" content=\"article\" \/>\n<meta property=\"og:title\" content=\"&#039;La canci\u00f3n&#039; already has a premiere date: May 8 - Buend\u00eda Estudios\" \/>\n<meta property=\"og:description\" content=\"The latest production from Buend\u00eda Estudios, which tells the story of Spain&#039;s victory at Eurovision 1968, will be available on Movistar Plus+.\" \/>\n<meta property=\"og:url\" content=\"https:\/\/buendiaestudios.com\/en\/2025\/01\/10\/la-cancion-ya-tiene-fecha-de-estreno-8-de-mayo\/\" \/>\n<meta property=\"og:site_name\" content=\"Buend\u00eda Estudios\" \/>\n<meta property=\"article:publisher\" content=\"https:\/\/www.facebook.com\/buendiaestudios\" \/>\n<meta property=\"article:published_time\" content=\"2025-01-10T09:17:15+00:00\" \/>\n<meta property=\"article:modified_time\" content=\"2025-01-10T09:26:38+00:00\" \/>\n<meta property=\"og:image\" content=\"https:\/\/buendiaestudios.com\/media\/2025\/01\/files_2025-01-09_12_10_21.jpg\" \/>\n\t<meta property=\"og:image:width\" content=\"1200\" \/>\n\t<meta property=\"og:image:height\" content=\"798\" \/>\n\t<meta property=\"og:image:type\" content=\"image\/jpeg\" \/>\n<meta name=\"author\" content=\"juan\" \/>\n<meta name=\"twitter:card\" content=\"summary_large_image\" \/>\n<meta name=\"twitter:creator\" content=\"@BuendiaEstudios\" \/>\n<meta name=\"twitter:site\" content=\"@BuendiaEstudios\" \/>\n<meta name=\"twitter:label1\" content=\"Written by\" \/>\n\t<meta name=\"twitter:data1\" content=\"juan\" \/>\n\t<meta name=\"twitter:label2\" content=\"Est. reading time\" \/>\n\t<meta name=\"twitter:data2\" content=\"2 minutes\" \/>\n<script type=\"application\/ld+json\" class=\"yoast-schema-graph\">{\"@context\":\"https:\\\/\\\/schema.org\",\"@graph\":[{\"@type\":\"Article\",\"@id\":\"https:\\\/\\\/buendiaestudios.com\\\/en\\\/2025\\\/01\\\/10\\\/la-cancion-ya-tiene-fecha-de-estreno-8-de-mayo\\\/#article\",\"isPartOf\":{\"@id\":\"https:\\\/\\\/buendiaestudios.com\\\/en\\\/2025\\\/01\\\/10\\\/la-cancion-ya-tiene-fecha-de-estreno-8-de-mayo\\\/\"},\"author\":{\"name\":\"juan\",\"@id\":\"https:\\\/\\\/buendiaestudios.com\\\/#\\\/schema\\\/person\\\/c2ac535d581ea9d124d7382d6620f7a8\"},\"headline\":\"&#8216;La canci\u00f3n&#8217; already has a premiere date: May 8\",\"datePublished\":\"2025-01-10T09:17:15+00:00\",\"dateModified\":\"2025-01-10T09:26:38+00:00\",\"mainEntityOfPage\":{\"@id\":\"https:\\\/\\\/buendiaestudios.com\\\/en\\\/2025\\\/01\\\/10\\\/la-cancion-ya-tiene-fecha-de-estreno-8-de-mayo\\\/\"},\"wordCount\":227,\"publisher\":{\"@id\":\"https:\\\/\\\/buendiaestudios.com\\\/#organization\"},\"image\":{\"@id\":\"https:\\\/\\\/buendiaestudios.com\\\/en\\\/2025\\\/01\\\/10\\\/la-cancion-ya-tiene-fecha-de-estreno-8-de-mayo\\\/#primaryimage\"},\"thumbnailUrl\":\"https:\\\/\\\/buendiaestudios.com\\\/wp-content\\\/uploads\\\/2025\\\/01\\\/files_2025-01-09_12_10_21.jpg\",\"inLanguage\":\"en-US\"},{\"@type\":\"WebPage\",\"@id\":\"https:\\\/\\\/buendiaestudios.com\\\/en\\\/2025\\\/01\\\/10\\\/la-cancion-ya-tiene-fecha-de-estreno-8-de-mayo\\\/\",\"url\":\"https:\\\/\\\/buendiaestudios.com\\\/en\\\/2025\\\/01\\\/10\\\/la-cancion-ya-tiene-fecha-de-estreno-8-de-mayo\\\/\",\"name\":\"'La canci\u00f3n' already has a premiere date: May 8 - Buend\u00eda Estudios\",\"isPartOf\":{\"@id\":\"https:\\\/\\\/buendiaestudios.com\\\/#website\"},\"primaryImageOfPage\":{\"@id\":\"https:\\\/\\\/buendiaestudios.com\\\/en\\\/2025\\\/01\\\/10\\\/la-cancion-ya-tiene-fecha-de-estreno-8-de-mayo\\\/#primaryimage\"},\"image\":{\"@id\":\"https:\\\/\\\/buendiaestudios.com\\\/en\\\/2025\\\/01\\\/10\\\/la-cancion-ya-tiene-fecha-de-estreno-8-de-mayo\\\/#primaryimage\"},\"thumbnailUrl\":\"https:\\\/\\\/buendiaestudios.com\\\/wp-content\\\/uploads\\\/2025\\\/01\\\/files_2025-01-09_12_10_21.jpg\",\"datePublished\":\"2025-01-10T09:17:15+00:00\",\"dateModified\":\"2025-01-10T09:26:38+00:00\",\"breadcrumb\":{\"@id\":\"https:\\\/\\\/buendiaestudios.com\\\/en\\\/2025\\\/01\\\/10\\\/la-cancion-ya-tiene-fecha-de-estreno-8-de-mayo\\\/#breadcrumb\"},\"inLanguage\":\"en-US\",\"potentialAction\":[{\"@type\":\"ReadAction\",\"target\":[\"https:\\\/\\\/buendiaestudios.com\\\/en\\\/2025\\\/01\\\/10\\\/la-cancion-ya-tiene-fecha-de-estreno-8-de-mayo\\\/\"]}]},{\"@type\":\"ImageObject\",\"inLanguage\":\"en-US\",\"@id\":\"https:\\\/\\\/buendiaestudios.com\\\/en\\\/2025\\\/01\\\/10\\\/la-cancion-ya-tiene-fecha-de-estreno-8-de-mayo\\\/#primaryimage\",\"url\":\"https:\\\/\\\/buendiaestudios.com\\\/wp-content\\\/uploads\\\/2025\\\/01\\\/files_2025-01-09_12_10_21.jpg\",\"contentUrl\":\"https:\\\/\\\/buendiaestudios.com\\\/wp-content\\\/uploads\\\/2025\\\/01\\\/files_2025-01-09_12_10_21.jpg\",\"width\":1200,\"height\":798},{\"@type\":\"BreadcrumbList\",\"@id\":\"https:\\\/\\\/buendiaestudios.com\\\/en\\\/2025\\\/01\\\/10\\\/la-cancion-ya-tiene-fecha-de-estreno-8-de-mayo\\\/#breadcrumb\",\"itemListElement\":[{\"@type\":\"ListItem\",\"position\":1,\"name\":\"Portada\",\"item\":\"https:\\\/\\\/buendiaestudios.com\\\/en\\\/\"},{\"@type\":\"ListItem\",\"position\":2,\"name\":\"&#8216;La canci\u00f3n&#8217; already has a premiere date: May 8\"}]},{\"@type\":\"WebSite\",\"@id\":\"https:\\\/\\\/buendiaestudios.com\\\/#website\",\"url\":\"https:\\\/\\\/buendiaestudios.com\\\/\",\"name\":\"Buend\u00eda Estudios\",\"description\":\"BUEND\u00cdA ESTUDIOS is an independent production company of audiovisual content created by ATRESMEDIA and TELEFONICA (through Movistar+), in a strategic alliance.\",\"publisher\":{\"@id\":\"https:\\\/\\\/buendiaestudios.com\\\/#organization\"},\"potentialAction\":[{\"@type\":\"SearchAction\",\"target\":{\"@type\":\"EntryPoint\",\"urlTemplate\":\"https:\\\/\\\/buendiaestudios.com\\\/?s={search_term_string}\"},\"query-input\":{\"@type\":\"PropertyValueSpecification\",\"valueRequired\":true,\"valueName\":\"search_term_string\"}}],\"inLanguage\":\"en-US\"},{\"@type\":\"Organization\",\"@id\":\"https:\\\/\\\/buendiaestudios.com\\\/#organization\",\"name\":\"Buend\u00eda Estudios\",\"url\":\"https:\\\/\\\/buendiaestudios.com\\\/\",\"logo\":{\"@type\":\"ImageObject\",\"inLanguage\":\"en-US\",\"@id\":\"https:\\\/\\\/buendiaestudios.com\\\/#\\\/schema\\\/logo\\\/image\\\/\",\"url\":\"https:\\\/\\\/buendiaestudios.com\\\/wp-content\\\/uploads\\\/2021\\\/02\\\/logo-buendia-estudios.jpg\",\"contentUrl\":\"https:\\\/\\\/buendiaestudios.com\\\/wp-content\\\/uploads\\\/2021\\\/02\\\/logo-buendia-estudios.jpg\",\"width\":988,\"height\":325,\"caption\":\"Buend\u00eda Estudios\"},\"image\":{\"@id\":\"https:\\\/\\\/buendiaestudios.com\\\/#\\\/schema\\\/logo\\\/image\\\/\"},\"sameAs\":[\"https:\\\/\\\/www.facebook.com\\\/buendiaestudios\",\"https:\\\/\\\/x.com\\\/BuendiaEstudios\",\"https:\\\/\\\/www.instagram.com\\\/buendiaestudios\\\/\",\"https:\\\/\\\/www.linkedin.com\\\/company\\\/buend\u00eda-estudios\\\/\"]},{\"@type\":\"Person\",\"@id\":\"https:\\\/\\\/buendiaestudios.com\\\/#\\\/schema\\\/person\\\/c2ac535d581ea9d124d7382d6620f7a8\",\"name\":\"juan\",\"image\":{\"@type\":\"ImageObject\",\"inLanguage\":\"en-US\",\"@id\":\"https:\\\/\\\/secure.gravatar.com\\\/avatar\\\/cbe92dc906889b194a6058429af06a54966f45a7870e3c8343fa32fb728ebe30?s=96&d=mm&r=g\",\"url\":\"https:\\\/\\\/secure.gravatar.com\\\/avatar\\\/cbe92dc906889b194a6058429af06a54966f45a7870e3c8343fa32fb728ebe30?s=96&d=mm&r=g\",\"contentUrl\":\"https:\\\/\\\/secure.gravatar.com\\\/avatar\\\/cbe92dc906889b194a6058429af06a54966f45a7870e3c8343fa32fb728ebe30?s=96&d=mm&r=g\",\"caption\":\"juan\"}}]}<\/script>\n<!-- \/ Yoast SEO plugin. -->","yoast_head_json":{"title":"'La canci\u00f3n' already has a premiere date: May 8 - Buend\u00eda Estudios","robots":{"index":"index","follow":"follow","max-snippet":"max-snippet:-1","max-image-preview":"max-image-preview:large","max-video-preview":"max-video-preview:-1"},"canonical":"https:\/\/buendiaestudios.com\/en\/2025\/01\/10\/la-cancion-ya-tiene-fecha-de-estreno-8-de-mayo\/","og_locale":"en_US","og_type":"article","og_title":"'La canci\u00f3n' already has a premiere date: May 8 - Buend\u00eda Estudios","og_description":"The latest production from Buend\u00eda Estudios, which tells the story of Spain's victory at Eurovision 1968, will be available on Movistar Plus+.","og_url":"https:\/\/buendiaestudios.com\/en\/2025\/01\/10\/la-cancion-ya-tiene-fecha-de-estreno-8-de-mayo\/","og_site_name":"Buend\u00eda Estudios","article_publisher":"https:\/\/www.facebook.com\/buendiaestudios","article_published_time":"2025-01-10T09:17:15+00:00","article_modified_time":"2025-01-10T09:26:38+00:00","og_image":[{"width":1200,"height":798,"url":"https:\/\/buendiaestudios.com\/media\/2025\/01\/files_2025-01-09_12_10_21.jpg","type":"image\/jpeg"}],"author":"juan","twitter_card":"summary_large_image","twitter_creator":"@BuendiaEstudios","twitter_site":"@BuendiaEstudios","twitter_misc":{"Written by":"juan","Est. reading time":"2 minutes"},"schema":{"@context":"https:\/\/schema.org","@graph":[{"@type":"Article","@id":"https:\/\/buendiaestudios.com\/en\/2025\/01\/10\/la-cancion-ya-tiene-fecha-de-estreno-8-de-mayo\/#article","isPartOf":{"@id":"https:\/\/buendiaestudios.com\/en\/2025\/01\/10\/la-cancion-ya-tiene-fecha-de-estreno-8-de-mayo\/"},"author":{"name":"juan","@id":"https:\/\/buendiaestudios.com\/#\/schema\/person\/c2ac535d581ea9d124d7382d6620f7a8"},"headline":"&#8216;La canci\u00f3n&#8217; already has a premiere date: May 8","datePublished":"2025-01-10T09:17:15+00:00","dateModified":"2025-01-10T09:26:38+00:00","mainEntityOfPage":{"@id":"https:\/\/buendiaestudios.com\/en\/2025\/01\/10\/la-cancion-ya-tiene-fecha-de-estreno-8-de-mayo\/"},"wordCount":227,"publisher":{"@id":"https:\/\/buendiaestudios.com\/#organization"},"image":{"@id":"https:\/\/buendiaestudios.com\/en\/2025\/01\/10\/la-cancion-ya-tiene-fecha-de-estreno-8-de-mayo\/#primaryimage"},"thumbnailUrl":"https:\/\/buendiaestudios.com\/media\/2025\/01\/files_2025-01-09_12_10_21.jpg","inLanguage":"en-US"},{"@type":"WebPage","@id":"https:\/\/buendiaestudios.com\/en\/2025\/01\/10\/la-cancion-ya-tiene-fecha-de-estreno-8-de-mayo\/","url":"https:\/\/buendiaestudios.com\/en\/2025\/01\/10\/la-cancion-ya-tiene-fecha-de-estreno-8-de-mayo\/","name":"'La canci\u00f3n' already has a premiere date: May 8 - Buend\u00eda Estudios","isPartOf":{"@id":"https:\/\/buendiaestudios.com\/#website"},"primaryImageOfPage":{"@id":"https:\/\/buendiaestudios.com\/en\/2025\/01\/10\/la-cancion-ya-tiene-fecha-de-estreno-8-de-mayo\/#primaryimage"},"image":{"@id":"https:\/\/buendiaestudios.com\/en\/2025\/01\/10\/la-cancion-ya-tiene-fecha-de-estreno-8-de-mayo\/#primaryimage"},"thumbnailUrl":"https:\/\/buendiaestudios.com\/media\/2025\/01\/files_2025-01-09_12_10_21.jpg","datePublished":"2025-01-10T09:17:15+00:00","dateModified":"2025-01-10T09:26:38+00:00","breadcrumb":{"@id":"https:\/\/buendiaestudios.com\/en\/2025\/01\/10\/la-cancion-ya-tiene-fecha-de-estreno-8-de-mayo\/#breadcrumb"},"inLanguage":"en-US","potentialAction":[{"@type":"ReadAction","target":["https:\/\/buendiaestudios.com\/en\/2025\/01\/10\/la-cancion-ya-tiene-fecha-de-estreno-8-de-mayo\/"]}]},{"@type":"ImageObject","inLanguage":"en-US","@id":"https:\/\/buendiaestudios.com\/en\/2025\/01\/10\/la-cancion-ya-tiene-fecha-de-estreno-8-de-mayo\/#primaryimage","url":"https:\/\/buendiaestudios.com\/media\/2025\/01\/files_2025-01-09_12_10_21.jpg","contentUrl":"https:\/\/buendiaestudios.com\/media\/2025\/01\/files_2025-01-09_12_10_21.jpg","width":1200,"height":798},{"@type":"BreadcrumbList","@id":"https:\/\/buendiaestudios.com\/en\/2025\/01\/10\/la-cancion-ya-tiene-fecha-de-estreno-8-de-mayo\/#breadcrumb","itemListElement":[{"@type":"ListItem","position":1,"name":"Portada","item":"https:\/\/buendiaestudios.com\/en\/"},{"@type":"ListItem","position":2,"name":"&#8216;La canci\u00f3n&#8217; already has a premiere date: May 8"}]},{"@type":"WebSite","@id":"https:\/\/buendiaestudios.com\/#website","url":"https:\/\/buendiaestudios.com\/","name":"Buend\u00eda Estudios","description":"BUEND\u00cdA ESTUDIOS is an independent production company of audiovisual content created by ATRESMEDIA and TELEFONICA (through Movistar+), in a strategic alliance.","publisher":{"@id":"https:\/\/buendiaestudios.com\/#organization"},"potentialAction":[{"@type":"SearchAction","target":{"@type":"EntryPoint","urlTemplate":"https:\/\/buendiaestudios.com\/?s={search_term_string}"},"query-input":{"@type":"PropertyValueSpecification","valueRequired":true,"valueName":"search_term_string"}}],"inLanguage":"en-US"},{"@type":"Organization","@id":"https:\/\/buendiaestudios.com\/#organization","name":"Buend\u00eda Estudios","url":"https:\/\/buendiaestudios.com\/","logo":{"@type":"ImageObject","inLanguage":"en-US","@id":"https:\/\/buendiaestudios.com\/#\/schema\/logo\/image\/","url":"https:\/\/buendiaestudios.com\/media\/2021\/02\/logo-buendia-estudios.jpg","contentUrl":"https:\/\/buendiaestudios.com\/media\/2021\/02\/logo-buendia-estudios.jpg","width":988,"height":325,"caption":"Buend\u00eda Estudios"},"image":{"@id":"https:\/\/buendiaestudios.com\/#\/schema\/logo\/image\/"},"sameAs":["https:\/\/www.facebook.com\/buendiaestudios","https:\/\/x.com\/BuendiaEstudios","https:\/\/www.instagram.com\/buendiaestudios\/","https:\/\/www.linkedin.com\/company\/buend\u00eda-estudios\/"]},{"@type":"Person","@id":"https:\/\/buendiaestudios.com\/#\/schema\/person\/c2ac535d581ea9d124d7382d6620f7a8","name":"juan","image":{"@type":"ImageObject","inLanguage":"en-US","@id":"https:\/\/secure.gravatar.com\/avatar\/cbe92dc906889b194a6058429af06a54966f45a7870e3c8343fa32fb728ebe30?s=96&d=mm&r=g","url":"https:\/\/secure.gravatar.com\/avatar\/cbe92dc906889b194a6058429af06a54966f45a7870e3c8343fa32fb728ebe30?s=96&d=mm&r=g","contentUrl":"https:\/\/secure.gravatar.com\/avatar\/cbe92dc906889b194a6058429af06a54966f45a7870e3c8343fa32fb728ebe30?s=96&d=mm&r=g","caption":"juan"}}]}},"_links":{"self":[{"href":"https:\/\/buendiaestudios.com\/en\/wp-json\/wp\/v2\/posts\/4723","targetHints":{"allow":["GET"]}}],"collection":[{"href":"https:\/\/buendiaestudios.com\/en\/wp-json\/wp\/v2\/posts"}],"about":[{"href":"https:\/\/buendiaestudios.com\/en\/wp-json\/wp\/v2\/types\/post"}],"author":[{"embeddable":true,"href":"https:\/\/buendiaestudios.com\/en\/wp-json\/wp\/v2\/users\/1"}],"replies":[{"embeddable":true,"href":"https:\/\/buendiaestudios.com\/en\/wp-json\/wp\/v2\/comments?post=4723"}],"version-history":[{"count":1,"href":"https:\/\/buendiaestudios.com\/en\/wp-json\/wp\/v2\/posts\/4723\/revisions"}],"predecessor-version":[{"id":4725,"href":"https:\/\/buendiaestudios.com\/en\/wp-json\/wp\/v2\/posts\/4723\/revisions\/4725"}],"wp:featuredmedia":[{"embeddable":true,"href":"https:\/\/buendiaestudios.com\/en\/wp-json\/wp\/v2\/media\/4719"}],"wp:attachment":[{"href":"https:\/\/buendiaestudios.com\/en\/wp-json\/wp\/v2\/media?parent=4723"}],"wp:term":[{"taxonomy":"category","embeddable":true,"href":"https:\/\/buendiaestudios.com\/en\/wp-json\/wp\/v2\/categories?post=4723"},{"taxonomy":"post_tag","embeddable":true,"href":"https:\/\/buendiaestudios.com\/en\/wp-json\/wp\/v2\/tags?post=4723"}],"curies":[{"name":"wp","href":"https:\/\/api.w.org\/{rel}","templated":true}]}}