{"id":4306,"date":"2024-06-18T11:33:04","date_gmt":"2024-06-18T11:33:04","guid":{"rendered":"https:\/\/buendiaestudios.com\/2024\/06\/18\/angela-ya-tiene-cartel-oficial-y-anuncia-su-estreno-en-julio\/"},"modified":"2024-06-18T11:47:40","modified_gmt":"2024-06-18T11:47:40","slug":"angela-ya-tiene-cartel-oficial-y-anuncia-su-estreno-en-julio","status":"publish","type":"post","link":"https:\/\/buendiaestudios.com\/en\/2024\/06\/18\/angela-ya-tiene-cartel-oficial-y-anuncia-su-estreno-en-julio\/","title":{"rendered":"&#8216;\u00c1ngela&#8217; now has an official poster"},"content":{"rendered":"\n<p><strong>&#8216;\u00c1ngela&#8217;<\/strong> is the adaptation of the successful British drama &#8216;Angela Black&#8217;, a dramatic thriller about a woman who tries to unmask the true face of an abusive and psychopathic husband.<\/p>\n\n\n\n<p><strong>Ver\u00f3nica S\u00e1nchez, Daniel Grao, Jaime Zatarain, and Luc\u00eda Jim\u00e9nez<\/strong> lead the cast of the series, which also includes <strong>Iv\u00e1n Marcos, Ane Gabarain, Mar\u00eda Isabel D\u00edaz Lago<\/strong>, and young actresses <strong>Maia Zaitegui and Sua D\u00edez<\/strong>, among others.<\/p>\n\n\n\n<p><strong>&#8216;\u00c1ngela&#8217; <\/strong>consists of six 50-minute episodes and is a production of <strong>Buend\u00eda Estudios Bizkaia<\/strong>, with the participation of <strong>Atresmedia TV<\/strong>.<\/p>\n\n\n\n<p><strong>Sonia Mart\u00ednez and Borja Echeverr\u00eda<\/strong> are the executive producers of the series, with <strong>Montse Garc\u00eda<\/strong> serving as Head of Fiction at <strong>Atresmedia<\/strong>. The series is directed by<strong> Tito L\u00f3pez-Amado<\/strong>.<\/p>\n\n\n\n<p><strong>Luc\u00eda Alonso-Allende<\/strong> is the co-executive producer of &#8216;\u00c1ngela&#8217;, with a writing team composed of <strong>Sara Cano and Paula Fabra<\/strong>, and<strong> Jorge Blas <\/strong>as the script analyst.<strong> Emilio Gim\u00e9nez<\/strong> is the production manager. The art direction is led by <strong>Koldo Jones<\/strong>. <strong>Teo Delgado<\/strong> is responsible for cinematography, and <strong>Luis S\u00e1nchez<\/strong> for sound. <strong>Fernando Guariniello<\/strong> is the editor. <strong>Maril\u00f3 Serrano<\/strong>, <strong>Ferm\u00edn Gal\u00e1n<\/strong>, and <strong>Saioa Lara<\/strong> head the departments of makeup, hair, and wardrobe, respectively, while<strong> Cristina Perales<\/strong> is the casting director. <strong>Pablo Cervantes<\/strong> is the composer of the series&#8217; original music.<\/p>\n\n\n\n<p><strong><strong><mark style=\"background-color:rgba(0, 0, 0, 0)\" class=\"has-inline-color has-luminous-vivid-orange-color\">About &#8216;\u00c1ngela&#8217;<\/mark><\/strong><\/strong><\/p>\n\n\n\n<p>\u00c1ngela appears to lead an idyllic life: she has two wonderful daughters, a charming husband, and a spectacular home. However, this facade is a lie and it is becoming increasingly difficult for her to maintain.<\/p>\n\n\n\n<p>In reality, \u00c1ngela is a woman abused by an obsessive husband who has convinced her that without him, she would be nothing. Until one day, Edu, a handsome young man, reveals surprising secrets to her and is willing to help her eliminate him from her life.<\/p>\n","protected":false},"excerpt":{"rendered":"<p>The new production from Buend\u00eda Estudios Bizkaia will arrive very soon on atresplayer.<\/p>\n","protected":false},"author":7,"featured_media":4293,"comment_status":"closed","ping_status":"closed","sticky":false,"template":"","format":"standard","meta":{"_acf_changed":false,"footnotes":""},"categories":[18],"tags":[],"class_list":["post-4306","post","type-post","status-publish","format-standard","has-post-thumbnail","hentry","category-uncategorized"],"acf":[],"yoast_head":"<!-- This site is optimized with the Yoast SEO plugin v27.4 - https:\/\/yoast.com\/product\/yoast-seo-wordpress\/ -->\n<title>&#039;\u00c1ngela&#039; now has an official poster - Buend\u00eda Estudios<\/title>\n<meta name=\"robots\" content=\"index, follow, max-snippet:-1, max-image-preview:large, max-video-preview:-1\" \/>\n<link rel=\"canonical\" href=\"https:\/\/buendiaestudios.com\/en\/2024\/06\/18\/angela-ya-tiene-cartel-oficial-y-anuncia-su-estreno-en-julio\/\" \/>\n<meta property=\"og:locale\" content=\"en_US\" \/>\n<meta property=\"og:type\" content=\"article\" \/>\n<meta property=\"og:title\" content=\"&#039;\u00c1ngela&#039; now has an official poster - Buend\u00eda Estudios\" \/>\n<meta property=\"og:description\" content=\"The new production from Buend\u00eda Estudios Bizkaia will arrive very soon on atresplayer.\" \/>\n<meta property=\"og:url\" content=\"https:\/\/buendiaestudios.com\/en\/2024\/06\/18\/angela-ya-tiene-cartel-oficial-y-anuncia-su-estreno-en-julio\/\" \/>\n<meta property=\"og:site_name\" content=\"Buend\u00eda Estudios\" \/>\n<meta property=\"article:publisher\" content=\"https:\/\/www.facebook.com\/buendiaestudios\" \/>\n<meta property=\"article:published_time\" content=\"2024-06-18T11:33:04+00:00\" \/>\n<meta property=\"article:modified_time\" content=\"2024-06-18T11:47:40+00:00\" \/>\n<meta property=\"og:image\" content=\"https:\/\/buendiaestudios.com\/media\/2024\/06\/ANGELA-VERTICAL.jpg\" \/>\n\t<meta property=\"og:image:width\" content=\"1200\" \/>\n\t<meta property=\"og:image:height\" content=\"1679\" \/>\n\t<meta property=\"og:image:type\" content=\"image\/jpeg\" \/>\n<meta name=\"author\" content=\"marta\" \/>\n<meta name=\"twitter:card\" content=\"summary_large_image\" \/>\n<meta name=\"twitter:creator\" content=\"@BuendiaEstudios\" \/>\n<meta name=\"twitter:site\" content=\"@BuendiaEstudios\" \/>\n<meta name=\"twitter:label1\" content=\"Written by\" \/>\n\t<meta name=\"twitter:data1\" content=\"marta\" \/>\n\t<meta name=\"twitter:label2\" content=\"Est. reading time\" \/>\n\t<meta name=\"twitter:data2\" content=\"2 minutes\" \/>\n<script type=\"application\/ld+json\" class=\"yoast-schema-graph\">{\"@context\":\"https:\\\/\\\/schema.org\",\"@graph\":[{\"@type\":\"Article\",\"@id\":\"https:\\\/\\\/buendiaestudios.com\\\/en\\\/2024\\\/06\\\/18\\\/angela-ya-tiene-cartel-oficial-y-anuncia-su-estreno-en-julio\\\/#article\",\"isPartOf\":{\"@id\":\"https:\\\/\\\/buendiaestudios.com\\\/en\\\/2024\\\/06\\\/18\\\/angela-ya-tiene-cartel-oficial-y-anuncia-su-estreno-en-julio\\\/\"},\"author\":{\"name\":\"marta\",\"@id\":\"https:\\\/\\\/buendiaestudios.com\\\/#\\\/schema\\\/person\\\/192bd02e2f753421ea259f0f385c594a\"},\"headline\":\"&#8216;\u00c1ngela&#8217; now has an official poster\",\"datePublished\":\"2024-06-18T11:33:04+00:00\",\"dateModified\":\"2024-06-18T11:47:40+00:00\",\"mainEntityOfPage\":{\"@id\":\"https:\\\/\\\/buendiaestudios.com\\\/en\\\/2024\\\/06\\\/18\\\/angela-ya-tiene-cartel-oficial-y-anuncia-su-estreno-en-julio\\\/\"},\"wordCount\":311,\"publisher\":{\"@id\":\"https:\\\/\\\/buendiaestudios.com\\\/#organization\"},\"image\":{\"@id\":\"https:\\\/\\\/buendiaestudios.com\\\/en\\\/2024\\\/06\\\/18\\\/angela-ya-tiene-cartel-oficial-y-anuncia-su-estreno-en-julio\\\/#primaryimage\"},\"thumbnailUrl\":\"https:\\\/\\\/buendiaestudios.com\\\/wp-content\\\/uploads\\\/2024\\\/06\\\/ANGELA-VERTICAL.jpg\",\"inLanguage\":\"en-US\"},{\"@type\":\"WebPage\",\"@id\":\"https:\\\/\\\/buendiaestudios.com\\\/en\\\/2024\\\/06\\\/18\\\/angela-ya-tiene-cartel-oficial-y-anuncia-su-estreno-en-julio\\\/\",\"url\":\"https:\\\/\\\/buendiaestudios.com\\\/en\\\/2024\\\/06\\\/18\\\/angela-ya-tiene-cartel-oficial-y-anuncia-su-estreno-en-julio\\\/\",\"name\":\"'\u00c1ngela' now has an official poster - Buend\u00eda Estudios\",\"isPartOf\":{\"@id\":\"https:\\\/\\\/buendiaestudios.com\\\/#website\"},\"primaryImageOfPage\":{\"@id\":\"https:\\\/\\\/buendiaestudios.com\\\/en\\\/2024\\\/06\\\/18\\\/angela-ya-tiene-cartel-oficial-y-anuncia-su-estreno-en-julio\\\/#primaryimage\"},\"image\":{\"@id\":\"https:\\\/\\\/buendiaestudios.com\\\/en\\\/2024\\\/06\\\/18\\\/angela-ya-tiene-cartel-oficial-y-anuncia-su-estreno-en-julio\\\/#primaryimage\"},\"thumbnailUrl\":\"https:\\\/\\\/buendiaestudios.com\\\/wp-content\\\/uploads\\\/2024\\\/06\\\/ANGELA-VERTICAL.jpg\",\"datePublished\":\"2024-06-18T11:33:04+00:00\",\"dateModified\":\"2024-06-18T11:47:40+00:00\",\"breadcrumb\":{\"@id\":\"https:\\\/\\\/buendiaestudios.com\\\/en\\\/2024\\\/06\\\/18\\\/angela-ya-tiene-cartel-oficial-y-anuncia-su-estreno-en-julio\\\/#breadcrumb\"},\"inLanguage\":\"en-US\",\"potentialAction\":[{\"@type\":\"ReadAction\",\"target\":[\"https:\\\/\\\/buendiaestudios.com\\\/en\\\/2024\\\/06\\\/18\\\/angela-ya-tiene-cartel-oficial-y-anuncia-su-estreno-en-julio\\\/\"]}]},{\"@type\":\"ImageObject\",\"inLanguage\":\"en-US\",\"@id\":\"https:\\\/\\\/buendiaestudios.com\\\/en\\\/2024\\\/06\\\/18\\\/angela-ya-tiene-cartel-oficial-y-anuncia-su-estreno-en-julio\\\/#primaryimage\",\"url\":\"https:\\\/\\\/buendiaestudios.com\\\/wp-content\\\/uploads\\\/2024\\\/06\\\/ANGELA-VERTICAL.jpg\",\"contentUrl\":\"https:\\\/\\\/buendiaestudios.com\\\/wp-content\\\/uploads\\\/2024\\\/06\\\/ANGELA-VERTICAL.jpg\",\"width\":1200,\"height\":1679},{\"@type\":\"BreadcrumbList\",\"@id\":\"https:\\\/\\\/buendiaestudios.com\\\/en\\\/2024\\\/06\\\/18\\\/angela-ya-tiene-cartel-oficial-y-anuncia-su-estreno-en-julio\\\/#breadcrumb\",\"itemListElement\":[{\"@type\":\"ListItem\",\"position\":1,\"name\":\"Portada\",\"item\":\"https:\\\/\\\/buendiaestudios.com\\\/en\\\/\"},{\"@type\":\"ListItem\",\"position\":2,\"name\":\"&#8216;\u00c1ngela&#8217; now has an official poster\"}]},{\"@type\":\"WebSite\",\"@id\":\"https:\\\/\\\/buendiaestudios.com\\\/#website\",\"url\":\"https:\\\/\\\/buendiaestudios.com\\\/\",\"name\":\"Buend\u00eda Estudios\",\"description\":\"BUEND\u00cdA ESTUDIOS is an independent production company of audiovisual content created by ATRESMEDIA and TELEFONICA (through Movistar+), in a strategic alliance.\",\"publisher\":{\"@id\":\"https:\\\/\\\/buendiaestudios.com\\\/#organization\"},\"potentialAction\":[{\"@type\":\"SearchAction\",\"target\":{\"@type\":\"EntryPoint\",\"urlTemplate\":\"https:\\\/\\\/buendiaestudios.com\\\/?s={search_term_string}\"},\"query-input\":{\"@type\":\"PropertyValueSpecification\",\"valueRequired\":true,\"valueName\":\"search_term_string\"}}],\"inLanguage\":\"en-US\"},{\"@type\":\"Organization\",\"@id\":\"https:\\\/\\\/buendiaestudios.com\\\/#organization\",\"name\":\"Buend\u00eda Estudios\",\"url\":\"https:\\\/\\\/buendiaestudios.com\\\/\",\"logo\":{\"@type\":\"ImageObject\",\"inLanguage\":\"en-US\",\"@id\":\"https:\\\/\\\/buendiaestudios.com\\\/#\\\/schema\\\/logo\\\/image\\\/\",\"url\":\"https:\\\/\\\/buendiaestudios.com\\\/wp-content\\\/uploads\\\/2021\\\/02\\\/logo-buendia-estudios.jpg\",\"contentUrl\":\"https:\\\/\\\/buendiaestudios.com\\\/wp-content\\\/uploads\\\/2021\\\/02\\\/logo-buendia-estudios.jpg\",\"width\":988,\"height\":325,\"caption\":\"Buend\u00eda Estudios\"},\"image\":{\"@id\":\"https:\\\/\\\/buendiaestudios.com\\\/#\\\/schema\\\/logo\\\/image\\\/\"},\"sameAs\":[\"https:\\\/\\\/www.facebook.com\\\/buendiaestudios\",\"https:\\\/\\\/x.com\\\/BuendiaEstudios\",\"https:\\\/\\\/www.instagram.com\\\/buendiaestudios\\\/\",\"https:\\\/\\\/www.linkedin.com\\\/company\\\/buend\u00eda-estudios\\\/\"]},{\"@type\":\"Person\",\"@id\":\"https:\\\/\\\/buendiaestudios.com\\\/#\\\/schema\\\/person\\\/192bd02e2f753421ea259f0f385c594a\",\"name\":\"marta\",\"image\":{\"@type\":\"ImageObject\",\"inLanguage\":\"en-US\",\"@id\":\"https:\\\/\\\/secure.gravatar.com\\\/avatar\\\/fd1aad5206beed12165c47b25a60bc78225dd9bee5c531dbfed1e9cc445e712c?s=96&d=mm&r=g\",\"url\":\"https:\\\/\\\/secure.gravatar.com\\\/avatar\\\/fd1aad5206beed12165c47b25a60bc78225dd9bee5c531dbfed1e9cc445e712c?s=96&d=mm&r=g\",\"contentUrl\":\"https:\\\/\\\/secure.gravatar.com\\\/avatar\\\/fd1aad5206beed12165c47b25a60bc78225dd9bee5c531dbfed1e9cc445e712c?s=96&d=mm&r=g\",\"caption\":\"marta\"}}]}<\/script>\n<!-- \/ Yoast SEO plugin. -->","yoast_head_json":{"title":"'\u00c1ngela' now has an official poster - Buend\u00eda Estudios","robots":{"index":"index","follow":"follow","max-snippet":"max-snippet:-1","max-image-preview":"max-image-preview:large","max-video-preview":"max-video-preview:-1"},"canonical":"https:\/\/buendiaestudios.com\/en\/2024\/06\/18\/angela-ya-tiene-cartel-oficial-y-anuncia-su-estreno-en-julio\/","og_locale":"en_US","og_type":"article","og_title":"'\u00c1ngela' now has an official poster - Buend\u00eda Estudios","og_description":"The new production from Buend\u00eda Estudios Bizkaia will arrive very soon on atresplayer.","og_url":"https:\/\/buendiaestudios.com\/en\/2024\/06\/18\/angela-ya-tiene-cartel-oficial-y-anuncia-su-estreno-en-julio\/","og_site_name":"Buend\u00eda Estudios","article_publisher":"https:\/\/www.facebook.com\/buendiaestudios","article_published_time":"2024-06-18T11:33:04+00:00","article_modified_time":"2024-06-18T11:47:40+00:00","og_image":[{"width":1200,"height":1679,"url":"https:\/\/buendiaestudios.com\/media\/2024\/06\/ANGELA-VERTICAL.jpg","type":"image\/jpeg"}],"author":"marta","twitter_card":"summary_large_image","twitter_creator":"@BuendiaEstudios","twitter_site":"@BuendiaEstudios","twitter_misc":{"Written by":"marta","Est. reading time":"2 minutes"},"schema":{"@context":"https:\/\/schema.org","@graph":[{"@type":"Article","@id":"https:\/\/buendiaestudios.com\/en\/2024\/06\/18\/angela-ya-tiene-cartel-oficial-y-anuncia-su-estreno-en-julio\/#article","isPartOf":{"@id":"https:\/\/buendiaestudios.com\/en\/2024\/06\/18\/angela-ya-tiene-cartel-oficial-y-anuncia-su-estreno-en-julio\/"},"author":{"name":"marta","@id":"https:\/\/buendiaestudios.com\/#\/schema\/person\/192bd02e2f753421ea259f0f385c594a"},"headline":"&#8216;\u00c1ngela&#8217; now has an official poster","datePublished":"2024-06-18T11:33:04+00:00","dateModified":"2024-06-18T11:47:40+00:00","mainEntityOfPage":{"@id":"https:\/\/buendiaestudios.com\/en\/2024\/06\/18\/angela-ya-tiene-cartel-oficial-y-anuncia-su-estreno-en-julio\/"},"wordCount":311,"publisher":{"@id":"https:\/\/buendiaestudios.com\/#organization"},"image":{"@id":"https:\/\/buendiaestudios.com\/en\/2024\/06\/18\/angela-ya-tiene-cartel-oficial-y-anuncia-su-estreno-en-julio\/#primaryimage"},"thumbnailUrl":"https:\/\/buendiaestudios.com\/media\/2024\/06\/ANGELA-VERTICAL.jpg","inLanguage":"en-US"},{"@type":"WebPage","@id":"https:\/\/buendiaestudios.com\/en\/2024\/06\/18\/angela-ya-tiene-cartel-oficial-y-anuncia-su-estreno-en-julio\/","url":"https:\/\/buendiaestudios.com\/en\/2024\/06\/18\/angela-ya-tiene-cartel-oficial-y-anuncia-su-estreno-en-julio\/","name":"'\u00c1ngela' now has an official poster - Buend\u00eda Estudios","isPartOf":{"@id":"https:\/\/buendiaestudios.com\/#website"},"primaryImageOfPage":{"@id":"https:\/\/buendiaestudios.com\/en\/2024\/06\/18\/angela-ya-tiene-cartel-oficial-y-anuncia-su-estreno-en-julio\/#primaryimage"},"image":{"@id":"https:\/\/buendiaestudios.com\/en\/2024\/06\/18\/angela-ya-tiene-cartel-oficial-y-anuncia-su-estreno-en-julio\/#primaryimage"},"thumbnailUrl":"https:\/\/buendiaestudios.com\/media\/2024\/06\/ANGELA-VERTICAL.jpg","datePublished":"2024-06-18T11:33:04+00:00","dateModified":"2024-06-18T11:47:40+00:00","breadcrumb":{"@id":"https:\/\/buendiaestudios.com\/en\/2024\/06\/18\/angela-ya-tiene-cartel-oficial-y-anuncia-su-estreno-en-julio\/#breadcrumb"},"inLanguage":"en-US","potentialAction":[{"@type":"ReadAction","target":["https:\/\/buendiaestudios.com\/en\/2024\/06\/18\/angela-ya-tiene-cartel-oficial-y-anuncia-su-estreno-en-julio\/"]}]},{"@type":"ImageObject","inLanguage":"en-US","@id":"https:\/\/buendiaestudios.com\/en\/2024\/06\/18\/angela-ya-tiene-cartel-oficial-y-anuncia-su-estreno-en-julio\/#primaryimage","url":"https:\/\/buendiaestudios.com\/media\/2024\/06\/ANGELA-VERTICAL.jpg","contentUrl":"https:\/\/buendiaestudios.com\/media\/2024\/06\/ANGELA-VERTICAL.jpg","width":1200,"height":1679},{"@type":"BreadcrumbList","@id":"https:\/\/buendiaestudios.com\/en\/2024\/06\/18\/angela-ya-tiene-cartel-oficial-y-anuncia-su-estreno-en-julio\/#breadcrumb","itemListElement":[{"@type":"ListItem","position":1,"name":"Portada","item":"https:\/\/buendiaestudios.com\/en\/"},{"@type":"ListItem","position":2,"name":"&#8216;\u00c1ngela&#8217; now has an official poster"}]},{"@type":"WebSite","@id":"https:\/\/buendiaestudios.com\/#website","url":"https:\/\/buendiaestudios.com\/","name":"Buend\u00eda Estudios","description":"BUEND\u00cdA ESTUDIOS is an independent production company of audiovisual content created by ATRESMEDIA and TELEFONICA (through Movistar+), in a strategic alliance.","publisher":{"@id":"https:\/\/buendiaestudios.com\/#organization"},"potentialAction":[{"@type":"SearchAction","target":{"@type":"EntryPoint","urlTemplate":"https:\/\/buendiaestudios.com\/?s={search_term_string}"},"query-input":{"@type":"PropertyValueSpecification","valueRequired":true,"valueName":"search_term_string"}}],"inLanguage":"en-US"},{"@type":"Organization","@id":"https:\/\/buendiaestudios.com\/#organization","name":"Buend\u00eda Estudios","url":"https:\/\/buendiaestudios.com\/","logo":{"@type":"ImageObject","inLanguage":"en-US","@id":"https:\/\/buendiaestudios.com\/#\/schema\/logo\/image\/","url":"https:\/\/buendiaestudios.com\/media\/2021\/02\/logo-buendia-estudios.jpg","contentUrl":"https:\/\/buendiaestudios.com\/media\/2021\/02\/logo-buendia-estudios.jpg","width":988,"height":325,"caption":"Buend\u00eda Estudios"},"image":{"@id":"https:\/\/buendiaestudios.com\/#\/schema\/logo\/image\/"},"sameAs":["https:\/\/www.facebook.com\/buendiaestudios","https:\/\/x.com\/BuendiaEstudios","https:\/\/www.instagram.com\/buendiaestudios\/","https:\/\/www.linkedin.com\/company\/buend\u00eda-estudios\/"]},{"@type":"Person","@id":"https:\/\/buendiaestudios.com\/#\/schema\/person\/192bd02e2f753421ea259f0f385c594a","name":"marta","image":{"@type":"ImageObject","inLanguage":"en-US","@id":"https:\/\/secure.gravatar.com\/avatar\/fd1aad5206beed12165c47b25a60bc78225dd9bee5c531dbfed1e9cc445e712c?s=96&d=mm&r=g","url":"https:\/\/secure.gravatar.com\/avatar\/fd1aad5206beed12165c47b25a60bc78225dd9bee5c531dbfed1e9cc445e712c?s=96&d=mm&r=g","contentUrl":"https:\/\/secure.gravatar.com\/avatar\/fd1aad5206beed12165c47b25a60bc78225dd9bee5c531dbfed1e9cc445e712c?s=96&d=mm&r=g","caption":"marta"}}]}},"_links":{"self":[{"href":"https:\/\/buendiaestudios.com\/en\/wp-json\/wp\/v2\/posts\/4306","targetHints":{"allow":["GET"]}}],"collection":[{"href":"https:\/\/buendiaestudios.com\/en\/wp-json\/wp\/v2\/posts"}],"about":[{"href":"https:\/\/buendiaestudios.com\/en\/wp-json\/wp\/v2\/types\/post"}],"author":[{"embeddable":true,"href":"https:\/\/buendiaestudios.com\/en\/wp-json\/wp\/v2\/users\/7"}],"replies":[{"embeddable":true,"href":"https:\/\/buendiaestudios.com\/en\/wp-json\/wp\/v2\/comments?post=4306"}],"version-history":[{"count":1,"href":"https:\/\/buendiaestudios.com\/en\/wp-json\/wp\/v2\/posts\/4306\/revisions"}],"predecessor-version":[{"id":4308,"href":"https:\/\/buendiaestudios.com\/en\/wp-json\/wp\/v2\/posts\/4306\/revisions\/4308"}],"wp:featuredmedia":[{"embeddable":true,"href":"https:\/\/buendiaestudios.com\/en\/wp-json\/wp\/v2\/media\/4293"}],"wp:attachment":[{"href":"https:\/\/buendiaestudios.com\/en\/wp-json\/wp\/v2\/media?parent=4306"}],"wp:term":[{"taxonomy":"category","embeddable":true,"href":"https:\/\/buendiaestudios.com\/en\/wp-json\/wp\/v2\/categories?post=4306"},{"taxonomy":"post_tag","embeddable":true,"href":"https:\/\/buendiaestudios.com\/en\/wp-json\/wp\/v2\/tags?post=4306"}],"curies":[{"name":"wp","href":"https:\/\/api.w.org\/{rel}","templated":true}]}}