{"id":4288,"date":"2024-06-13T10:14:30","date_gmt":"2024-06-13T10:14:30","guid":{"rendered":"https:\/\/buendiaestudios.com\/2024\/06\/13\/dejate-ver-gana-el-critics-choice-award-en-el-seriencamp-festival\/"},"modified":"2024-06-13T10:17:12","modified_gmt":"2024-06-13T10:17:12","slug":"dejate-ver-gana-el-critics-choice-award-en-el-seriencamp-festival","status":"publish","type":"post","link":"https:\/\/buendiaestudios.com\/en\/2024\/06\/13\/dejate-ver-gana-el-critics-choice-award-en-el-seriencamp-festival\/","title":{"rendered":"&#8216;D\u00e9jate ver&#8217; wins Critics&#8217; Choice Award at the Seriencamp Festiva"},"content":{"rendered":"\n<p><strong>&#8216;D\u00e9jate ver&#8217;<\/strong> continues its international journey and wins the<strong> Critics&#8217; Choice Award <\/strong>at the <strong>Seriencamp Festival<\/strong>, one of the most important events dedicated to television series in Europe.<\/p>\n\n\n\n<p>The fiction narrates the beginning of a surreal and comic journey of self-discovery in which the creator, <strong>\u00c1lvaro Carmona<\/strong>, offers answers to the big questions about art, identity, family, and self-fulfillment.<\/p>\n\n\n\n<p>Congratulations to the team!<\/p>\n","protected":false},"excerpt":{"rendered":"<p>Buend\u00eda Estudios celebrates &#8216;D\u00e9jate ver&#8217;s latest triumph in Germany.<\/p>\n","protected":false},"author":7,"featured_media":4285,"comment_status":"closed","ping_status":"closed","sticky":false,"template":"","format":"standard","meta":{"_acf_changed":false,"footnotes":""},"categories":[18],"tags":[],"class_list":["post-4288","post","type-post","status-publish","format-standard","has-post-thumbnail","hentry","category-uncategorized"],"acf":[],"yoast_head":"<!-- This site is optimized with the Yoast SEO plugin v27.4 - https:\/\/yoast.com\/product\/yoast-seo-wordpress\/ -->\n<title>&#039;D\u00e9jate ver&#039; wins Critics&#039; Choice Award at the Seriencamp Festiva - Buend\u00eda Estudios<\/title>\n<meta name=\"robots\" content=\"index, follow, max-snippet:-1, max-image-preview:large, max-video-preview:-1\" \/>\n<link rel=\"canonical\" href=\"https:\/\/buendiaestudios.com\/en\/2024\/06\/13\/dejate-ver-gana-el-critics-choice-award-en-el-seriencamp-festival\/\" \/>\n<meta property=\"og:locale\" content=\"en_US\" \/>\n<meta property=\"og:type\" content=\"article\" \/>\n<meta property=\"og:title\" content=\"&#039;D\u00e9jate ver&#039; wins Critics&#039; Choice Award at the Seriencamp Festiva - Buend\u00eda Estudios\" \/>\n<meta property=\"og:description\" content=\"Buend\u00eda Estudios celebrates &#039;D\u00e9jate ver&#039;s latest triumph in Germany.\" \/>\n<meta property=\"og:url\" content=\"https:\/\/buendiaestudios.com\/en\/2024\/06\/13\/dejate-ver-gana-el-critics-choice-award-en-el-seriencamp-festival\/\" \/>\n<meta property=\"og:site_name\" content=\"Buend\u00eda Estudios\" \/>\n<meta property=\"article:publisher\" content=\"https:\/\/www.facebook.com\/buendiaestudios\" \/>\n<meta property=\"article:published_time\" content=\"2024-06-13T10:14:30+00:00\" \/>\n<meta property=\"article:modified_time\" content=\"2024-06-13T10:17:12+00:00\" \/>\n<meta property=\"og:image\" content=\"https:\/\/buendiaestudios.com\/media\/2024\/06\/LETTERBOXD.png\" \/>\n\t<meta property=\"og:image:width\" content=\"1000\" \/>\n\t<meta property=\"og:image:height\" content=\"1000\" \/>\n\t<meta property=\"og:image:type\" content=\"image\/png\" \/>\n<meta name=\"author\" content=\"marta\" \/>\n<meta name=\"twitter:card\" content=\"summary_large_image\" \/>\n<meta name=\"twitter:creator\" content=\"@BuendiaEstudios\" \/>\n<meta name=\"twitter:site\" content=\"@BuendiaEstudios\" \/>\n<meta name=\"twitter:label1\" content=\"Written by\" \/>\n\t<meta name=\"twitter:data1\" content=\"marta\" \/>\n\t<meta name=\"twitter:label2\" content=\"Est. reading time\" \/>\n\t<meta name=\"twitter:data2\" content=\"1 minute\" \/>\n<script type=\"application\/ld+json\" class=\"yoast-schema-graph\">{\"@context\":\"https:\\\/\\\/schema.org\",\"@graph\":[{\"@type\":\"Article\",\"@id\":\"https:\\\/\\\/buendiaestudios.com\\\/en\\\/2024\\\/06\\\/13\\\/dejate-ver-gana-el-critics-choice-award-en-el-seriencamp-festival\\\/#article\",\"isPartOf\":{\"@id\":\"https:\\\/\\\/buendiaestudios.com\\\/en\\\/2024\\\/06\\\/13\\\/dejate-ver-gana-el-critics-choice-award-en-el-seriencamp-festival\\\/\"},\"author\":{\"name\":\"marta\",\"@id\":\"https:\\\/\\\/buendiaestudios.com\\\/#\\\/schema\\\/person\\\/192bd02e2f753421ea259f0f385c594a\"},\"headline\":\"&#8216;D\u00e9jate ver&#8217; wins Critics&#8217; Choice Award at the Seriencamp Festiva\",\"datePublished\":\"2024-06-13T10:14:30+00:00\",\"dateModified\":\"2024-06-13T10:17:12+00:00\",\"mainEntityOfPage\":{\"@id\":\"https:\\\/\\\/buendiaestudios.com\\\/en\\\/2024\\\/06\\\/13\\\/dejate-ver-gana-el-critics-choice-award-en-el-seriencamp-festival\\\/\"},\"wordCount\":75,\"publisher\":{\"@id\":\"https:\\\/\\\/buendiaestudios.com\\\/#organization\"},\"image\":{\"@id\":\"https:\\\/\\\/buendiaestudios.com\\\/en\\\/2024\\\/06\\\/13\\\/dejate-ver-gana-el-critics-choice-award-en-el-seriencamp-festival\\\/#primaryimage\"},\"thumbnailUrl\":\"https:\\\/\\\/buendiaestudios.com\\\/wp-content\\\/uploads\\\/2024\\\/06\\\/LETTERBOXD.png\",\"inLanguage\":\"en-US\"},{\"@type\":\"WebPage\",\"@id\":\"https:\\\/\\\/buendiaestudios.com\\\/en\\\/2024\\\/06\\\/13\\\/dejate-ver-gana-el-critics-choice-award-en-el-seriencamp-festival\\\/\",\"url\":\"https:\\\/\\\/buendiaestudios.com\\\/en\\\/2024\\\/06\\\/13\\\/dejate-ver-gana-el-critics-choice-award-en-el-seriencamp-festival\\\/\",\"name\":\"'D\u00e9jate ver' wins Critics' Choice Award at the Seriencamp Festiva - Buend\u00eda Estudios\",\"isPartOf\":{\"@id\":\"https:\\\/\\\/buendiaestudios.com\\\/#website\"},\"primaryImageOfPage\":{\"@id\":\"https:\\\/\\\/buendiaestudios.com\\\/en\\\/2024\\\/06\\\/13\\\/dejate-ver-gana-el-critics-choice-award-en-el-seriencamp-festival\\\/#primaryimage\"},\"image\":{\"@id\":\"https:\\\/\\\/buendiaestudios.com\\\/en\\\/2024\\\/06\\\/13\\\/dejate-ver-gana-el-critics-choice-award-en-el-seriencamp-festival\\\/#primaryimage\"},\"thumbnailUrl\":\"https:\\\/\\\/buendiaestudios.com\\\/wp-content\\\/uploads\\\/2024\\\/06\\\/LETTERBOXD.png\",\"datePublished\":\"2024-06-13T10:14:30+00:00\",\"dateModified\":\"2024-06-13T10:17:12+00:00\",\"breadcrumb\":{\"@id\":\"https:\\\/\\\/buendiaestudios.com\\\/en\\\/2024\\\/06\\\/13\\\/dejate-ver-gana-el-critics-choice-award-en-el-seriencamp-festival\\\/#breadcrumb\"},\"inLanguage\":\"en-US\",\"potentialAction\":[{\"@type\":\"ReadAction\",\"target\":[\"https:\\\/\\\/buendiaestudios.com\\\/en\\\/2024\\\/06\\\/13\\\/dejate-ver-gana-el-critics-choice-award-en-el-seriencamp-festival\\\/\"]}]},{\"@type\":\"ImageObject\",\"inLanguage\":\"en-US\",\"@id\":\"https:\\\/\\\/buendiaestudios.com\\\/en\\\/2024\\\/06\\\/13\\\/dejate-ver-gana-el-critics-choice-award-en-el-seriencamp-festival\\\/#primaryimage\",\"url\":\"https:\\\/\\\/buendiaestudios.com\\\/wp-content\\\/uploads\\\/2024\\\/06\\\/LETTERBOXD.png\",\"contentUrl\":\"https:\\\/\\\/buendiaestudios.com\\\/wp-content\\\/uploads\\\/2024\\\/06\\\/LETTERBOXD.png\",\"width\":1000,\"height\":1000},{\"@type\":\"BreadcrumbList\",\"@id\":\"https:\\\/\\\/buendiaestudios.com\\\/en\\\/2024\\\/06\\\/13\\\/dejate-ver-gana-el-critics-choice-award-en-el-seriencamp-festival\\\/#breadcrumb\",\"itemListElement\":[{\"@type\":\"ListItem\",\"position\":1,\"name\":\"Portada\",\"item\":\"https:\\\/\\\/buendiaestudios.com\\\/en\\\/\"},{\"@type\":\"ListItem\",\"position\":2,\"name\":\"&#8216;D\u00e9jate ver&#8217; wins Critics&#8217; Choice Award at the Seriencamp Festiva\"}]},{\"@type\":\"WebSite\",\"@id\":\"https:\\\/\\\/buendiaestudios.com\\\/#website\",\"url\":\"https:\\\/\\\/buendiaestudios.com\\\/\",\"name\":\"Buend\u00eda Estudios\",\"description\":\"BUEND\u00cdA ESTUDIOS is an independent production company of audiovisual content created by ATRESMEDIA and TELEFONICA (through Movistar+), in a strategic alliance.\",\"publisher\":{\"@id\":\"https:\\\/\\\/buendiaestudios.com\\\/#organization\"},\"potentialAction\":[{\"@type\":\"SearchAction\",\"target\":{\"@type\":\"EntryPoint\",\"urlTemplate\":\"https:\\\/\\\/buendiaestudios.com\\\/?s={search_term_string}\"},\"query-input\":{\"@type\":\"PropertyValueSpecification\",\"valueRequired\":true,\"valueName\":\"search_term_string\"}}],\"inLanguage\":\"en-US\"},{\"@type\":\"Organization\",\"@id\":\"https:\\\/\\\/buendiaestudios.com\\\/#organization\",\"name\":\"Buend\u00eda Estudios\",\"url\":\"https:\\\/\\\/buendiaestudios.com\\\/\",\"logo\":{\"@type\":\"ImageObject\",\"inLanguage\":\"en-US\",\"@id\":\"https:\\\/\\\/buendiaestudios.com\\\/#\\\/schema\\\/logo\\\/image\\\/\",\"url\":\"https:\\\/\\\/buendiaestudios.com\\\/wp-content\\\/uploads\\\/2021\\\/02\\\/logo-buendia-estudios.jpg\",\"contentUrl\":\"https:\\\/\\\/buendiaestudios.com\\\/wp-content\\\/uploads\\\/2021\\\/02\\\/logo-buendia-estudios.jpg\",\"width\":988,\"height\":325,\"caption\":\"Buend\u00eda Estudios\"},\"image\":{\"@id\":\"https:\\\/\\\/buendiaestudios.com\\\/#\\\/schema\\\/logo\\\/image\\\/\"},\"sameAs\":[\"https:\\\/\\\/www.facebook.com\\\/buendiaestudios\",\"https:\\\/\\\/x.com\\\/BuendiaEstudios\",\"https:\\\/\\\/www.instagram.com\\\/buendiaestudios\\\/\",\"https:\\\/\\\/www.linkedin.com\\\/company\\\/buend\u00eda-estudios\\\/\"]},{\"@type\":\"Person\",\"@id\":\"https:\\\/\\\/buendiaestudios.com\\\/#\\\/schema\\\/person\\\/192bd02e2f753421ea259f0f385c594a\",\"name\":\"marta\",\"image\":{\"@type\":\"ImageObject\",\"inLanguage\":\"en-US\",\"@id\":\"https:\\\/\\\/secure.gravatar.com\\\/avatar\\\/fd1aad5206beed12165c47b25a60bc78225dd9bee5c531dbfed1e9cc445e712c?s=96&d=mm&r=g\",\"url\":\"https:\\\/\\\/secure.gravatar.com\\\/avatar\\\/fd1aad5206beed12165c47b25a60bc78225dd9bee5c531dbfed1e9cc445e712c?s=96&d=mm&r=g\",\"contentUrl\":\"https:\\\/\\\/secure.gravatar.com\\\/avatar\\\/fd1aad5206beed12165c47b25a60bc78225dd9bee5c531dbfed1e9cc445e712c?s=96&d=mm&r=g\",\"caption\":\"marta\"}}]}<\/script>\n<!-- \/ Yoast SEO plugin. -->","yoast_head_json":{"title":"'D\u00e9jate ver' wins Critics' Choice Award at the Seriencamp Festiva - Buend\u00eda Estudios","robots":{"index":"index","follow":"follow","max-snippet":"max-snippet:-1","max-image-preview":"max-image-preview:large","max-video-preview":"max-video-preview:-1"},"canonical":"https:\/\/buendiaestudios.com\/en\/2024\/06\/13\/dejate-ver-gana-el-critics-choice-award-en-el-seriencamp-festival\/","og_locale":"en_US","og_type":"article","og_title":"'D\u00e9jate ver' wins Critics' Choice Award at the Seriencamp Festiva - Buend\u00eda Estudios","og_description":"Buend\u00eda Estudios celebrates 'D\u00e9jate ver's latest triumph in Germany.","og_url":"https:\/\/buendiaestudios.com\/en\/2024\/06\/13\/dejate-ver-gana-el-critics-choice-award-en-el-seriencamp-festival\/","og_site_name":"Buend\u00eda Estudios","article_publisher":"https:\/\/www.facebook.com\/buendiaestudios","article_published_time":"2024-06-13T10:14:30+00:00","article_modified_time":"2024-06-13T10:17:12+00:00","og_image":[{"width":1000,"height":1000,"url":"https:\/\/buendiaestudios.com\/media\/2024\/06\/LETTERBOXD.png","type":"image\/png"}],"author":"marta","twitter_card":"summary_large_image","twitter_creator":"@BuendiaEstudios","twitter_site":"@BuendiaEstudios","twitter_misc":{"Written by":"marta","Est. reading time":"1 minute"},"schema":{"@context":"https:\/\/schema.org","@graph":[{"@type":"Article","@id":"https:\/\/buendiaestudios.com\/en\/2024\/06\/13\/dejate-ver-gana-el-critics-choice-award-en-el-seriencamp-festival\/#article","isPartOf":{"@id":"https:\/\/buendiaestudios.com\/en\/2024\/06\/13\/dejate-ver-gana-el-critics-choice-award-en-el-seriencamp-festival\/"},"author":{"name":"marta","@id":"https:\/\/buendiaestudios.com\/#\/schema\/person\/192bd02e2f753421ea259f0f385c594a"},"headline":"&#8216;D\u00e9jate ver&#8217; wins Critics&#8217; Choice Award at the Seriencamp Festiva","datePublished":"2024-06-13T10:14:30+00:00","dateModified":"2024-06-13T10:17:12+00:00","mainEntityOfPage":{"@id":"https:\/\/buendiaestudios.com\/en\/2024\/06\/13\/dejate-ver-gana-el-critics-choice-award-en-el-seriencamp-festival\/"},"wordCount":75,"publisher":{"@id":"https:\/\/buendiaestudios.com\/#organization"},"image":{"@id":"https:\/\/buendiaestudios.com\/en\/2024\/06\/13\/dejate-ver-gana-el-critics-choice-award-en-el-seriencamp-festival\/#primaryimage"},"thumbnailUrl":"https:\/\/buendiaestudios.com\/media\/2024\/06\/LETTERBOXD.png","inLanguage":"en-US"},{"@type":"WebPage","@id":"https:\/\/buendiaestudios.com\/en\/2024\/06\/13\/dejate-ver-gana-el-critics-choice-award-en-el-seriencamp-festival\/","url":"https:\/\/buendiaestudios.com\/en\/2024\/06\/13\/dejate-ver-gana-el-critics-choice-award-en-el-seriencamp-festival\/","name":"'D\u00e9jate ver' wins Critics' Choice Award at the Seriencamp Festiva - Buend\u00eda Estudios","isPartOf":{"@id":"https:\/\/buendiaestudios.com\/#website"},"primaryImageOfPage":{"@id":"https:\/\/buendiaestudios.com\/en\/2024\/06\/13\/dejate-ver-gana-el-critics-choice-award-en-el-seriencamp-festival\/#primaryimage"},"image":{"@id":"https:\/\/buendiaestudios.com\/en\/2024\/06\/13\/dejate-ver-gana-el-critics-choice-award-en-el-seriencamp-festival\/#primaryimage"},"thumbnailUrl":"https:\/\/buendiaestudios.com\/media\/2024\/06\/LETTERBOXD.png","datePublished":"2024-06-13T10:14:30+00:00","dateModified":"2024-06-13T10:17:12+00:00","breadcrumb":{"@id":"https:\/\/buendiaestudios.com\/en\/2024\/06\/13\/dejate-ver-gana-el-critics-choice-award-en-el-seriencamp-festival\/#breadcrumb"},"inLanguage":"en-US","potentialAction":[{"@type":"ReadAction","target":["https:\/\/buendiaestudios.com\/en\/2024\/06\/13\/dejate-ver-gana-el-critics-choice-award-en-el-seriencamp-festival\/"]}]},{"@type":"ImageObject","inLanguage":"en-US","@id":"https:\/\/buendiaestudios.com\/en\/2024\/06\/13\/dejate-ver-gana-el-critics-choice-award-en-el-seriencamp-festival\/#primaryimage","url":"https:\/\/buendiaestudios.com\/media\/2024\/06\/LETTERBOXD.png","contentUrl":"https:\/\/buendiaestudios.com\/media\/2024\/06\/LETTERBOXD.png","width":1000,"height":1000},{"@type":"BreadcrumbList","@id":"https:\/\/buendiaestudios.com\/en\/2024\/06\/13\/dejate-ver-gana-el-critics-choice-award-en-el-seriencamp-festival\/#breadcrumb","itemListElement":[{"@type":"ListItem","position":1,"name":"Portada","item":"https:\/\/buendiaestudios.com\/en\/"},{"@type":"ListItem","position":2,"name":"&#8216;D\u00e9jate ver&#8217; wins Critics&#8217; Choice Award at the Seriencamp Festiva"}]},{"@type":"WebSite","@id":"https:\/\/buendiaestudios.com\/#website","url":"https:\/\/buendiaestudios.com\/","name":"Buend\u00eda Estudios","description":"BUEND\u00cdA ESTUDIOS is an independent production company of audiovisual content created by ATRESMEDIA and TELEFONICA (through Movistar+), in a strategic alliance.","publisher":{"@id":"https:\/\/buendiaestudios.com\/#organization"},"potentialAction":[{"@type":"SearchAction","target":{"@type":"EntryPoint","urlTemplate":"https:\/\/buendiaestudios.com\/?s={search_term_string}"},"query-input":{"@type":"PropertyValueSpecification","valueRequired":true,"valueName":"search_term_string"}}],"inLanguage":"en-US"},{"@type":"Organization","@id":"https:\/\/buendiaestudios.com\/#organization","name":"Buend\u00eda Estudios","url":"https:\/\/buendiaestudios.com\/","logo":{"@type":"ImageObject","inLanguage":"en-US","@id":"https:\/\/buendiaestudios.com\/#\/schema\/logo\/image\/","url":"https:\/\/buendiaestudios.com\/media\/2021\/02\/logo-buendia-estudios.jpg","contentUrl":"https:\/\/buendiaestudios.com\/media\/2021\/02\/logo-buendia-estudios.jpg","width":988,"height":325,"caption":"Buend\u00eda Estudios"},"image":{"@id":"https:\/\/buendiaestudios.com\/#\/schema\/logo\/image\/"},"sameAs":["https:\/\/www.facebook.com\/buendiaestudios","https:\/\/x.com\/BuendiaEstudios","https:\/\/www.instagram.com\/buendiaestudios\/","https:\/\/www.linkedin.com\/company\/buend\u00eda-estudios\/"]},{"@type":"Person","@id":"https:\/\/buendiaestudios.com\/#\/schema\/person\/192bd02e2f753421ea259f0f385c594a","name":"marta","image":{"@type":"ImageObject","inLanguage":"en-US","@id":"https:\/\/secure.gravatar.com\/avatar\/fd1aad5206beed12165c47b25a60bc78225dd9bee5c531dbfed1e9cc445e712c?s=96&d=mm&r=g","url":"https:\/\/secure.gravatar.com\/avatar\/fd1aad5206beed12165c47b25a60bc78225dd9bee5c531dbfed1e9cc445e712c?s=96&d=mm&r=g","contentUrl":"https:\/\/secure.gravatar.com\/avatar\/fd1aad5206beed12165c47b25a60bc78225dd9bee5c531dbfed1e9cc445e712c?s=96&d=mm&r=g","caption":"marta"}}]}},"_links":{"self":[{"href":"https:\/\/buendiaestudios.com\/en\/wp-json\/wp\/v2\/posts\/4288","targetHints":{"allow":["GET"]}}],"collection":[{"href":"https:\/\/buendiaestudios.com\/en\/wp-json\/wp\/v2\/posts"}],"about":[{"href":"https:\/\/buendiaestudios.com\/en\/wp-json\/wp\/v2\/types\/post"}],"author":[{"embeddable":true,"href":"https:\/\/buendiaestudios.com\/en\/wp-json\/wp\/v2\/users\/7"}],"replies":[{"embeddable":true,"href":"https:\/\/buendiaestudios.com\/en\/wp-json\/wp\/v2\/comments?post=4288"}],"version-history":[{"count":1,"href":"https:\/\/buendiaestudios.com\/en\/wp-json\/wp\/v2\/posts\/4288\/revisions"}],"predecessor-version":[{"id":4290,"href":"https:\/\/buendiaestudios.com\/en\/wp-json\/wp\/v2\/posts\/4288\/revisions\/4290"}],"wp:featuredmedia":[{"embeddable":true,"href":"https:\/\/buendiaestudios.com\/en\/wp-json\/wp\/v2\/media\/4285"}],"wp:attachment":[{"href":"https:\/\/buendiaestudios.com\/en\/wp-json\/wp\/v2\/media?parent=4288"}],"wp:term":[{"taxonomy":"category","embeddable":true,"href":"https:\/\/buendiaestudios.com\/en\/wp-json\/wp\/v2\/categories?post=4288"},{"taxonomy":"post_tag","embeddable":true,"href":"https:\/\/buendiaestudios.com\/en\/wp-json\/wp\/v2\/tags?post=4288"}],"curies":[{"name":"wp","href":"https:\/\/api.w.org\/{rel}","templated":true}]}}