{"id":3501,"date":"2023-06-21T13:48:40","date_gmt":"2023-06-21T13:48:40","guid":{"rendered":"https:\/\/buendiaestudios.com\/2023\/06\/21\/la-unidad-kabul-creada-por-dani-de-la-torre-y-alberto-marini-y-producida-por-buendia-estudios-estrena-su-trailer-copy-copy\/"},"modified":"2023-06-21T13:52:18","modified_gmt":"2023-06-21T13:52:18","slug":"la-unidad-kabul-creada-por-dani-de-la-torre-y-alberto-marini-y-producida-por-buendia-estudios-estrena-su-trailer-copy-copy","status":"publish","type":"post","link":"https:\/\/buendiaestudios.com\/en\/2023\/06\/21\/la-unidad-kabul-creada-por-dani-de-la-torre-y-alberto-marini-y-producida-por-buendia-estudios-estrena-su-trailer-copy-copy\/","title":{"rendered":"&#8216;Poquita fe\u2019 is a comedy that tells in 12 episodes a year in the life of Berta and Jos\u00e9 Ram\u00f3n from the particular and unmistakable universe of Montero and Maidag\u00e1n."},"content":{"rendered":"\n<p><strong>\u2018Poquita fe\u2019<\/strong>, the <strong>original Movistar Plus+ series&nbsp;<\/strong>created by&nbsp;<strong>Pep\u00f3n Montero<\/strong>&nbsp;and&nbsp;<strong>Juan Maidag\u00e1n<\/strong>, is a comedy with the particular sense of humour of the creators, starred by <strong>Ra\u00fal Cimas<\/strong>&nbsp;and&nbsp;<strong>Esperanza Pedre\u00f1o<\/strong>. The series, 12 episodes of 15 minutes each directed by Pep\u00f3n Montero, will be released on&nbsp;<strong>Tuesday July 4th<\/strong>&nbsp;on Movistar Plus+. Together with Pedre\u00f1o and Cimas, the cast of \u2018Poquita Fe\u2019 is formed by&nbsp;<strong>Julia de Castro<\/strong>,&nbsp;<strong>Chani Mart\u00edn<\/strong>,&nbsp;<strong>Marta Fern\u00e1ndez-Muro<\/strong>,&nbsp;<strong>Pilar G\u00f3mez<\/strong>,&nbsp;<strong>Mar\u00eda Jes\u00fas Hoyos<\/strong>,&nbsp;<strong>Juan Lombardero<\/strong>,&nbsp;<strong>Enrique Mart\u00ednez<\/strong>&nbsp;and <strong>Blas Ortiz<\/strong>.&nbsp;<\/p>\n\n\n\n<p><strong>\u2018Poquita fe\u2019 told by the creators, Juan Maidag\u00e1n and Pep\u00f3n Montero<\/strong><\/p>\n\n\n\n<p><strong>Berta<\/strong> and <strong>Jos\u00e9 Ram\u00f3n <\/strong>were doing well. Or they weren\u2019t doing badly at least. They are calm people \u2013 he is a security guard and she works in a nursery \u2013 that have known each other for a very long time. One of those couples that fit perfectly because they are like two drops of water, despite coming from very different environments. One, raised by a single <strong>mother<\/strong> without any complex and open to experience new things until the last day; the other, eldest daughter of conventional <strong>parents<\/strong>, with a hostile mother and a submissive father who always got along better with his <strong>other daughter<\/strong>, cold like her mother, but free-spirited like him and with whom Berta never got on well. The day Berta left home was a relief for Berta and for those staying at home. They never knew how to treat someone so&#8230; special. And Berta found a peace unknown until then with Jos\u00e9 Ram\u00f3n.<br><br>And so they both lived, very close, very quiet, interacting only from time to time: with a hateful<strong>neighbour<\/strong>, but with whom it would be more difficult to get along badly, and with some <strong>co-workers<\/strong> whom you would not take to a desert island either. We said they were doing well&#8230; until Berta meets <strong>Pilar<\/strong>, a woman who has done everything and has left everything, who is here today and there tomorrow. During the year in which the series takes place, Pilar is here. And she opens Berta&#8217;s eyes. And what Berta sees is that she is missing something by not leaving what they call the &#8220;comfort zone&#8221;, which, on the other hand, begins to be not so comforting. Who can you talk to? Nobody. All her relationships are not worthwhile. They don\u2019t help much. So, she thinks. Because Jos\u00e9 Ram\u00f3n and Berta are people who think. And that is what this series is about.&nbsp;<\/p>\n","protected":false},"excerpt":{"rendered":"<p>\u2018Poquita fe\u2019, produced by Buend\u00eda Estudios, will be released on July 4th on Movistar Plus+<\/p>\n","protected":false},"author":7,"featured_media":3490,"comment_status":"closed","ping_status":"closed","sticky":false,"template":"","format":"standard","meta":{"_acf_changed":false,"footnotes":""},"categories":[18],"tags":[],"class_list":["post-3501","post","type-post","status-publish","format-standard","has-post-thumbnail","hentry","category-uncategorized"],"acf":[],"yoast_head":"<!-- This site is optimized with the Yoast SEO plugin v27.4 - https:\/\/yoast.com\/product\/yoast-seo-wordpress\/ -->\n<title>&#039;Poquita fe\u2019 is a comedy that tells in 12 episodes a year in the life of Berta and Jos\u00e9 Ram\u00f3n from the particular and unmistakable universe of Montero and Maidag\u00e1n. - Buend\u00eda Estudios<\/title>\n<meta name=\"robots\" content=\"index, follow, max-snippet:-1, max-image-preview:large, max-video-preview:-1\" \/>\n<link rel=\"canonical\" href=\"https:\/\/buendiaestudios.com\/en\/2023\/06\/21\/la-unidad-kabul-creada-por-dani-de-la-torre-y-alberto-marini-y-producida-por-buendia-estudios-estrena-su-trailer-copy-copy\/\" \/>\n<meta property=\"og:locale\" content=\"en_US\" \/>\n<meta property=\"og:type\" content=\"article\" \/>\n<meta property=\"og:title\" content=\"&#039;Poquita fe\u2019 is a comedy that tells in 12 episodes a year in the life of Berta and Jos\u00e9 Ram\u00f3n from the particular and unmistakable universe of Montero and Maidag\u00e1n. - Buend\u00eda Estudios\" \/>\n<meta property=\"og:description\" content=\"\u2018Poquita fe\u2019, produced by Buend\u00eda Estudios, will be released on July 4th on Movistar Plus+\" \/>\n<meta property=\"og:url\" content=\"https:\/\/buendiaestudios.com\/en\/2023\/06\/21\/la-unidad-kabul-creada-por-dani-de-la-torre-y-alberto-marini-y-producida-por-buendia-estudios-estrena-su-trailer-copy-copy\/\" \/>\n<meta property=\"og:site_name\" content=\"Buend\u00eda Estudios\" \/>\n<meta property=\"article:publisher\" content=\"https:\/\/www.facebook.com\/buendiaestudios\" \/>\n<meta property=\"article:published_time\" content=\"2023-06-21T13:48:40+00:00\" \/>\n<meta property=\"article:modified_time\" content=\"2023-06-21T13:52:18+00:00\" \/>\n<meta property=\"og:image\" content=\"https:\/\/buendiaestudios.com\/media\/2023\/06\/personajes-poquita-fe-movistar-plus-nota-prensa-ok-1024x719-1.jpg\" \/>\n\t<meta property=\"og:image:width\" content=\"1024\" \/>\n\t<meta property=\"og:image:height\" content=\"719\" \/>\n\t<meta property=\"og:image:type\" content=\"image\/jpeg\" \/>\n<meta name=\"author\" content=\"marta\" \/>\n<meta name=\"twitter:card\" content=\"summary_large_image\" \/>\n<meta name=\"twitter:creator\" content=\"@BuendiaEstudios\" \/>\n<meta name=\"twitter:site\" content=\"@BuendiaEstudios\" \/>\n<meta name=\"twitter:label1\" content=\"Written by\" \/>\n\t<meta name=\"twitter:data1\" content=\"marta\" \/>\n\t<meta name=\"twitter:label2\" content=\"Est. reading time\" \/>\n\t<meta name=\"twitter:data2\" content=\"2 minutes\" \/>\n<script type=\"application\/ld+json\" class=\"yoast-schema-graph\">{\"@context\":\"https:\\\/\\\/schema.org\",\"@graph\":[{\"@type\":\"Article\",\"@id\":\"https:\\\/\\\/buendiaestudios.com\\\/en\\\/2023\\\/06\\\/21\\\/la-unidad-kabul-creada-por-dani-de-la-torre-y-alberto-marini-y-producida-por-buendia-estudios-estrena-su-trailer-copy-copy\\\/#article\",\"isPartOf\":{\"@id\":\"https:\\\/\\\/buendiaestudios.com\\\/en\\\/2023\\\/06\\\/21\\\/la-unidad-kabul-creada-por-dani-de-la-torre-y-alberto-marini-y-producida-por-buendia-estudios-estrena-su-trailer-copy-copy\\\/\"},\"author\":{\"name\":\"marta\",\"@id\":\"https:\\\/\\\/buendiaestudios.com\\\/#\\\/schema\\\/person\\\/192bd02e2f753421ea259f0f385c594a\"},\"headline\":\"&#8216;Poquita fe\u2019 is a comedy that tells in 12 episodes a year in the life of Berta and Jos\u00e9 Ram\u00f3n from the particular and unmistakable universe of Montero and Maidag\u00e1n.\",\"datePublished\":\"2023-06-21T13:48:40+00:00\",\"dateModified\":\"2023-06-21T13:52:18+00:00\",\"mainEntityOfPage\":{\"@id\":\"https:\\\/\\\/buendiaestudios.com\\\/en\\\/2023\\\/06\\\/21\\\/la-unidad-kabul-creada-por-dani-de-la-torre-y-alberto-marini-y-producida-por-buendia-estudios-estrena-su-trailer-copy-copy\\\/\"},\"wordCount\":474,\"publisher\":{\"@id\":\"https:\\\/\\\/buendiaestudios.com\\\/#organization\"},\"image\":{\"@id\":\"https:\\\/\\\/buendiaestudios.com\\\/en\\\/2023\\\/06\\\/21\\\/la-unidad-kabul-creada-por-dani-de-la-torre-y-alberto-marini-y-producida-por-buendia-estudios-estrena-su-trailer-copy-copy\\\/#primaryimage\"},\"thumbnailUrl\":\"https:\\\/\\\/buendiaestudios.com\\\/wp-content\\\/uploads\\\/2023\\\/06\\\/personajes-poquita-fe-movistar-plus-nota-prensa-ok-1024x719-1.jpg\",\"inLanguage\":\"en-US\"},{\"@type\":\"WebPage\",\"@id\":\"https:\\\/\\\/buendiaestudios.com\\\/en\\\/2023\\\/06\\\/21\\\/la-unidad-kabul-creada-por-dani-de-la-torre-y-alberto-marini-y-producida-por-buendia-estudios-estrena-su-trailer-copy-copy\\\/\",\"url\":\"https:\\\/\\\/buendiaestudios.com\\\/en\\\/2023\\\/06\\\/21\\\/la-unidad-kabul-creada-por-dani-de-la-torre-y-alberto-marini-y-producida-por-buendia-estudios-estrena-su-trailer-copy-copy\\\/\",\"name\":\"'Poquita fe\u2019 is a comedy that tells in 12 episodes a year in the life of Berta and Jos\u00e9 Ram\u00f3n from the particular and unmistakable universe of Montero and Maidag\u00e1n. - Buend\u00eda Estudios\",\"isPartOf\":{\"@id\":\"https:\\\/\\\/buendiaestudios.com\\\/#website\"},\"primaryImageOfPage\":{\"@id\":\"https:\\\/\\\/buendiaestudios.com\\\/en\\\/2023\\\/06\\\/21\\\/la-unidad-kabul-creada-por-dani-de-la-torre-y-alberto-marini-y-producida-por-buendia-estudios-estrena-su-trailer-copy-copy\\\/#primaryimage\"},\"image\":{\"@id\":\"https:\\\/\\\/buendiaestudios.com\\\/en\\\/2023\\\/06\\\/21\\\/la-unidad-kabul-creada-por-dani-de-la-torre-y-alberto-marini-y-producida-por-buendia-estudios-estrena-su-trailer-copy-copy\\\/#primaryimage\"},\"thumbnailUrl\":\"https:\\\/\\\/buendiaestudios.com\\\/wp-content\\\/uploads\\\/2023\\\/06\\\/personajes-poquita-fe-movistar-plus-nota-prensa-ok-1024x719-1.jpg\",\"datePublished\":\"2023-06-21T13:48:40+00:00\",\"dateModified\":\"2023-06-21T13:52:18+00:00\",\"breadcrumb\":{\"@id\":\"https:\\\/\\\/buendiaestudios.com\\\/en\\\/2023\\\/06\\\/21\\\/la-unidad-kabul-creada-por-dani-de-la-torre-y-alberto-marini-y-producida-por-buendia-estudios-estrena-su-trailer-copy-copy\\\/#breadcrumb\"},\"inLanguage\":\"en-US\",\"potentialAction\":[{\"@type\":\"ReadAction\",\"target\":[\"https:\\\/\\\/buendiaestudios.com\\\/en\\\/2023\\\/06\\\/21\\\/la-unidad-kabul-creada-por-dani-de-la-torre-y-alberto-marini-y-producida-por-buendia-estudios-estrena-su-trailer-copy-copy\\\/\"]}]},{\"@type\":\"ImageObject\",\"inLanguage\":\"en-US\",\"@id\":\"https:\\\/\\\/buendiaestudios.com\\\/en\\\/2023\\\/06\\\/21\\\/la-unidad-kabul-creada-por-dani-de-la-torre-y-alberto-marini-y-producida-por-buendia-estudios-estrena-su-trailer-copy-copy\\\/#primaryimage\",\"url\":\"https:\\\/\\\/buendiaestudios.com\\\/wp-content\\\/uploads\\\/2023\\\/06\\\/personajes-poquita-fe-movistar-plus-nota-prensa-ok-1024x719-1.jpg\",\"contentUrl\":\"https:\\\/\\\/buendiaestudios.com\\\/wp-content\\\/uploads\\\/2023\\\/06\\\/personajes-poquita-fe-movistar-plus-nota-prensa-ok-1024x719-1.jpg\",\"width\":1024,\"height\":719},{\"@type\":\"BreadcrumbList\",\"@id\":\"https:\\\/\\\/buendiaestudios.com\\\/en\\\/2023\\\/06\\\/21\\\/la-unidad-kabul-creada-por-dani-de-la-torre-y-alberto-marini-y-producida-por-buendia-estudios-estrena-su-trailer-copy-copy\\\/#breadcrumb\",\"itemListElement\":[{\"@type\":\"ListItem\",\"position\":1,\"name\":\"Portada\",\"item\":\"https:\\\/\\\/buendiaestudios.com\\\/en\\\/\"},{\"@type\":\"ListItem\",\"position\":2,\"name\":\"&#8216;Poquita fe\u2019 is a comedy that tells in 12 episodes a year in the life of Berta and Jos\u00e9 Ram\u00f3n from the particular and unmistakable universe of Montero and Maidag\u00e1n.\"}]},{\"@type\":\"WebSite\",\"@id\":\"https:\\\/\\\/buendiaestudios.com\\\/#website\",\"url\":\"https:\\\/\\\/buendiaestudios.com\\\/\",\"name\":\"Buend\u00eda Estudios\",\"description\":\"BUEND\u00cdA ESTUDIOS is an independent production company of audiovisual content created by ATRESMEDIA and TELEFONICA (through Movistar+), in a strategic alliance.\",\"publisher\":{\"@id\":\"https:\\\/\\\/buendiaestudios.com\\\/#organization\"},\"potentialAction\":[{\"@type\":\"SearchAction\",\"target\":{\"@type\":\"EntryPoint\",\"urlTemplate\":\"https:\\\/\\\/buendiaestudios.com\\\/?s={search_term_string}\"},\"query-input\":{\"@type\":\"PropertyValueSpecification\",\"valueRequired\":true,\"valueName\":\"search_term_string\"}}],\"inLanguage\":\"en-US\"},{\"@type\":\"Organization\",\"@id\":\"https:\\\/\\\/buendiaestudios.com\\\/#organization\",\"name\":\"Buend\u00eda Estudios\",\"url\":\"https:\\\/\\\/buendiaestudios.com\\\/\",\"logo\":{\"@type\":\"ImageObject\",\"inLanguage\":\"en-US\",\"@id\":\"https:\\\/\\\/buendiaestudios.com\\\/#\\\/schema\\\/logo\\\/image\\\/\",\"url\":\"https:\\\/\\\/buendiaestudios.com\\\/wp-content\\\/uploads\\\/2021\\\/02\\\/logo-buendia-estudios.jpg\",\"contentUrl\":\"https:\\\/\\\/buendiaestudios.com\\\/wp-content\\\/uploads\\\/2021\\\/02\\\/logo-buendia-estudios.jpg\",\"width\":988,\"height\":325,\"caption\":\"Buend\u00eda Estudios\"},\"image\":{\"@id\":\"https:\\\/\\\/buendiaestudios.com\\\/#\\\/schema\\\/logo\\\/image\\\/\"},\"sameAs\":[\"https:\\\/\\\/www.facebook.com\\\/buendiaestudios\",\"https:\\\/\\\/x.com\\\/BuendiaEstudios\",\"https:\\\/\\\/www.instagram.com\\\/buendiaestudios\\\/\",\"https:\\\/\\\/www.linkedin.com\\\/company\\\/buend\u00eda-estudios\\\/\"]},{\"@type\":\"Person\",\"@id\":\"https:\\\/\\\/buendiaestudios.com\\\/#\\\/schema\\\/person\\\/192bd02e2f753421ea259f0f385c594a\",\"name\":\"marta\",\"image\":{\"@type\":\"ImageObject\",\"inLanguage\":\"en-US\",\"@id\":\"https:\\\/\\\/secure.gravatar.com\\\/avatar\\\/fd1aad5206beed12165c47b25a60bc78225dd9bee5c531dbfed1e9cc445e712c?s=96&d=mm&r=g\",\"url\":\"https:\\\/\\\/secure.gravatar.com\\\/avatar\\\/fd1aad5206beed12165c47b25a60bc78225dd9bee5c531dbfed1e9cc445e712c?s=96&d=mm&r=g\",\"contentUrl\":\"https:\\\/\\\/secure.gravatar.com\\\/avatar\\\/fd1aad5206beed12165c47b25a60bc78225dd9bee5c531dbfed1e9cc445e712c?s=96&d=mm&r=g\",\"caption\":\"marta\"}}]}<\/script>\n<!-- \/ Yoast SEO plugin. -->","yoast_head_json":{"title":"'Poquita fe\u2019 is a comedy that tells in 12 episodes a year in the life of Berta and Jos\u00e9 Ram\u00f3n from the particular and unmistakable universe of Montero and Maidag\u00e1n. - Buend\u00eda Estudios","robots":{"index":"index","follow":"follow","max-snippet":"max-snippet:-1","max-image-preview":"max-image-preview:large","max-video-preview":"max-video-preview:-1"},"canonical":"https:\/\/buendiaestudios.com\/en\/2023\/06\/21\/la-unidad-kabul-creada-por-dani-de-la-torre-y-alberto-marini-y-producida-por-buendia-estudios-estrena-su-trailer-copy-copy\/","og_locale":"en_US","og_type":"article","og_title":"'Poquita fe\u2019 is a comedy that tells in 12 episodes a year in the life of Berta and Jos\u00e9 Ram\u00f3n from the particular and unmistakable universe of Montero and Maidag\u00e1n. - Buend\u00eda Estudios","og_description":"\u2018Poquita fe\u2019, produced by Buend\u00eda Estudios, will be released on July 4th on Movistar Plus+","og_url":"https:\/\/buendiaestudios.com\/en\/2023\/06\/21\/la-unidad-kabul-creada-por-dani-de-la-torre-y-alberto-marini-y-producida-por-buendia-estudios-estrena-su-trailer-copy-copy\/","og_site_name":"Buend\u00eda Estudios","article_publisher":"https:\/\/www.facebook.com\/buendiaestudios","article_published_time":"2023-06-21T13:48:40+00:00","article_modified_time":"2023-06-21T13:52:18+00:00","og_image":[{"width":1024,"height":719,"url":"https:\/\/buendiaestudios.com\/media\/2023\/06\/personajes-poquita-fe-movistar-plus-nota-prensa-ok-1024x719-1.jpg","type":"image\/jpeg"}],"author":"marta","twitter_card":"summary_large_image","twitter_creator":"@BuendiaEstudios","twitter_site":"@BuendiaEstudios","twitter_misc":{"Written by":"marta","Est. reading time":"2 minutes"},"schema":{"@context":"https:\/\/schema.org","@graph":[{"@type":"Article","@id":"https:\/\/buendiaestudios.com\/en\/2023\/06\/21\/la-unidad-kabul-creada-por-dani-de-la-torre-y-alberto-marini-y-producida-por-buendia-estudios-estrena-su-trailer-copy-copy\/#article","isPartOf":{"@id":"https:\/\/buendiaestudios.com\/en\/2023\/06\/21\/la-unidad-kabul-creada-por-dani-de-la-torre-y-alberto-marini-y-producida-por-buendia-estudios-estrena-su-trailer-copy-copy\/"},"author":{"name":"marta","@id":"https:\/\/buendiaestudios.com\/#\/schema\/person\/192bd02e2f753421ea259f0f385c594a"},"headline":"&#8216;Poquita fe\u2019 is a comedy that tells in 12 episodes a year in the life of Berta and Jos\u00e9 Ram\u00f3n from the particular and unmistakable universe of Montero and Maidag\u00e1n.","datePublished":"2023-06-21T13:48:40+00:00","dateModified":"2023-06-21T13:52:18+00:00","mainEntityOfPage":{"@id":"https:\/\/buendiaestudios.com\/en\/2023\/06\/21\/la-unidad-kabul-creada-por-dani-de-la-torre-y-alberto-marini-y-producida-por-buendia-estudios-estrena-su-trailer-copy-copy\/"},"wordCount":474,"publisher":{"@id":"https:\/\/buendiaestudios.com\/#organization"},"image":{"@id":"https:\/\/buendiaestudios.com\/en\/2023\/06\/21\/la-unidad-kabul-creada-por-dani-de-la-torre-y-alberto-marini-y-producida-por-buendia-estudios-estrena-su-trailer-copy-copy\/#primaryimage"},"thumbnailUrl":"https:\/\/buendiaestudios.com\/media\/2023\/06\/personajes-poquita-fe-movistar-plus-nota-prensa-ok-1024x719-1.jpg","inLanguage":"en-US"},{"@type":"WebPage","@id":"https:\/\/buendiaestudios.com\/en\/2023\/06\/21\/la-unidad-kabul-creada-por-dani-de-la-torre-y-alberto-marini-y-producida-por-buendia-estudios-estrena-su-trailer-copy-copy\/","url":"https:\/\/buendiaestudios.com\/en\/2023\/06\/21\/la-unidad-kabul-creada-por-dani-de-la-torre-y-alberto-marini-y-producida-por-buendia-estudios-estrena-su-trailer-copy-copy\/","name":"'Poquita fe\u2019 is a comedy that tells in 12 episodes a year in the life of Berta and Jos\u00e9 Ram\u00f3n from the particular and unmistakable universe of Montero and Maidag\u00e1n. - Buend\u00eda Estudios","isPartOf":{"@id":"https:\/\/buendiaestudios.com\/#website"},"primaryImageOfPage":{"@id":"https:\/\/buendiaestudios.com\/en\/2023\/06\/21\/la-unidad-kabul-creada-por-dani-de-la-torre-y-alberto-marini-y-producida-por-buendia-estudios-estrena-su-trailer-copy-copy\/#primaryimage"},"image":{"@id":"https:\/\/buendiaestudios.com\/en\/2023\/06\/21\/la-unidad-kabul-creada-por-dani-de-la-torre-y-alberto-marini-y-producida-por-buendia-estudios-estrena-su-trailer-copy-copy\/#primaryimage"},"thumbnailUrl":"https:\/\/buendiaestudios.com\/media\/2023\/06\/personajes-poquita-fe-movistar-plus-nota-prensa-ok-1024x719-1.jpg","datePublished":"2023-06-21T13:48:40+00:00","dateModified":"2023-06-21T13:52:18+00:00","breadcrumb":{"@id":"https:\/\/buendiaestudios.com\/en\/2023\/06\/21\/la-unidad-kabul-creada-por-dani-de-la-torre-y-alberto-marini-y-producida-por-buendia-estudios-estrena-su-trailer-copy-copy\/#breadcrumb"},"inLanguage":"en-US","potentialAction":[{"@type":"ReadAction","target":["https:\/\/buendiaestudios.com\/en\/2023\/06\/21\/la-unidad-kabul-creada-por-dani-de-la-torre-y-alberto-marini-y-producida-por-buendia-estudios-estrena-su-trailer-copy-copy\/"]}]},{"@type":"ImageObject","inLanguage":"en-US","@id":"https:\/\/buendiaestudios.com\/en\/2023\/06\/21\/la-unidad-kabul-creada-por-dani-de-la-torre-y-alberto-marini-y-producida-por-buendia-estudios-estrena-su-trailer-copy-copy\/#primaryimage","url":"https:\/\/buendiaestudios.com\/media\/2023\/06\/personajes-poquita-fe-movistar-plus-nota-prensa-ok-1024x719-1.jpg","contentUrl":"https:\/\/buendiaestudios.com\/media\/2023\/06\/personajes-poquita-fe-movistar-plus-nota-prensa-ok-1024x719-1.jpg","width":1024,"height":719},{"@type":"BreadcrumbList","@id":"https:\/\/buendiaestudios.com\/en\/2023\/06\/21\/la-unidad-kabul-creada-por-dani-de-la-torre-y-alberto-marini-y-producida-por-buendia-estudios-estrena-su-trailer-copy-copy\/#breadcrumb","itemListElement":[{"@type":"ListItem","position":1,"name":"Portada","item":"https:\/\/buendiaestudios.com\/en\/"},{"@type":"ListItem","position":2,"name":"&#8216;Poquita fe\u2019 is a comedy that tells in 12 episodes a year in the life of Berta and Jos\u00e9 Ram\u00f3n from the particular and unmistakable universe of Montero and Maidag\u00e1n."}]},{"@type":"WebSite","@id":"https:\/\/buendiaestudios.com\/#website","url":"https:\/\/buendiaestudios.com\/","name":"Buend\u00eda Estudios","description":"BUEND\u00cdA ESTUDIOS is an independent production company of audiovisual content created by ATRESMEDIA and TELEFONICA (through Movistar+), in a strategic alliance.","publisher":{"@id":"https:\/\/buendiaestudios.com\/#organization"},"potentialAction":[{"@type":"SearchAction","target":{"@type":"EntryPoint","urlTemplate":"https:\/\/buendiaestudios.com\/?s={search_term_string}"},"query-input":{"@type":"PropertyValueSpecification","valueRequired":true,"valueName":"search_term_string"}}],"inLanguage":"en-US"},{"@type":"Organization","@id":"https:\/\/buendiaestudios.com\/#organization","name":"Buend\u00eda Estudios","url":"https:\/\/buendiaestudios.com\/","logo":{"@type":"ImageObject","inLanguage":"en-US","@id":"https:\/\/buendiaestudios.com\/#\/schema\/logo\/image\/","url":"https:\/\/buendiaestudios.com\/media\/2021\/02\/logo-buendia-estudios.jpg","contentUrl":"https:\/\/buendiaestudios.com\/media\/2021\/02\/logo-buendia-estudios.jpg","width":988,"height":325,"caption":"Buend\u00eda Estudios"},"image":{"@id":"https:\/\/buendiaestudios.com\/#\/schema\/logo\/image\/"},"sameAs":["https:\/\/www.facebook.com\/buendiaestudios","https:\/\/x.com\/BuendiaEstudios","https:\/\/www.instagram.com\/buendiaestudios\/","https:\/\/www.linkedin.com\/company\/buend\u00eda-estudios\/"]},{"@type":"Person","@id":"https:\/\/buendiaestudios.com\/#\/schema\/person\/192bd02e2f753421ea259f0f385c594a","name":"marta","image":{"@type":"ImageObject","inLanguage":"en-US","@id":"https:\/\/secure.gravatar.com\/avatar\/fd1aad5206beed12165c47b25a60bc78225dd9bee5c531dbfed1e9cc445e712c?s=96&d=mm&r=g","url":"https:\/\/secure.gravatar.com\/avatar\/fd1aad5206beed12165c47b25a60bc78225dd9bee5c531dbfed1e9cc445e712c?s=96&d=mm&r=g","contentUrl":"https:\/\/secure.gravatar.com\/avatar\/fd1aad5206beed12165c47b25a60bc78225dd9bee5c531dbfed1e9cc445e712c?s=96&d=mm&r=g","caption":"marta"}}]}},"_links":{"self":[{"href":"https:\/\/buendiaestudios.com\/en\/wp-json\/wp\/v2\/posts\/3501","targetHints":{"allow":["GET"]}}],"collection":[{"href":"https:\/\/buendiaestudios.com\/en\/wp-json\/wp\/v2\/posts"}],"about":[{"href":"https:\/\/buendiaestudios.com\/en\/wp-json\/wp\/v2\/types\/post"}],"author":[{"embeddable":true,"href":"https:\/\/buendiaestudios.com\/en\/wp-json\/wp\/v2\/users\/7"}],"replies":[{"embeddable":true,"href":"https:\/\/buendiaestudios.com\/en\/wp-json\/wp\/v2\/comments?post=3501"}],"version-history":[{"count":1,"href":"https:\/\/buendiaestudios.com\/en\/wp-json\/wp\/v2\/posts\/3501\/revisions"}],"predecessor-version":[{"id":3503,"href":"https:\/\/buendiaestudios.com\/en\/wp-json\/wp\/v2\/posts\/3501\/revisions\/3503"}],"wp:featuredmedia":[{"embeddable":true,"href":"https:\/\/buendiaestudios.com\/en\/wp-json\/wp\/v2\/media\/3490"}],"wp:attachment":[{"href":"https:\/\/buendiaestudios.com\/en\/wp-json\/wp\/v2\/media?parent=3501"}],"wp:term":[{"taxonomy":"category","embeddable":true,"href":"https:\/\/buendiaestudios.com\/en\/wp-json\/wp\/v2\/categories?post=3501"},{"taxonomy":"post_tag","embeddable":true,"href":"https:\/\/buendiaestudios.com\/en\/wp-json\/wp\/v2\/tags?post=3501"}],"curies":[{"name":"wp","href":"https:\/\/api.w.org\/{rel}","templated":true}]}}