{"id":3497,"date":"2023-06-21T13:44:36","date_gmt":"2023-06-21T13:44:36","guid":{"rendered":"https:\/\/buendiaestudios.com\/2023\/06\/21\/la-unidad-kabul-creada-por-dani-de-la-torre-y-alberto-marini-y-producida-por-buendia-estudios-estrena-su-trailer-copy\/"},"modified":"2023-06-21T13:47:55","modified_gmt":"2023-06-21T13:47:55","slug":"la-unidad-kabul-creada-por-dani-de-la-torre-y-alberto-marini-y-producida-por-buendia-estudios-estrena-su-trailer-copy","status":"publish","type":"post","link":"https:\/\/buendiaestudios.com\/en\/2023\/06\/21\/la-unidad-kabul-creada-por-dani-de-la-torre-y-alberto-marini-y-producida-por-buendia-estudios-estrena-su-trailer-copy\/","title":{"rendered":"Created by Miguel del Arco, playwright, screenwriter and stage director, one of the most influential voices of the theatre scene in our country."},"content":{"rendered":"\n<p><strong>\u2018Las noches de Tef\u00eda\u2019 already has a release date on ATRESplayer PREMIUM. <\/strong>The new original series of the Atresplayer platform will be released next June 25<sup>th<\/sup>. Following the presentation in the Malaga Film Festival,&nbsp;<strong>where it obtained a long applause and ovation from the audience and received big positive reviews <\/strong>after the screening of the first two episodes, the fiction also presents the official posters both individual and group portraits with the protagonists and the first teasers.<\/p>\n\n\n\n<p><strong>Created by Miguel del Arco<\/strong>, playwright, screenwriter and stage director, one of the most influential voices of the theatre scene in our country,<strong>&nbsp;\u2018Las noches de Tef\u00eda\u2019 tells one of the most unknown episodes of our history:<\/strong> the Francoist concentration camp that existed between the 50\u2019s and the 60\u2019s in Fuerteventura &nbsp;where the convicts by the Law of Vagrants and Crooks were imprisoned.<\/p>\n\n\n\n<p>\u2018Las Noches de Tef\u00eda\u2019 has been shot in natural outdoor locations in Tenerife and Madrid. <strong>The large cast of the series <\/strong>is formed by Marcos Ruiz (Airam\/La Bambi), Patrick Criado (La Vespa), Miquel Fern\u00e1ndez (Charli), Roberto \u00c1lamo (La Viga), Jorge Perugorr\u00eda (Airam), Ra\u00fal Prieto (Boncho), Israel Errejalde (Don Anselmo), Javier Ruesga (La Sissi), Luifer Rodr\u00edguez (La Pinito), Carolina Yuste (Nisa), Jorge Us\u00f3n (Conde F\u00e9nix), Jos\u00e9 Lu\u00eds de Madariaga (La Vespa), Jos\u00e9 Luis Garc\u00eda-P\u00e9rez (El Andaluz), Ana Wagener (Agueda), Celeste Gonz\u00e1lez (La Sissi), Jorge Yumar (Perico), Mingo \u00c1vila (La Rata), Ciro Mir\u00f3 (Carlavilla), Maykol Hern\u00e1ndez (Miguel), Isaac dos Santos (Caranabo), Elisa Cano (Nisa) and Ruth Trujillo (Claudia), among others.<\/p>\n\n\n\n<p><strong>\u2018Las noches de Tef\u00eda\u2019 is a production by Buend\u00eda Estudios Canarias with the participation of Atresmedia Televisi\u00f3n.<\/strong>&nbsp;The fiction, that will be seen exclusively in ATRESplayer PREMIUM, includes Montse Garc\u00eda and Sonia Mart\u00ednez as executive producers and Luc\u00eda Alonso-Allende as executive coproducer. Miguel del Arco and Antonio Rojano are the scriptwriters and Miguel del Arco himself together with R\u00f3mulo Aguillaume are the directors.<\/p>\n\n\n\n<p><strong>The technical team<\/strong>&nbsp;includes highly regarded professionals such as Marta Mir\u00f3 in Production Direction, Jon &nbsp;Aguirresarobe and Iv\u00e1n Caso in Cinematography, Coque F. Lahera as Sound Director, C\u00e9sar Macarr\u00f3n in Art Direction, Sandra Espinosa as Costume Designer, Paty L\u00f3pez Lopez as Make-Up Chief and Paco Rodr\u00edguez as Hair Styling Chief. Arnau Vil\u00e0 has composed the Original Soundtrack and Antonio Ruz has created the choreography. Conchi Iglesias is the Casting Director.<\/p>\n\n\n\n<p><strong>About \u2018Las noches de Tef\u00eda\u2019<\/strong><\/p>\n\n\n\n<p><strong>TEF\u00cdA<\/strong><\/p>\n\n\n\n<p>From 1954 to 1966 there was in a desert area of Fuerteventura a Francoist concentration camp known with the euphemistic name of Colonia Agr\u00edcola Penitenciaria de Tef\u00eda (Tef\u00eda Penitentiary Agrarian Colony), one of those places where the government used to send those condemned by the Law of Vagrants and Crooks, implemented in 1954 to include homosexuals as well.<\/p>\n\n\n\n<p><strong>THE TINDAYA<\/strong><\/p>\n\n\n\n<p>In order to survive the harsh conditions of the concentration camp, the imagination of the prisoners is triggered, and they will create in their minds a place of reverie in which their greatest fantasies are fulfilled and their desires become real: The Tindaya.<\/p>\n\n\n\n<p>Charli, the fantastic storyteller, invented for all of them El Tindaya, a dazzling music hall where all of them had their alter ego. A space of freedom in which, as its welcome theme says: \u201cthe limit of the possible burst when imagining\u201d.<\/p>\n\n\n\n<p><strong>2004<\/strong><\/p>\n\n\n\n<p>In 2004 Airam Betancor, one of those homosexual prisoners, is compelled to remember the seventeen months of forced labour that he suffered in the colony when he was barely twenty years old. The investigations of a documentary filmmaker who tries to give voice to the silent history of the penitentiary colony push Airam to do a painful memory exercise that will cause many problems in his life.<\/p>\n","protected":false},"excerpt":{"rendered":"<p>\u2018Las Noches de Tef\u00eda\u2019, produced by Buend\u00eda Estudios Canarias, will be released on June 25th on ATRESplayer PREMIUM<\/p>\n","protected":false},"author":7,"featured_media":3485,"comment_status":"closed","ping_status":"closed","sticky":false,"template":"","format":"standard","meta":{"_acf_changed":false,"footnotes":""},"categories":[18],"tags":[],"class_list":["post-3497","post","type-post","status-publish","format-standard","has-post-thumbnail","hentry","category-uncategorized"],"acf":[],"yoast_head":"<!-- This site is optimized with the Yoast SEO plugin v27.4 - https:\/\/yoast.com\/product\/yoast-seo-wordpress\/ -->\n<title>Created by Miguel del Arco, playwright, screenwriter and stage director, one of the most influential voices of the theatre scene in our country. - Buend\u00eda Estudios<\/title>\n<meta name=\"robots\" content=\"index, follow, max-snippet:-1, max-image-preview:large, max-video-preview:-1\" \/>\n<link rel=\"canonical\" href=\"https:\/\/buendiaestudios.com\/en\/2023\/06\/21\/la-unidad-kabul-creada-por-dani-de-la-torre-y-alberto-marini-y-producida-por-buendia-estudios-estrena-su-trailer-copy\/\" \/>\n<meta property=\"og:locale\" content=\"en_US\" \/>\n<meta property=\"og:type\" content=\"article\" \/>\n<meta property=\"og:title\" content=\"Created by Miguel del Arco, playwright, screenwriter and stage director, one of the most influential voices of the theatre scene in our country. - Buend\u00eda Estudios\" \/>\n<meta property=\"og:description\" content=\"\u2018Las Noches de Tef\u00eda\u2019, produced by Buend\u00eda Estudios Canarias, will be released on June 25th on ATRESplayer PREMIUM\" \/>\n<meta property=\"og:url\" content=\"https:\/\/buendiaestudios.com\/en\/2023\/06\/21\/la-unidad-kabul-creada-por-dani-de-la-torre-y-alberto-marini-y-producida-por-buendia-estudios-estrena-su-trailer-copy\/\" \/>\n<meta property=\"og:site_name\" content=\"Buend\u00eda Estudios\" \/>\n<meta property=\"article:publisher\" content=\"https:\/\/www.facebook.com\/buendiaestudios\" \/>\n<meta property=\"article:published_time\" content=\"2023-06-21T13:44:36+00:00\" \/>\n<meta property=\"article:modified_time\" content=\"2023-06-21T13:47:55+00:00\" \/>\n<meta property=\"og:image\" content=\"https:\/\/buendiaestudios.com\/media\/2023\/06\/POST_stories-principal-min-scaled.jpg\" \/>\n\t<meta property=\"og:image:width\" content=\"2048\" \/>\n\t<meta property=\"og:image:height\" content=\"2048\" \/>\n\t<meta property=\"og:image:type\" content=\"image\/jpeg\" \/>\n<meta name=\"author\" content=\"marta\" \/>\n<meta name=\"twitter:card\" content=\"summary_large_image\" \/>\n<meta name=\"twitter:creator\" content=\"@BuendiaEstudios\" \/>\n<meta name=\"twitter:site\" content=\"@BuendiaEstudios\" \/>\n<meta name=\"twitter:label1\" content=\"Written by\" \/>\n\t<meta name=\"twitter:data1\" content=\"marta\" \/>\n\t<meta name=\"twitter:label2\" content=\"Est. reading time\" \/>\n\t<meta name=\"twitter:data2\" content=\"3 minutes\" \/>\n<script type=\"application\/ld+json\" class=\"yoast-schema-graph\">{\"@context\":\"https:\\\/\\\/schema.org\",\"@graph\":[{\"@type\":\"Article\",\"@id\":\"https:\\\/\\\/buendiaestudios.com\\\/en\\\/2023\\\/06\\\/21\\\/la-unidad-kabul-creada-por-dani-de-la-torre-y-alberto-marini-y-producida-por-buendia-estudios-estrena-su-trailer-copy\\\/#article\",\"isPartOf\":{\"@id\":\"https:\\\/\\\/buendiaestudios.com\\\/en\\\/2023\\\/06\\\/21\\\/la-unidad-kabul-creada-por-dani-de-la-torre-y-alberto-marini-y-producida-por-buendia-estudios-estrena-su-trailer-copy\\\/\"},\"author\":{\"name\":\"marta\",\"@id\":\"https:\\\/\\\/buendiaestudios.com\\\/#\\\/schema\\\/person\\\/192bd02e2f753421ea259f0f385c594a\"},\"headline\":\"Created by Miguel del Arco, playwright, screenwriter and stage director, one of the most influential voices of the theatre scene in our country.\",\"datePublished\":\"2023-06-21T13:44:36+00:00\",\"dateModified\":\"2023-06-21T13:47:55+00:00\",\"mainEntityOfPage\":{\"@id\":\"https:\\\/\\\/buendiaestudios.com\\\/en\\\/2023\\\/06\\\/21\\\/la-unidad-kabul-creada-por-dani-de-la-torre-y-alberto-marini-y-producida-por-buendia-estudios-estrena-su-trailer-copy\\\/\"},\"wordCount\":656,\"publisher\":{\"@id\":\"https:\\\/\\\/buendiaestudios.com\\\/#organization\"},\"image\":{\"@id\":\"https:\\\/\\\/buendiaestudios.com\\\/en\\\/2023\\\/06\\\/21\\\/la-unidad-kabul-creada-por-dani-de-la-torre-y-alberto-marini-y-producida-por-buendia-estudios-estrena-su-trailer-copy\\\/#primaryimage\"},\"thumbnailUrl\":\"https:\\\/\\\/buendiaestudios.com\\\/wp-content\\\/uploads\\\/2023\\\/06\\\/POST_stories-principal-min-scaled.jpg\",\"inLanguage\":\"en-US\"},{\"@type\":\"WebPage\",\"@id\":\"https:\\\/\\\/buendiaestudios.com\\\/en\\\/2023\\\/06\\\/21\\\/la-unidad-kabul-creada-por-dani-de-la-torre-y-alberto-marini-y-producida-por-buendia-estudios-estrena-su-trailer-copy\\\/\",\"url\":\"https:\\\/\\\/buendiaestudios.com\\\/en\\\/2023\\\/06\\\/21\\\/la-unidad-kabul-creada-por-dani-de-la-torre-y-alberto-marini-y-producida-por-buendia-estudios-estrena-su-trailer-copy\\\/\",\"name\":\"Created by Miguel del Arco, playwright, screenwriter and stage director, one of the most influential voices of the theatre scene in our country. - Buend\u00eda Estudios\",\"isPartOf\":{\"@id\":\"https:\\\/\\\/buendiaestudios.com\\\/#website\"},\"primaryImageOfPage\":{\"@id\":\"https:\\\/\\\/buendiaestudios.com\\\/en\\\/2023\\\/06\\\/21\\\/la-unidad-kabul-creada-por-dani-de-la-torre-y-alberto-marini-y-producida-por-buendia-estudios-estrena-su-trailer-copy\\\/#primaryimage\"},\"image\":{\"@id\":\"https:\\\/\\\/buendiaestudios.com\\\/en\\\/2023\\\/06\\\/21\\\/la-unidad-kabul-creada-por-dani-de-la-torre-y-alberto-marini-y-producida-por-buendia-estudios-estrena-su-trailer-copy\\\/#primaryimage\"},\"thumbnailUrl\":\"https:\\\/\\\/buendiaestudios.com\\\/wp-content\\\/uploads\\\/2023\\\/06\\\/POST_stories-principal-min-scaled.jpg\",\"datePublished\":\"2023-06-21T13:44:36+00:00\",\"dateModified\":\"2023-06-21T13:47:55+00:00\",\"breadcrumb\":{\"@id\":\"https:\\\/\\\/buendiaestudios.com\\\/en\\\/2023\\\/06\\\/21\\\/la-unidad-kabul-creada-por-dani-de-la-torre-y-alberto-marini-y-producida-por-buendia-estudios-estrena-su-trailer-copy\\\/#breadcrumb\"},\"inLanguage\":\"en-US\",\"potentialAction\":[{\"@type\":\"ReadAction\",\"target\":[\"https:\\\/\\\/buendiaestudios.com\\\/en\\\/2023\\\/06\\\/21\\\/la-unidad-kabul-creada-por-dani-de-la-torre-y-alberto-marini-y-producida-por-buendia-estudios-estrena-su-trailer-copy\\\/\"]}]},{\"@type\":\"ImageObject\",\"inLanguage\":\"en-US\",\"@id\":\"https:\\\/\\\/buendiaestudios.com\\\/en\\\/2023\\\/06\\\/21\\\/la-unidad-kabul-creada-por-dani-de-la-torre-y-alberto-marini-y-producida-por-buendia-estudios-estrena-su-trailer-copy\\\/#primaryimage\",\"url\":\"https:\\\/\\\/buendiaestudios.com\\\/wp-content\\\/uploads\\\/2023\\\/06\\\/POST_stories-principal-min-scaled.jpg\",\"contentUrl\":\"https:\\\/\\\/buendiaestudios.com\\\/wp-content\\\/uploads\\\/2023\\\/06\\\/POST_stories-principal-min-scaled.jpg\",\"width\":2048,\"height\":2048},{\"@type\":\"BreadcrumbList\",\"@id\":\"https:\\\/\\\/buendiaestudios.com\\\/en\\\/2023\\\/06\\\/21\\\/la-unidad-kabul-creada-por-dani-de-la-torre-y-alberto-marini-y-producida-por-buendia-estudios-estrena-su-trailer-copy\\\/#breadcrumb\",\"itemListElement\":[{\"@type\":\"ListItem\",\"position\":1,\"name\":\"Portada\",\"item\":\"https:\\\/\\\/buendiaestudios.com\\\/en\\\/\"},{\"@type\":\"ListItem\",\"position\":2,\"name\":\"Created by Miguel del Arco, playwright, screenwriter and stage director, one of the most influential voices of the theatre scene in our country.\"}]},{\"@type\":\"WebSite\",\"@id\":\"https:\\\/\\\/buendiaestudios.com\\\/#website\",\"url\":\"https:\\\/\\\/buendiaestudios.com\\\/\",\"name\":\"Buend\u00eda Estudios\",\"description\":\"BUEND\u00cdA ESTUDIOS is an independent production company of audiovisual content created by ATRESMEDIA and TELEFONICA (through Movistar+), in a strategic alliance.\",\"publisher\":{\"@id\":\"https:\\\/\\\/buendiaestudios.com\\\/#organization\"},\"potentialAction\":[{\"@type\":\"SearchAction\",\"target\":{\"@type\":\"EntryPoint\",\"urlTemplate\":\"https:\\\/\\\/buendiaestudios.com\\\/?s={search_term_string}\"},\"query-input\":{\"@type\":\"PropertyValueSpecification\",\"valueRequired\":true,\"valueName\":\"search_term_string\"}}],\"inLanguage\":\"en-US\"},{\"@type\":\"Organization\",\"@id\":\"https:\\\/\\\/buendiaestudios.com\\\/#organization\",\"name\":\"Buend\u00eda Estudios\",\"url\":\"https:\\\/\\\/buendiaestudios.com\\\/\",\"logo\":{\"@type\":\"ImageObject\",\"inLanguage\":\"en-US\",\"@id\":\"https:\\\/\\\/buendiaestudios.com\\\/#\\\/schema\\\/logo\\\/image\\\/\",\"url\":\"https:\\\/\\\/buendiaestudios.com\\\/wp-content\\\/uploads\\\/2021\\\/02\\\/logo-buendia-estudios.jpg\",\"contentUrl\":\"https:\\\/\\\/buendiaestudios.com\\\/wp-content\\\/uploads\\\/2021\\\/02\\\/logo-buendia-estudios.jpg\",\"width\":988,\"height\":325,\"caption\":\"Buend\u00eda Estudios\"},\"image\":{\"@id\":\"https:\\\/\\\/buendiaestudios.com\\\/#\\\/schema\\\/logo\\\/image\\\/\"},\"sameAs\":[\"https:\\\/\\\/www.facebook.com\\\/buendiaestudios\",\"https:\\\/\\\/x.com\\\/BuendiaEstudios\",\"https:\\\/\\\/www.instagram.com\\\/buendiaestudios\\\/\",\"https:\\\/\\\/www.linkedin.com\\\/company\\\/buend\u00eda-estudios\\\/\"]},{\"@type\":\"Person\",\"@id\":\"https:\\\/\\\/buendiaestudios.com\\\/#\\\/schema\\\/person\\\/192bd02e2f753421ea259f0f385c594a\",\"name\":\"marta\",\"image\":{\"@type\":\"ImageObject\",\"inLanguage\":\"en-US\",\"@id\":\"https:\\\/\\\/secure.gravatar.com\\\/avatar\\\/fd1aad5206beed12165c47b25a60bc78225dd9bee5c531dbfed1e9cc445e712c?s=96&d=mm&r=g\",\"url\":\"https:\\\/\\\/secure.gravatar.com\\\/avatar\\\/fd1aad5206beed12165c47b25a60bc78225dd9bee5c531dbfed1e9cc445e712c?s=96&d=mm&r=g\",\"contentUrl\":\"https:\\\/\\\/secure.gravatar.com\\\/avatar\\\/fd1aad5206beed12165c47b25a60bc78225dd9bee5c531dbfed1e9cc445e712c?s=96&d=mm&r=g\",\"caption\":\"marta\"}}]}<\/script>\n<!-- \/ Yoast SEO plugin. -->","yoast_head_json":{"title":"Created by Miguel del Arco, playwright, screenwriter and stage director, one of the most influential voices of the theatre scene in our country. - Buend\u00eda Estudios","robots":{"index":"index","follow":"follow","max-snippet":"max-snippet:-1","max-image-preview":"max-image-preview:large","max-video-preview":"max-video-preview:-1"},"canonical":"https:\/\/buendiaestudios.com\/en\/2023\/06\/21\/la-unidad-kabul-creada-por-dani-de-la-torre-y-alberto-marini-y-producida-por-buendia-estudios-estrena-su-trailer-copy\/","og_locale":"en_US","og_type":"article","og_title":"Created by Miguel del Arco, playwright, screenwriter and stage director, one of the most influential voices of the theatre scene in our country. - Buend\u00eda Estudios","og_description":"\u2018Las Noches de Tef\u00eda\u2019, produced by Buend\u00eda Estudios Canarias, will be released on June 25th on ATRESplayer PREMIUM","og_url":"https:\/\/buendiaestudios.com\/en\/2023\/06\/21\/la-unidad-kabul-creada-por-dani-de-la-torre-y-alberto-marini-y-producida-por-buendia-estudios-estrena-su-trailer-copy\/","og_site_name":"Buend\u00eda Estudios","article_publisher":"https:\/\/www.facebook.com\/buendiaestudios","article_published_time":"2023-06-21T13:44:36+00:00","article_modified_time":"2023-06-21T13:47:55+00:00","og_image":[{"width":2048,"height":2048,"url":"https:\/\/buendiaestudios.com\/media\/2023\/06\/POST_stories-principal-min-scaled.jpg","type":"image\/jpeg"}],"author":"marta","twitter_card":"summary_large_image","twitter_creator":"@BuendiaEstudios","twitter_site":"@BuendiaEstudios","twitter_misc":{"Written by":"marta","Est. reading time":"3 minutes"},"schema":{"@context":"https:\/\/schema.org","@graph":[{"@type":"Article","@id":"https:\/\/buendiaestudios.com\/en\/2023\/06\/21\/la-unidad-kabul-creada-por-dani-de-la-torre-y-alberto-marini-y-producida-por-buendia-estudios-estrena-su-trailer-copy\/#article","isPartOf":{"@id":"https:\/\/buendiaestudios.com\/en\/2023\/06\/21\/la-unidad-kabul-creada-por-dani-de-la-torre-y-alberto-marini-y-producida-por-buendia-estudios-estrena-su-trailer-copy\/"},"author":{"name":"marta","@id":"https:\/\/buendiaestudios.com\/#\/schema\/person\/192bd02e2f753421ea259f0f385c594a"},"headline":"Created by Miguel del Arco, playwright, screenwriter and stage director, one of the most influential voices of the theatre scene in our country.","datePublished":"2023-06-21T13:44:36+00:00","dateModified":"2023-06-21T13:47:55+00:00","mainEntityOfPage":{"@id":"https:\/\/buendiaestudios.com\/en\/2023\/06\/21\/la-unidad-kabul-creada-por-dani-de-la-torre-y-alberto-marini-y-producida-por-buendia-estudios-estrena-su-trailer-copy\/"},"wordCount":656,"publisher":{"@id":"https:\/\/buendiaestudios.com\/#organization"},"image":{"@id":"https:\/\/buendiaestudios.com\/en\/2023\/06\/21\/la-unidad-kabul-creada-por-dani-de-la-torre-y-alberto-marini-y-producida-por-buendia-estudios-estrena-su-trailer-copy\/#primaryimage"},"thumbnailUrl":"https:\/\/buendiaestudios.com\/media\/2023\/06\/POST_stories-principal-min-scaled.jpg","inLanguage":"en-US"},{"@type":"WebPage","@id":"https:\/\/buendiaestudios.com\/en\/2023\/06\/21\/la-unidad-kabul-creada-por-dani-de-la-torre-y-alberto-marini-y-producida-por-buendia-estudios-estrena-su-trailer-copy\/","url":"https:\/\/buendiaestudios.com\/en\/2023\/06\/21\/la-unidad-kabul-creada-por-dani-de-la-torre-y-alberto-marini-y-producida-por-buendia-estudios-estrena-su-trailer-copy\/","name":"Created by Miguel del Arco, playwright, screenwriter and stage director, one of the most influential voices of the theatre scene in our country. - Buend\u00eda Estudios","isPartOf":{"@id":"https:\/\/buendiaestudios.com\/#website"},"primaryImageOfPage":{"@id":"https:\/\/buendiaestudios.com\/en\/2023\/06\/21\/la-unidad-kabul-creada-por-dani-de-la-torre-y-alberto-marini-y-producida-por-buendia-estudios-estrena-su-trailer-copy\/#primaryimage"},"image":{"@id":"https:\/\/buendiaestudios.com\/en\/2023\/06\/21\/la-unidad-kabul-creada-por-dani-de-la-torre-y-alberto-marini-y-producida-por-buendia-estudios-estrena-su-trailer-copy\/#primaryimage"},"thumbnailUrl":"https:\/\/buendiaestudios.com\/media\/2023\/06\/POST_stories-principal-min-scaled.jpg","datePublished":"2023-06-21T13:44:36+00:00","dateModified":"2023-06-21T13:47:55+00:00","breadcrumb":{"@id":"https:\/\/buendiaestudios.com\/en\/2023\/06\/21\/la-unidad-kabul-creada-por-dani-de-la-torre-y-alberto-marini-y-producida-por-buendia-estudios-estrena-su-trailer-copy\/#breadcrumb"},"inLanguage":"en-US","potentialAction":[{"@type":"ReadAction","target":["https:\/\/buendiaestudios.com\/en\/2023\/06\/21\/la-unidad-kabul-creada-por-dani-de-la-torre-y-alberto-marini-y-producida-por-buendia-estudios-estrena-su-trailer-copy\/"]}]},{"@type":"ImageObject","inLanguage":"en-US","@id":"https:\/\/buendiaestudios.com\/en\/2023\/06\/21\/la-unidad-kabul-creada-por-dani-de-la-torre-y-alberto-marini-y-producida-por-buendia-estudios-estrena-su-trailer-copy\/#primaryimage","url":"https:\/\/buendiaestudios.com\/media\/2023\/06\/POST_stories-principal-min-scaled.jpg","contentUrl":"https:\/\/buendiaestudios.com\/media\/2023\/06\/POST_stories-principal-min-scaled.jpg","width":2048,"height":2048},{"@type":"BreadcrumbList","@id":"https:\/\/buendiaestudios.com\/en\/2023\/06\/21\/la-unidad-kabul-creada-por-dani-de-la-torre-y-alberto-marini-y-producida-por-buendia-estudios-estrena-su-trailer-copy\/#breadcrumb","itemListElement":[{"@type":"ListItem","position":1,"name":"Portada","item":"https:\/\/buendiaestudios.com\/en\/"},{"@type":"ListItem","position":2,"name":"Created by Miguel del Arco, playwright, screenwriter and stage director, one of the most influential voices of the theatre scene in our country."}]},{"@type":"WebSite","@id":"https:\/\/buendiaestudios.com\/#website","url":"https:\/\/buendiaestudios.com\/","name":"Buend\u00eda Estudios","description":"BUEND\u00cdA ESTUDIOS is an independent production company of audiovisual content created by ATRESMEDIA and TELEFONICA (through Movistar+), in a strategic alliance.","publisher":{"@id":"https:\/\/buendiaestudios.com\/#organization"},"potentialAction":[{"@type":"SearchAction","target":{"@type":"EntryPoint","urlTemplate":"https:\/\/buendiaestudios.com\/?s={search_term_string}"},"query-input":{"@type":"PropertyValueSpecification","valueRequired":true,"valueName":"search_term_string"}}],"inLanguage":"en-US"},{"@type":"Organization","@id":"https:\/\/buendiaestudios.com\/#organization","name":"Buend\u00eda Estudios","url":"https:\/\/buendiaestudios.com\/","logo":{"@type":"ImageObject","inLanguage":"en-US","@id":"https:\/\/buendiaestudios.com\/#\/schema\/logo\/image\/","url":"https:\/\/buendiaestudios.com\/media\/2021\/02\/logo-buendia-estudios.jpg","contentUrl":"https:\/\/buendiaestudios.com\/media\/2021\/02\/logo-buendia-estudios.jpg","width":988,"height":325,"caption":"Buend\u00eda Estudios"},"image":{"@id":"https:\/\/buendiaestudios.com\/#\/schema\/logo\/image\/"},"sameAs":["https:\/\/www.facebook.com\/buendiaestudios","https:\/\/x.com\/BuendiaEstudios","https:\/\/www.instagram.com\/buendiaestudios\/","https:\/\/www.linkedin.com\/company\/buend\u00eda-estudios\/"]},{"@type":"Person","@id":"https:\/\/buendiaestudios.com\/#\/schema\/person\/192bd02e2f753421ea259f0f385c594a","name":"marta","image":{"@type":"ImageObject","inLanguage":"en-US","@id":"https:\/\/secure.gravatar.com\/avatar\/fd1aad5206beed12165c47b25a60bc78225dd9bee5c531dbfed1e9cc445e712c?s=96&d=mm&r=g","url":"https:\/\/secure.gravatar.com\/avatar\/fd1aad5206beed12165c47b25a60bc78225dd9bee5c531dbfed1e9cc445e712c?s=96&d=mm&r=g","contentUrl":"https:\/\/secure.gravatar.com\/avatar\/fd1aad5206beed12165c47b25a60bc78225dd9bee5c531dbfed1e9cc445e712c?s=96&d=mm&r=g","caption":"marta"}}]}},"_links":{"self":[{"href":"https:\/\/buendiaestudios.com\/en\/wp-json\/wp\/v2\/posts\/3497","targetHints":{"allow":["GET"]}}],"collection":[{"href":"https:\/\/buendiaestudios.com\/en\/wp-json\/wp\/v2\/posts"}],"about":[{"href":"https:\/\/buendiaestudios.com\/en\/wp-json\/wp\/v2\/types\/post"}],"author":[{"embeddable":true,"href":"https:\/\/buendiaestudios.com\/en\/wp-json\/wp\/v2\/users\/7"}],"replies":[{"embeddable":true,"href":"https:\/\/buendiaestudios.com\/en\/wp-json\/wp\/v2\/comments?post=3497"}],"version-history":[{"count":1,"href":"https:\/\/buendiaestudios.com\/en\/wp-json\/wp\/v2\/posts\/3497\/revisions"}],"predecessor-version":[{"id":3499,"href":"https:\/\/buendiaestudios.com\/en\/wp-json\/wp\/v2\/posts\/3497\/revisions\/3499"}],"wp:featuredmedia":[{"embeddable":true,"href":"https:\/\/buendiaestudios.com\/en\/wp-json\/wp\/v2\/media\/3485"}],"wp:attachment":[{"href":"https:\/\/buendiaestudios.com\/en\/wp-json\/wp\/v2\/media?parent=3497"}],"wp:term":[{"taxonomy":"category","embeddable":true,"href":"https:\/\/buendiaestudios.com\/en\/wp-json\/wp\/v2\/categories?post=3497"},{"taxonomy":"post_tag","embeddable":true,"href":"https:\/\/buendiaestudios.com\/en\/wp-json\/wp\/v2\/tags?post=3497"}],"curies":[{"name":"wp","href":"https:\/\/api.w.org\/{rel}","templated":true}]}}