{"id":3232,"date":"2023-02-27T13:00:00","date_gmt":"2023-02-27T13:00:00","guid":{"rendered":"https:\/\/buendiaestudios.com\/2023\/02\/27\/las-noches-de-tefia-producida-por-buendia-estudios-canarias-estrenara-sus-dos-primeros-capitulos-en-el-festival-de-malaga\/"},"modified":"2023-03-09T13:08:14","modified_gmt":"2023-03-09T13:08:14","slug":"las-noches-de-tefia-producida-por-buendia-estudios-canarias-estrenara-sus-dos-primeros-capitulos-en-el-festival-de-malaga","status":"publish","type":"post","link":"https:\/\/buendiaestudios.com\/en\/2023\/02\/27\/las-noches-de-tefia-producida-por-buendia-estudios-canarias-estrenara-sus-dos-primeros-capitulos-en-el-festival-de-malaga\/","title":{"rendered":"\u2018Las Noches de Tef\u00eda\u2019, produced by Buend\u00eda Estudios Canarias, will release the first two episodes in the M\u00e1laga Film Festival"},"content":{"rendered":"\n<p><strong>\u2018Las noches de Tef\u00eda\u2019, is&nbsp;<\/strong><strong>the new original series by ATRESplayer PREMIUM, created by Miguel del Arco<\/strong>, playwright, screenwriter, stage director, actor and one of the most inclusive voices of the theatre scene in our country.<strong>&nbsp;The series has been shot in natural outdoor locations in Tenerife and Madrid.<\/strong><\/p>\n\n\n\n<p><strong>The large cast of the series <\/strong>is formed by Marcos Ruiz (Airam\/La Bambi), Patrick Criado (La Vespa), Miquel Fern\u00e1ndez (Charli), Roberto \u00c1lamo (La Viga), Jorge Perugorr\u00eda (Airam), Ra\u00fal Prieto (Boncho), Israel Errejalde (Don Anselmo), Javier Ruesga (La Sissi), Luifer Rodr\u00edguez (La Pinito), Carolina Yuste (Nisa), Jorge Us\u00f3n (Conde F\u00e9nix), Jos\u00e9 Lu\u00eds de Madariaga (La Vespa), Jos\u00e9 Luis Garc\u00eda-P\u00e9rez (El Andaluz), Ana Wagener (Agueda), Celeste Gonz\u00e1lez (La Sissi), Jorge Yumar (Perico), Mingo \u00c1vila (La Rata), Ciro Mir\u00f3 (Carlavilla), Maykol Hern\u00e1ndez (Miguel), Isaac dos Santos (Caranabo) and Elisa Cano (Nisa), among others.<\/p>\n\n\n\n<figure class=\"wp-block-embed is-type-video is-provider-youtube wp-block-embed-youtube wp-embed-aspect-16-9 wp-has-aspect-ratio\"><div class=\"wp-block-embed__wrapper\">\nhttps:\/\/www.youtube.com\/watch?v=UxvcKxOxoqk\n<\/div><\/figure>\n\n\n\n<p><strong>\u2018Las noches de Tef\u00eda\u2019 is a production by Buend\u00eda Estudios Canarias with the participation of Atresmedia Televisi\u00f3n.<\/strong>\u00a0The fiction, that will be seen exclusively in ATRESplayer PREMIUM, includes Montse Garc\u00eda and Sonia Mart\u00ednez as executive producers and Luc\u00eda Alonso-Allende as executive coproducer. Miguel del Arco and Antonio Rojano are the scriptwriters and Miguel del Arco himself together with R\u00f3mulo Aguillaume are the directors.<\/p>\n\n\n\n<p><strong><mark style=\"background-color:rgba(0, 0, 0, 0)\" class=\"has-inline-color has-luminous-vivid-orange-color\">About \u2018Las noches de Tef\u00eda\u2019<\/mark><\/strong><\/p>\n\n\n\n<p>From 1954 to 1966 there was in a desert area of Fuerteventura a Francoist concentration camp known with the euphemistic name of Colonia Agr\u00edcola Penitenciaria de Tef\u00eda (Tef\u00eda Penitentiary Agrarian Colony), one of those places where the government used to send those condemned by the Law of Vagrants and Crooks, implemented in 1954 to include homosexuals as well.<\/p>\n\n\n\n<p>In 2004 Airam Betancor, one of those homosexual prisoners, is compelled to remember the seventeen months of forced labour that he suffered in the colony when he was barely twenty years old. The investigations of a documentary filmmaker who tries to give voice to the silent history of the penitentiary colony push Airam to do a painful memory exercise that will cause many problems in his life. The numb memory of the awful life in the colony mixes with the stories that one of his barracks comrades improvised at night to relieve their miseries. Charli, the fantastic storyteller, invented for all of them El Tindaya, a dazzling music hall where all of them had their alter ego. A space of freedom in which, as its welcome theme says, the limit of the possible bursts when imagining.<\/p>\n","protected":false},"excerpt":{"rendered":"<p>Created by Miguel del Arco, playwright, screenwriter and stage director, one of the most influential voices of the theatre scene in our country.<\/p>\n","protected":false},"author":7,"featured_media":3221,"comment_status":"closed","ping_status":"closed","sticky":false,"template":"","format":"standard","meta":{"_acf_changed":false,"footnotes":""},"categories":[1],"tags":[],"class_list":["post-3232","post","type-post","status-publish","format-standard","has-post-thumbnail","hentry","category-sin-categorizar"],"acf":[],"yoast_head":"<!-- This site is optimized with the Yoast SEO plugin v27.4 - https:\/\/yoast.com\/product\/yoast-seo-wordpress\/ -->\n<title>\u2018Las Noches de Tef\u00eda\u2019, produced by Buend\u00eda Estudios Canarias, will release the first two episodes in the M\u00e1laga Film Festival - Buend\u00eda Estudios<\/title>\n<meta name=\"robots\" content=\"index, follow, max-snippet:-1, max-image-preview:large, max-video-preview:-1\" \/>\n<link rel=\"canonical\" href=\"https:\/\/buendiaestudios.com\/en\/2023\/02\/27\/las-noches-de-tefia-producida-por-buendia-estudios-canarias-estrenara-sus-dos-primeros-capitulos-en-el-festival-de-malaga\/\" \/>\n<meta property=\"og:locale\" content=\"en_US\" \/>\n<meta property=\"og:type\" content=\"article\" \/>\n<meta property=\"og:title\" content=\"\u2018Las Noches de Tef\u00eda\u2019, produced by Buend\u00eda Estudios Canarias, will release the first two episodes in the M\u00e1laga Film Festival - Buend\u00eda Estudios\" \/>\n<meta property=\"og:description\" content=\"Created by Miguel del Arco, playwright, screenwriter and stage director, one of the most influential voices of the theatre scene in our country.\" \/>\n<meta property=\"og:url\" content=\"https:\/\/buendiaestudios.com\/en\/2023\/02\/27\/las-noches-de-tefia-producida-por-buendia-estudios-canarias-estrenara-sus-dos-primeros-capitulos-en-el-festival-de-malaga\/\" \/>\n<meta property=\"og:site_name\" content=\"Buend\u00eda Estudios\" \/>\n<meta property=\"article:publisher\" content=\"https:\/\/www.facebook.com\/buendiaestudios\" \/>\n<meta property=\"article:published_time\" content=\"2023-02-27T13:00:00+00:00\" \/>\n<meta property=\"article:modified_time\" content=\"2023-03-09T13:08:14+00:00\" \/>\n<meta property=\"og:image\" content=\"https:\/\/buendiaestudios.com\/media\/2023\/02\/atresplayer_333201354_915851736516980_2374664618094687743_n.jpg\" \/>\n\t<meta property=\"og:image:width\" content=\"1080\" \/>\n\t<meta property=\"og:image:height\" content=\"1080\" \/>\n\t<meta property=\"og:image:type\" content=\"image\/jpeg\" \/>\n<meta name=\"author\" content=\"marta\" \/>\n<meta name=\"twitter:card\" content=\"summary_large_image\" \/>\n<meta name=\"twitter:creator\" content=\"@BuendiaEstudios\" \/>\n<meta name=\"twitter:site\" content=\"@BuendiaEstudios\" \/>\n<meta name=\"twitter:label1\" content=\"Written by\" \/>\n\t<meta name=\"twitter:data1\" content=\"marta\" \/>\n\t<meta name=\"twitter:label2\" content=\"Est. reading time\" \/>\n\t<meta name=\"twitter:data2\" content=\"2 minutes\" \/>\n<script type=\"application\/ld+json\" class=\"yoast-schema-graph\">{\"@context\":\"https:\\\/\\\/schema.org\",\"@graph\":[{\"@type\":\"Article\",\"@id\":\"https:\\\/\\\/buendiaestudios.com\\\/en\\\/2023\\\/02\\\/27\\\/las-noches-de-tefia-producida-por-buendia-estudios-canarias-estrenara-sus-dos-primeros-capitulos-en-el-festival-de-malaga\\\/#article\",\"isPartOf\":{\"@id\":\"https:\\\/\\\/buendiaestudios.com\\\/en\\\/2023\\\/02\\\/27\\\/las-noches-de-tefia-producida-por-buendia-estudios-canarias-estrenara-sus-dos-primeros-capitulos-en-el-festival-de-malaga\\\/\"},\"author\":{\"name\":\"marta\",\"@id\":\"https:\\\/\\\/buendiaestudios.com\\\/#\\\/schema\\\/person\\\/192bd02e2f753421ea259f0f385c594a\"},\"headline\":\"\u2018Las Noches de Tef\u00eda\u2019, produced by Buend\u00eda Estudios Canarias, will release the first two episodes in the M\u00e1laga Film Festival\",\"datePublished\":\"2023-02-27T13:00:00+00:00\",\"dateModified\":\"2023-03-09T13:08:14+00:00\",\"mainEntityOfPage\":{\"@id\":\"https:\\\/\\\/buendiaestudios.com\\\/en\\\/2023\\\/02\\\/27\\\/las-noches-de-tefia-producida-por-buendia-estudios-canarias-estrenara-sus-dos-primeros-capitulos-en-el-festival-de-malaga\\\/\"},\"wordCount\":453,\"publisher\":{\"@id\":\"https:\\\/\\\/buendiaestudios.com\\\/#organization\"},\"image\":{\"@id\":\"https:\\\/\\\/buendiaestudios.com\\\/en\\\/2023\\\/02\\\/27\\\/las-noches-de-tefia-producida-por-buendia-estudios-canarias-estrenara-sus-dos-primeros-capitulos-en-el-festival-de-malaga\\\/#primaryimage\"},\"thumbnailUrl\":\"https:\\\/\\\/buendiaestudios.com\\\/wp-content\\\/uploads\\\/2023\\\/02\\\/atresplayer_333201354_915851736516980_2374664618094687743_n.jpg\",\"articleSection\":[\"Sin categorizar\"],\"inLanguage\":\"en-US\"},{\"@type\":\"WebPage\",\"@id\":\"https:\\\/\\\/buendiaestudios.com\\\/en\\\/2023\\\/02\\\/27\\\/las-noches-de-tefia-producida-por-buendia-estudios-canarias-estrenara-sus-dos-primeros-capitulos-en-el-festival-de-malaga\\\/\",\"url\":\"https:\\\/\\\/buendiaestudios.com\\\/en\\\/2023\\\/02\\\/27\\\/las-noches-de-tefia-producida-por-buendia-estudios-canarias-estrenara-sus-dos-primeros-capitulos-en-el-festival-de-malaga\\\/\",\"name\":\"\u2018Las Noches de Tef\u00eda\u2019, produced by Buend\u00eda Estudios Canarias, will release the first two episodes in the M\u00e1laga Film Festival - Buend\u00eda Estudios\",\"isPartOf\":{\"@id\":\"https:\\\/\\\/buendiaestudios.com\\\/#website\"},\"primaryImageOfPage\":{\"@id\":\"https:\\\/\\\/buendiaestudios.com\\\/en\\\/2023\\\/02\\\/27\\\/las-noches-de-tefia-producida-por-buendia-estudios-canarias-estrenara-sus-dos-primeros-capitulos-en-el-festival-de-malaga\\\/#primaryimage\"},\"image\":{\"@id\":\"https:\\\/\\\/buendiaestudios.com\\\/en\\\/2023\\\/02\\\/27\\\/las-noches-de-tefia-producida-por-buendia-estudios-canarias-estrenara-sus-dos-primeros-capitulos-en-el-festival-de-malaga\\\/#primaryimage\"},\"thumbnailUrl\":\"https:\\\/\\\/buendiaestudios.com\\\/wp-content\\\/uploads\\\/2023\\\/02\\\/atresplayer_333201354_915851736516980_2374664618094687743_n.jpg\",\"datePublished\":\"2023-02-27T13:00:00+00:00\",\"dateModified\":\"2023-03-09T13:08:14+00:00\",\"breadcrumb\":{\"@id\":\"https:\\\/\\\/buendiaestudios.com\\\/en\\\/2023\\\/02\\\/27\\\/las-noches-de-tefia-producida-por-buendia-estudios-canarias-estrenara-sus-dos-primeros-capitulos-en-el-festival-de-malaga\\\/#breadcrumb\"},\"inLanguage\":\"en-US\",\"potentialAction\":[{\"@type\":\"ReadAction\",\"target\":[\"https:\\\/\\\/buendiaestudios.com\\\/en\\\/2023\\\/02\\\/27\\\/las-noches-de-tefia-producida-por-buendia-estudios-canarias-estrenara-sus-dos-primeros-capitulos-en-el-festival-de-malaga\\\/\"]}]},{\"@type\":\"ImageObject\",\"inLanguage\":\"en-US\",\"@id\":\"https:\\\/\\\/buendiaestudios.com\\\/en\\\/2023\\\/02\\\/27\\\/las-noches-de-tefia-producida-por-buendia-estudios-canarias-estrenara-sus-dos-primeros-capitulos-en-el-festival-de-malaga\\\/#primaryimage\",\"url\":\"https:\\\/\\\/buendiaestudios.com\\\/wp-content\\\/uploads\\\/2023\\\/02\\\/atresplayer_333201354_915851736516980_2374664618094687743_n.jpg\",\"contentUrl\":\"https:\\\/\\\/buendiaestudios.com\\\/wp-content\\\/uploads\\\/2023\\\/02\\\/atresplayer_333201354_915851736516980_2374664618094687743_n.jpg\",\"width\":1080,\"height\":1080,\"caption\":\"Las noches de Tef\u00eda\"},{\"@type\":\"BreadcrumbList\",\"@id\":\"https:\\\/\\\/buendiaestudios.com\\\/en\\\/2023\\\/02\\\/27\\\/las-noches-de-tefia-producida-por-buendia-estudios-canarias-estrenara-sus-dos-primeros-capitulos-en-el-festival-de-malaga\\\/#breadcrumb\",\"itemListElement\":[{\"@type\":\"ListItem\",\"position\":1,\"name\":\"Portada\",\"item\":\"https:\\\/\\\/buendiaestudios.com\\\/en\\\/\"},{\"@type\":\"ListItem\",\"position\":2,\"name\":\"\u2018Las Noches de Tef\u00eda\u2019, produced by Buend\u00eda Estudios Canarias, will release the first two episodes in the M\u00e1laga Film Festival\"}]},{\"@type\":\"WebSite\",\"@id\":\"https:\\\/\\\/buendiaestudios.com\\\/#website\",\"url\":\"https:\\\/\\\/buendiaestudios.com\\\/\",\"name\":\"Buend\u00eda Estudios\",\"description\":\"BUEND\u00cdA ESTUDIOS is an independent production company of audiovisual content created by ATRESMEDIA and TELEFONICA (through Movistar+), in a strategic alliance.\",\"publisher\":{\"@id\":\"https:\\\/\\\/buendiaestudios.com\\\/#organization\"},\"potentialAction\":[{\"@type\":\"SearchAction\",\"target\":{\"@type\":\"EntryPoint\",\"urlTemplate\":\"https:\\\/\\\/buendiaestudios.com\\\/?s={search_term_string}\"},\"query-input\":{\"@type\":\"PropertyValueSpecification\",\"valueRequired\":true,\"valueName\":\"search_term_string\"}}],\"inLanguage\":\"en-US\"},{\"@type\":\"Organization\",\"@id\":\"https:\\\/\\\/buendiaestudios.com\\\/#organization\",\"name\":\"Buend\u00eda Estudios\",\"url\":\"https:\\\/\\\/buendiaestudios.com\\\/\",\"logo\":{\"@type\":\"ImageObject\",\"inLanguage\":\"en-US\",\"@id\":\"https:\\\/\\\/buendiaestudios.com\\\/#\\\/schema\\\/logo\\\/image\\\/\",\"url\":\"https:\\\/\\\/buendiaestudios.com\\\/wp-content\\\/uploads\\\/2021\\\/02\\\/logo-buendia-estudios.jpg\",\"contentUrl\":\"https:\\\/\\\/buendiaestudios.com\\\/wp-content\\\/uploads\\\/2021\\\/02\\\/logo-buendia-estudios.jpg\",\"width\":988,\"height\":325,\"caption\":\"Buend\u00eda Estudios\"},\"image\":{\"@id\":\"https:\\\/\\\/buendiaestudios.com\\\/#\\\/schema\\\/logo\\\/image\\\/\"},\"sameAs\":[\"https:\\\/\\\/www.facebook.com\\\/buendiaestudios\",\"https:\\\/\\\/x.com\\\/BuendiaEstudios\",\"https:\\\/\\\/www.instagram.com\\\/buendiaestudios\\\/\",\"https:\\\/\\\/www.linkedin.com\\\/company\\\/buend\u00eda-estudios\\\/\"]},{\"@type\":\"Person\",\"@id\":\"https:\\\/\\\/buendiaestudios.com\\\/#\\\/schema\\\/person\\\/192bd02e2f753421ea259f0f385c594a\",\"name\":\"marta\",\"image\":{\"@type\":\"ImageObject\",\"inLanguage\":\"en-US\",\"@id\":\"https:\\\/\\\/secure.gravatar.com\\\/avatar\\\/fd1aad5206beed12165c47b25a60bc78225dd9bee5c531dbfed1e9cc445e712c?s=96&d=mm&r=g\",\"url\":\"https:\\\/\\\/secure.gravatar.com\\\/avatar\\\/fd1aad5206beed12165c47b25a60bc78225dd9bee5c531dbfed1e9cc445e712c?s=96&d=mm&r=g\",\"contentUrl\":\"https:\\\/\\\/secure.gravatar.com\\\/avatar\\\/fd1aad5206beed12165c47b25a60bc78225dd9bee5c531dbfed1e9cc445e712c?s=96&d=mm&r=g\",\"caption\":\"marta\"}}]}<\/script>\n<!-- \/ Yoast SEO plugin. -->","yoast_head_json":{"title":"\u2018Las Noches de Tef\u00eda\u2019, produced by Buend\u00eda Estudios Canarias, will release the first two episodes in the M\u00e1laga Film Festival - Buend\u00eda Estudios","robots":{"index":"index","follow":"follow","max-snippet":"max-snippet:-1","max-image-preview":"max-image-preview:large","max-video-preview":"max-video-preview:-1"},"canonical":"https:\/\/buendiaestudios.com\/en\/2023\/02\/27\/las-noches-de-tefia-producida-por-buendia-estudios-canarias-estrenara-sus-dos-primeros-capitulos-en-el-festival-de-malaga\/","og_locale":"en_US","og_type":"article","og_title":"\u2018Las Noches de Tef\u00eda\u2019, produced by Buend\u00eda Estudios Canarias, will release the first two episodes in the M\u00e1laga Film Festival - Buend\u00eda Estudios","og_description":"Created by Miguel del Arco, playwright, screenwriter and stage director, one of the most influential voices of the theatre scene in our country.","og_url":"https:\/\/buendiaestudios.com\/en\/2023\/02\/27\/las-noches-de-tefia-producida-por-buendia-estudios-canarias-estrenara-sus-dos-primeros-capitulos-en-el-festival-de-malaga\/","og_site_name":"Buend\u00eda Estudios","article_publisher":"https:\/\/www.facebook.com\/buendiaestudios","article_published_time":"2023-02-27T13:00:00+00:00","article_modified_time":"2023-03-09T13:08:14+00:00","og_image":[{"width":1080,"height":1080,"url":"https:\/\/buendiaestudios.com\/media\/2023\/02\/atresplayer_333201354_915851736516980_2374664618094687743_n.jpg","type":"image\/jpeg"}],"author":"marta","twitter_card":"summary_large_image","twitter_creator":"@BuendiaEstudios","twitter_site":"@BuendiaEstudios","twitter_misc":{"Written by":"marta","Est. reading time":"2 minutes"},"schema":{"@context":"https:\/\/schema.org","@graph":[{"@type":"Article","@id":"https:\/\/buendiaestudios.com\/en\/2023\/02\/27\/las-noches-de-tefia-producida-por-buendia-estudios-canarias-estrenara-sus-dos-primeros-capitulos-en-el-festival-de-malaga\/#article","isPartOf":{"@id":"https:\/\/buendiaestudios.com\/en\/2023\/02\/27\/las-noches-de-tefia-producida-por-buendia-estudios-canarias-estrenara-sus-dos-primeros-capitulos-en-el-festival-de-malaga\/"},"author":{"name":"marta","@id":"https:\/\/buendiaestudios.com\/#\/schema\/person\/192bd02e2f753421ea259f0f385c594a"},"headline":"\u2018Las Noches de Tef\u00eda\u2019, produced by Buend\u00eda Estudios Canarias, will release the first two episodes in the M\u00e1laga Film Festival","datePublished":"2023-02-27T13:00:00+00:00","dateModified":"2023-03-09T13:08:14+00:00","mainEntityOfPage":{"@id":"https:\/\/buendiaestudios.com\/en\/2023\/02\/27\/las-noches-de-tefia-producida-por-buendia-estudios-canarias-estrenara-sus-dos-primeros-capitulos-en-el-festival-de-malaga\/"},"wordCount":453,"publisher":{"@id":"https:\/\/buendiaestudios.com\/#organization"},"image":{"@id":"https:\/\/buendiaestudios.com\/en\/2023\/02\/27\/las-noches-de-tefia-producida-por-buendia-estudios-canarias-estrenara-sus-dos-primeros-capitulos-en-el-festival-de-malaga\/#primaryimage"},"thumbnailUrl":"https:\/\/buendiaestudios.com\/media\/2023\/02\/atresplayer_333201354_915851736516980_2374664618094687743_n.jpg","articleSection":["Sin categorizar"],"inLanguage":"en-US"},{"@type":"WebPage","@id":"https:\/\/buendiaestudios.com\/en\/2023\/02\/27\/las-noches-de-tefia-producida-por-buendia-estudios-canarias-estrenara-sus-dos-primeros-capitulos-en-el-festival-de-malaga\/","url":"https:\/\/buendiaestudios.com\/en\/2023\/02\/27\/las-noches-de-tefia-producida-por-buendia-estudios-canarias-estrenara-sus-dos-primeros-capitulos-en-el-festival-de-malaga\/","name":"\u2018Las Noches de Tef\u00eda\u2019, produced by Buend\u00eda Estudios Canarias, will release the first two episodes in the M\u00e1laga Film Festival - Buend\u00eda Estudios","isPartOf":{"@id":"https:\/\/buendiaestudios.com\/#website"},"primaryImageOfPage":{"@id":"https:\/\/buendiaestudios.com\/en\/2023\/02\/27\/las-noches-de-tefia-producida-por-buendia-estudios-canarias-estrenara-sus-dos-primeros-capitulos-en-el-festival-de-malaga\/#primaryimage"},"image":{"@id":"https:\/\/buendiaestudios.com\/en\/2023\/02\/27\/las-noches-de-tefia-producida-por-buendia-estudios-canarias-estrenara-sus-dos-primeros-capitulos-en-el-festival-de-malaga\/#primaryimage"},"thumbnailUrl":"https:\/\/buendiaestudios.com\/media\/2023\/02\/atresplayer_333201354_915851736516980_2374664618094687743_n.jpg","datePublished":"2023-02-27T13:00:00+00:00","dateModified":"2023-03-09T13:08:14+00:00","breadcrumb":{"@id":"https:\/\/buendiaestudios.com\/en\/2023\/02\/27\/las-noches-de-tefia-producida-por-buendia-estudios-canarias-estrenara-sus-dos-primeros-capitulos-en-el-festival-de-malaga\/#breadcrumb"},"inLanguage":"en-US","potentialAction":[{"@type":"ReadAction","target":["https:\/\/buendiaestudios.com\/en\/2023\/02\/27\/las-noches-de-tefia-producida-por-buendia-estudios-canarias-estrenara-sus-dos-primeros-capitulos-en-el-festival-de-malaga\/"]}]},{"@type":"ImageObject","inLanguage":"en-US","@id":"https:\/\/buendiaestudios.com\/en\/2023\/02\/27\/las-noches-de-tefia-producida-por-buendia-estudios-canarias-estrenara-sus-dos-primeros-capitulos-en-el-festival-de-malaga\/#primaryimage","url":"https:\/\/buendiaestudios.com\/media\/2023\/02\/atresplayer_333201354_915851736516980_2374664618094687743_n.jpg","contentUrl":"https:\/\/buendiaestudios.com\/media\/2023\/02\/atresplayer_333201354_915851736516980_2374664618094687743_n.jpg","width":1080,"height":1080,"caption":"Las noches de Tef\u00eda"},{"@type":"BreadcrumbList","@id":"https:\/\/buendiaestudios.com\/en\/2023\/02\/27\/las-noches-de-tefia-producida-por-buendia-estudios-canarias-estrenara-sus-dos-primeros-capitulos-en-el-festival-de-malaga\/#breadcrumb","itemListElement":[{"@type":"ListItem","position":1,"name":"Portada","item":"https:\/\/buendiaestudios.com\/en\/"},{"@type":"ListItem","position":2,"name":"\u2018Las Noches de Tef\u00eda\u2019, produced by Buend\u00eda Estudios Canarias, will release the first two episodes in the M\u00e1laga Film Festival"}]},{"@type":"WebSite","@id":"https:\/\/buendiaestudios.com\/#website","url":"https:\/\/buendiaestudios.com\/","name":"Buend\u00eda Estudios","description":"BUEND\u00cdA ESTUDIOS is an independent production company of audiovisual content created by ATRESMEDIA and TELEFONICA (through Movistar+), in a strategic alliance.","publisher":{"@id":"https:\/\/buendiaestudios.com\/#organization"},"potentialAction":[{"@type":"SearchAction","target":{"@type":"EntryPoint","urlTemplate":"https:\/\/buendiaestudios.com\/?s={search_term_string}"},"query-input":{"@type":"PropertyValueSpecification","valueRequired":true,"valueName":"search_term_string"}}],"inLanguage":"en-US"},{"@type":"Organization","@id":"https:\/\/buendiaestudios.com\/#organization","name":"Buend\u00eda Estudios","url":"https:\/\/buendiaestudios.com\/","logo":{"@type":"ImageObject","inLanguage":"en-US","@id":"https:\/\/buendiaestudios.com\/#\/schema\/logo\/image\/","url":"https:\/\/buendiaestudios.com\/media\/2021\/02\/logo-buendia-estudios.jpg","contentUrl":"https:\/\/buendiaestudios.com\/media\/2021\/02\/logo-buendia-estudios.jpg","width":988,"height":325,"caption":"Buend\u00eda Estudios"},"image":{"@id":"https:\/\/buendiaestudios.com\/#\/schema\/logo\/image\/"},"sameAs":["https:\/\/www.facebook.com\/buendiaestudios","https:\/\/x.com\/BuendiaEstudios","https:\/\/www.instagram.com\/buendiaestudios\/","https:\/\/www.linkedin.com\/company\/buend\u00eda-estudios\/"]},{"@type":"Person","@id":"https:\/\/buendiaestudios.com\/#\/schema\/person\/192bd02e2f753421ea259f0f385c594a","name":"marta","image":{"@type":"ImageObject","inLanguage":"en-US","@id":"https:\/\/secure.gravatar.com\/avatar\/fd1aad5206beed12165c47b25a60bc78225dd9bee5c531dbfed1e9cc445e712c?s=96&d=mm&r=g","url":"https:\/\/secure.gravatar.com\/avatar\/fd1aad5206beed12165c47b25a60bc78225dd9bee5c531dbfed1e9cc445e712c?s=96&d=mm&r=g","contentUrl":"https:\/\/secure.gravatar.com\/avatar\/fd1aad5206beed12165c47b25a60bc78225dd9bee5c531dbfed1e9cc445e712c?s=96&d=mm&r=g","caption":"marta"}}]}},"_links":{"self":[{"href":"https:\/\/buendiaestudios.com\/en\/wp-json\/wp\/v2\/posts\/3232","targetHints":{"allow":["GET"]}}],"collection":[{"href":"https:\/\/buendiaestudios.com\/en\/wp-json\/wp\/v2\/posts"}],"about":[{"href":"https:\/\/buendiaestudios.com\/en\/wp-json\/wp\/v2\/types\/post"}],"author":[{"embeddable":true,"href":"https:\/\/buendiaestudios.com\/en\/wp-json\/wp\/v2\/users\/7"}],"replies":[{"embeddable":true,"href":"https:\/\/buendiaestudios.com\/en\/wp-json\/wp\/v2\/comments?post=3232"}],"version-history":[{"count":1,"href":"https:\/\/buendiaestudios.com\/en\/wp-json\/wp\/v2\/posts\/3232\/revisions"}],"predecessor-version":[{"id":3238,"href":"https:\/\/buendiaestudios.com\/en\/wp-json\/wp\/v2\/posts\/3232\/revisions\/3238"}],"wp:featuredmedia":[{"embeddable":true,"href":"https:\/\/buendiaestudios.com\/en\/wp-json\/wp\/v2\/media\/3221"}],"wp:attachment":[{"href":"https:\/\/buendiaestudios.com\/en\/wp-json\/wp\/v2\/media?parent=3232"}],"wp:term":[{"taxonomy":"category","embeddable":true,"href":"https:\/\/buendiaestudios.com\/en\/wp-json\/wp\/v2\/categories?post=3232"},{"taxonomy":"post_tag","embeddable":true,"href":"https:\/\/buendiaestudios.com\/en\/wp-json\/wp\/v2\/tags?post=3232"}],"curies":[{"name":"wp","href":"https:\/\/api.w.org\/{rel}","templated":true}]}}