{"id":2978,"date":"2022-11-14T11:24:06","date_gmt":"2022-11-14T11:24:06","guid":{"rendered":"https:\/\/buendiaestudios.com\/2022\/11\/14\/la-pasion-turca-producida-por-buendia-estudios-completa-su-reparto-y-comienza-su-rodaje\/"},"modified":"2022-11-24T11:00:18","modified_gmt":"2022-11-24T11:00:18","slug":"la-pasion-turca-producida-por-buendia-estudios-completa-su-reparto-y-comienza-su-rodaje","status":"publish","type":"post","link":"https:\/\/buendiaestudios.com\/en\/2022\/11\/14\/la-pasion-turca-producida-por-buendia-estudios-completa-su-reparto-y-comienza-su-rodaje\/","title":{"rendered":"\u2018La pasi\u00f3n turca\u2019, a production by Buend\u00eda Estudios, starts shooting and this is the cast"},"content":{"rendered":"\n<p><strong>&#8216;La pasi\u00f3n turca&#8217;<\/strong>, a new original series by Atresmedia TV for prime time on <strong>Antena 3<\/strong>, and which will also be available on <strong>ATRESplayer PREMIUM<\/strong>, has just started its recordings that will be extended over the next few weeks in various locations in Turkey to later travel and conclude its filming in Madrid.<\/p>\n\n\n\n<p><strong>Maggie Civantos<\/strong> and the Turkish actor <strong>Ilker Kaleli<\/strong> will play the leading couple of <strong>&#8216;La pasi\u00f3n turca&#8217;<\/strong>, who completes his cast with Spanish and Turkish names, among them, <strong>Ainhoa \u200b\u200bSantamar\u00eda, Yasemin Sannino, Fernando Andina, Laura Pamplona, \u200b\u200bArlette Torres, Burak Hakki<\/strong> and <strong>Mariona Ter\u00e9s.<\/strong><\/p>\n\n\n\n<p><strong>\u2018La pasi\u00f3n turca\u2019 is a series on Atresmedia TV <\/strong>in collaboration with<strong> Buend\u00eda Estudios. Montse Garc\u00eda, Sonia Mart\u00ednez <\/strong>and <strong> Amparo Miralles <\/strong>are the executive producers of this fiction from the Series Atresmedia label, which will be directed by <strong>I\u00f1aki Pe\u00f1afiel.<\/strong><\/p>\n\n\n\n<p>The production, which will have six episodes of 50 minutes each, narrates in two stages a frantic story of love and passion starring Olivia, a Spanish Fine Arts teacher, and her Turkish lover, Yam\u00e1n, who will embody a story full of lights and shadows.<\/p>\n\n\n\n<p><strong>\u2018<strong>La pasi\u00f3n turca<\/strong>\u2019<\/strong> is the <strong>adaptation of the popular work of the same name<\/strong> written in 1993 by the renowned author Antonio Gala. The novel is published by Editorial Planeta and the audiovisual rights have been managed by the Book &amp; Film Rights of the Editorial Division.<\/p>\n\n\n\n<p>The screenplay for <strong>&#8216;La pasi\u00f3n turca&#8217;<\/strong> will be written by <strong>Irene Rodr\u00edguez <\/strong>and<strong> Esther Morales.<\/strong> <strong>Emilio Gim\u00e9nez<\/strong> signs the direction of Production, <strong>Teo Delgado<\/strong> the direction of Photography, <strong>Juan Carlos Bilbao<\/strong> the direction of Art and <strong>Jaime Barros<\/strong> will be the head of Sound . <strong>Juan Antonio Bello Caballero<\/strong> and <strong>Romana Gonz\u00e1lez<\/strong> lead the Wardrobe, Makeup and Hairdressing teams, respectively. <strong>Carmen Utrilla<\/strong> and <strong>Marga Rodr\u00edguez<\/strong> are the directors of Casting.<\/p>\n\n\n\n<p><strong><mark style=\"background-color:rgba(0, 0, 0, 0)\" class=\"has-inline-color has-luminous-vivid-orange-color\">About \u2018La pasi\u00f3n turca\u2019<\/mark><\/strong><\/p>\n\n\n\n<p>Olivia, a Spanish fine arts teacher with a brilliant career, wakes up from a coma in an Istanbul hospital after attempting suicide. There she answers the questions of an inspector who is investigating Olivia&#8217;s collaboration in an art smuggling network with Yaman, her Turkish lover.<\/p>\n\n\n\n<p>The story of the protagonist reconstructs in two stages the overwhelming passion that she lived with Yaman and that made her abandon her life project in Spain. A story full of lights and shadows about which Olivia does not always tell the truth, which fuels the mystery that surrounds her stay in Turkey and her participation in the man&#8217;s dangerous businesses. To break out of jail and gain protection from the authorities, Olivia must return to Yaman&#8217;s side and inform the police of her movements. An act as brave as it is desperate: is Olivia acting to save herself or to save Yamam and her love story?<\/p>\n","protected":false},"excerpt":{"rendered":"<p>Maggie Civantos and Ilker Kaleli will lead the cast of the series, made up of Ainhoa Santamar\u00eda, Yasemin Sannino, Fernando Andina, Laura Pamplona, Arlette Torres, Burak Hakki and Mariona Ter\u00e9s, among others.<\/p>\n","protected":false},"author":7,"featured_media":2812,"comment_status":"closed","ping_status":"closed","sticky":false,"template":"","format":"standard","meta":{"_acf_changed":false,"footnotes":""},"categories":[1],"tags":[],"class_list":["post-2978","post","type-post","status-publish","format-standard","has-post-thumbnail","hentry","category-sin-categorizar"],"acf":[],"yoast_head":"<!-- This site is optimized with the Yoast SEO plugin v27.4 - https:\/\/yoast.com\/product\/yoast-seo-wordpress\/ -->\n<title>\u2018La pasi\u00f3n turca\u2019, a production by Buend\u00eda Estudios, starts shooting and this is the cast - Buend\u00eda Estudios<\/title>\n<meta name=\"robots\" content=\"index, follow, max-snippet:-1, max-image-preview:large, max-video-preview:-1\" \/>\n<link rel=\"canonical\" href=\"https:\/\/buendiaestudios.com\/en\/2022\/11\/14\/la-pasion-turca-producida-por-buendia-estudios-completa-su-reparto-y-comienza-su-rodaje\/\" \/>\n<meta property=\"og:locale\" content=\"en_US\" \/>\n<meta property=\"og:type\" content=\"article\" \/>\n<meta property=\"og:title\" content=\"\u2018La pasi\u00f3n turca\u2019, a production by Buend\u00eda Estudios, starts shooting and this is the cast - Buend\u00eda Estudios\" \/>\n<meta property=\"og:description\" content=\"Maggie Civantos and Ilker Kaleli will lead the cast of the series, made up of Ainhoa Santamar\u00eda, Yasemin Sannino, Fernando Andina, Laura Pamplona, Arlette Torres, Burak Hakki and Mariona Ter\u00e9s, among others.\" \/>\n<meta property=\"og:url\" content=\"https:\/\/buendiaestudios.com\/en\/2022\/11\/14\/la-pasion-turca-producida-por-buendia-estudios-completa-su-reparto-y-comienza-su-rodaje\/\" \/>\n<meta property=\"og:site_name\" content=\"Buend\u00eda Estudios\" \/>\n<meta property=\"article:publisher\" content=\"https:\/\/www.facebook.com\/buendiaestudios\" \/>\n<meta property=\"article:published_time\" content=\"2022-11-14T11:24:06+00:00\" \/>\n<meta property=\"article:modified_time\" content=\"2022-11-24T11:00:18+00:00\" \/>\n<meta property=\"og:image\" content=\"https:\/\/buendiaestudios.com\/media\/2022\/11\/pasion-turca-web-scaled.jpg\" \/>\n\t<meta property=\"og:image:width\" content=\"2048\" \/>\n\t<meta property=\"og:image:height\" content=\"1365\" \/>\n\t<meta property=\"og:image:type\" content=\"image\/jpeg\" \/>\n<meta name=\"author\" content=\"marta\" \/>\n<meta name=\"twitter:card\" content=\"summary_large_image\" \/>\n<meta name=\"twitter:creator\" content=\"@BuendiaEstudios\" \/>\n<meta name=\"twitter:site\" content=\"@BuendiaEstudios\" \/>\n<meta name=\"twitter:label1\" content=\"Written by\" \/>\n\t<meta name=\"twitter:data1\" content=\"marta\" \/>\n\t<meta name=\"twitter:label2\" content=\"Est. reading time\" \/>\n\t<meta name=\"twitter:data2\" content=\"3 minutes\" \/>\n<script type=\"application\/ld+json\" class=\"yoast-schema-graph\">{\"@context\":\"https:\\\/\\\/schema.org\",\"@graph\":[{\"@type\":\"Article\",\"@id\":\"https:\\\/\\\/buendiaestudios.com\\\/en\\\/2022\\\/11\\\/14\\\/la-pasion-turca-producida-por-buendia-estudios-completa-su-reparto-y-comienza-su-rodaje\\\/#article\",\"isPartOf\":{\"@id\":\"https:\\\/\\\/buendiaestudios.com\\\/en\\\/2022\\\/11\\\/14\\\/la-pasion-turca-producida-por-buendia-estudios-completa-su-reparto-y-comienza-su-rodaje\\\/\"},\"author\":{\"name\":\"marta\",\"@id\":\"https:\\\/\\\/buendiaestudios.com\\\/#\\\/schema\\\/person\\\/192bd02e2f753421ea259f0f385c594a\"},\"headline\":\"\u2018La pasi\u00f3n turca\u2019, a production by Buend\u00eda Estudios, starts shooting and this is the cast\",\"datePublished\":\"2022-11-14T11:24:06+00:00\",\"dateModified\":\"2022-11-24T11:00:18+00:00\",\"mainEntityOfPage\":{\"@id\":\"https:\\\/\\\/buendiaestudios.com\\\/en\\\/2022\\\/11\\\/14\\\/la-pasion-turca-producida-por-buendia-estudios-completa-su-reparto-y-comienza-su-rodaje\\\/\"},\"wordCount\":487,\"publisher\":{\"@id\":\"https:\\\/\\\/buendiaestudios.com\\\/#organization\"},\"image\":{\"@id\":\"https:\\\/\\\/buendiaestudios.com\\\/en\\\/2022\\\/11\\\/14\\\/la-pasion-turca-producida-por-buendia-estudios-completa-su-reparto-y-comienza-su-rodaje\\\/#primaryimage\"},\"thumbnailUrl\":\"https:\\\/\\\/buendiaestudios.com\\\/wp-content\\\/uploads\\\/2022\\\/11\\\/pasion-turca-web-scaled.jpg\",\"articleSection\":[\"Sin categorizar\"],\"inLanguage\":\"en-US\"},{\"@type\":\"WebPage\",\"@id\":\"https:\\\/\\\/buendiaestudios.com\\\/en\\\/2022\\\/11\\\/14\\\/la-pasion-turca-producida-por-buendia-estudios-completa-su-reparto-y-comienza-su-rodaje\\\/\",\"url\":\"https:\\\/\\\/buendiaestudios.com\\\/en\\\/2022\\\/11\\\/14\\\/la-pasion-turca-producida-por-buendia-estudios-completa-su-reparto-y-comienza-su-rodaje\\\/\",\"name\":\"\u2018La pasi\u00f3n turca\u2019, a production by Buend\u00eda Estudios, starts shooting and this is the cast - Buend\u00eda Estudios\",\"isPartOf\":{\"@id\":\"https:\\\/\\\/buendiaestudios.com\\\/#website\"},\"primaryImageOfPage\":{\"@id\":\"https:\\\/\\\/buendiaestudios.com\\\/en\\\/2022\\\/11\\\/14\\\/la-pasion-turca-producida-por-buendia-estudios-completa-su-reparto-y-comienza-su-rodaje\\\/#primaryimage\"},\"image\":{\"@id\":\"https:\\\/\\\/buendiaestudios.com\\\/en\\\/2022\\\/11\\\/14\\\/la-pasion-turca-producida-por-buendia-estudios-completa-su-reparto-y-comienza-su-rodaje\\\/#primaryimage\"},\"thumbnailUrl\":\"https:\\\/\\\/buendiaestudios.com\\\/wp-content\\\/uploads\\\/2022\\\/11\\\/pasion-turca-web-scaled.jpg\",\"datePublished\":\"2022-11-14T11:24:06+00:00\",\"dateModified\":\"2022-11-24T11:00:18+00:00\",\"breadcrumb\":{\"@id\":\"https:\\\/\\\/buendiaestudios.com\\\/en\\\/2022\\\/11\\\/14\\\/la-pasion-turca-producida-por-buendia-estudios-completa-su-reparto-y-comienza-su-rodaje\\\/#breadcrumb\"},\"inLanguage\":\"en-US\",\"potentialAction\":[{\"@type\":\"ReadAction\",\"target\":[\"https:\\\/\\\/buendiaestudios.com\\\/en\\\/2022\\\/11\\\/14\\\/la-pasion-turca-producida-por-buendia-estudios-completa-su-reparto-y-comienza-su-rodaje\\\/\"]}]},{\"@type\":\"ImageObject\",\"inLanguage\":\"en-US\",\"@id\":\"https:\\\/\\\/buendiaestudios.com\\\/en\\\/2022\\\/11\\\/14\\\/la-pasion-turca-producida-por-buendia-estudios-completa-su-reparto-y-comienza-su-rodaje\\\/#primaryimage\",\"url\":\"https:\\\/\\\/buendiaestudios.com\\\/wp-content\\\/uploads\\\/2022\\\/11\\\/pasion-turca-web-scaled.jpg\",\"contentUrl\":\"https:\\\/\\\/buendiaestudios.com\\\/wp-content\\\/uploads\\\/2022\\\/11\\\/pasion-turca-web-scaled.jpg\",\"width\":2048,\"height\":1365,\"caption\":\"La pasi\u00f3n turca\"},{\"@type\":\"BreadcrumbList\",\"@id\":\"https:\\\/\\\/buendiaestudios.com\\\/en\\\/2022\\\/11\\\/14\\\/la-pasion-turca-producida-por-buendia-estudios-completa-su-reparto-y-comienza-su-rodaje\\\/#breadcrumb\",\"itemListElement\":[{\"@type\":\"ListItem\",\"position\":1,\"name\":\"Portada\",\"item\":\"https:\\\/\\\/buendiaestudios.com\\\/en\\\/\"},{\"@type\":\"ListItem\",\"position\":2,\"name\":\"\u2018La pasi\u00f3n turca\u2019, a production by Buend\u00eda Estudios, starts shooting and this is the cast\"}]},{\"@type\":\"WebSite\",\"@id\":\"https:\\\/\\\/buendiaestudios.com\\\/#website\",\"url\":\"https:\\\/\\\/buendiaestudios.com\\\/\",\"name\":\"Buend\u00eda Estudios\",\"description\":\"BUEND\u00cdA ESTUDIOS is an independent production company of audiovisual content created by ATRESMEDIA and TELEFONICA (through Movistar+), in a strategic alliance.\",\"publisher\":{\"@id\":\"https:\\\/\\\/buendiaestudios.com\\\/#organization\"},\"potentialAction\":[{\"@type\":\"SearchAction\",\"target\":{\"@type\":\"EntryPoint\",\"urlTemplate\":\"https:\\\/\\\/buendiaestudios.com\\\/?s={search_term_string}\"},\"query-input\":{\"@type\":\"PropertyValueSpecification\",\"valueRequired\":true,\"valueName\":\"search_term_string\"}}],\"inLanguage\":\"en-US\"},{\"@type\":\"Organization\",\"@id\":\"https:\\\/\\\/buendiaestudios.com\\\/#organization\",\"name\":\"Buend\u00eda Estudios\",\"url\":\"https:\\\/\\\/buendiaestudios.com\\\/\",\"logo\":{\"@type\":\"ImageObject\",\"inLanguage\":\"en-US\",\"@id\":\"https:\\\/\\\/buendiaestudios.com\\\/#\\\/schema\\\/logo\\\/image\\\/\",\"url\":\"https:\\\/\\\/buendiaestudios.com\\\/wp-content\\\/uploads\\\/2021\\\/02\\\/logo-buendia-estudios.jpg\",\"contentUrl\":\"https:\\\/\\\/buendiaestudios.com\\\/wp-content\\\/uploads\\\/2021\\\/02\\\/logo-buendia-estudios.jpg\",\"width\":988,\"height\":325,\"caption\":\"Buend\u00eda Estudios\"},\"image\":{\"@id\":\"https:\\\/\\\/buendiaestudios.com\\\/#\\\/schema\\\/logo\\\/image\\\/\"},\"sameAs\":[\"https:\\\/\\\/www.facebook.com\\\/buendiaestudios\",\"https:\\\/\\\/x.com\\\/BuendiaEstudios\",\"https:\\\/\\\/www.instagram.com\\\/buendiaestudios\\\/\",\"https:\\\/\\\/www.linkedin.com\\\/company\\\/buend\u00eda-estudios\\\/\"]},{\"@type\":\"Person\",\"@id\":\"https:\\\/\\\/buendiaestudios.com\\\/#\\\/schema\\\/person\\\/192bd02e2f753421ea259f0f385c594a\",\"name\":\"marta\",\"image\":{\"@type\":\"ImageObject\",\"inLanguage\":\"en-US\",\"@id\":\"https:\\\/\\\/secure.gravatar.com\\\/avatar\\\/fd1aad5206beed12165c47b25a60bc78225dd9bee5c531dbfed1e9cc445e712c?s=96&d=mm&r=g\",\"url\":\"https:\\\/\\\/secure.gravatar.com\\\/avatar\\\/fd1aad5206beed12165c47b25a60bc78225dd9bee5c531dbfed1e9cc445e712c?s=96&d=mm&r=g\",\"contentUrl\":\"https:\\\/\\\/secure.gravatar.com\\\/avatar\\\/fd1aad5206beed12165c47b25a60bc78225dd9bee5c531dbfed1e9cc445e712c?s=96&d=mm&r=g\",\"caption\":\"marta\"}}]}<\/script>\n<!-- \/ Yoast SEO plugin. -->","yoast_head_json":{"title":"\u2018La pasi\u00f3n turca\u2019, a production by Buend\u00eda Estudios, starts shooting and this is the cast - Buend\u00eda Estudios","robots":{"index":"index","follow":"follow","max-snippet":"max-snippet:-1","max-image-preview":"max-image-preview:large","max-video-preview":"max-video-preview:-1"},"canonical":"https:\/\/buendiaestudios.com\/en\/2022\/11\/14\/la-pasion-turca-producida-por-buendia-estudios-completa-su-reparto-y-comienza-su-rodaje\/","og_locale":"en_US","og_type":"article","og_title":"\u2018La pasi\u00f3n turca\u2019, a production by Buend\u00eda Estudios, starts shooting and this is the cast - Buend\u00eda Estudios","og_description":"Maggie Civantos and Ilker Kaleli will lead the cast of the series, made up of Ainhoa Santamar\u00eda, Yasemin Sannino, Fernando Andina, Laura Pamplona, Arlette Torres, Burak Hakki and Mariona Ter\u00e9s, among others.","og_url":"https:\/\/buendiaestudios.com\/en\/2022\/11\/14\/la-pasion-turca-producida-por-buendia-estudios-completa-su-reparto-y-comienza-su-rodaje\/","og_site_name":"Buend\u00eda Estudios","article_publisher":"https:\/\/www.facebook.com\/buendiaestudios","article_published_time":"2022-11-14T11:24:06+00:00","article_modified_time":"2022-11-24T11:00:18+00:00","og_image":[{"width":2048,"height":1365,"url":"https:\/\/buendiaestudios.com\/media\/2022\/11\/pasion-turca-web-scaled.jpg","type":"image\/jpeg"}],"author":"marta","twitter_card":"summary_large_image","twitter_creator":"@BuendiaEstudios","twitter_site":"@BuendiaEstudios","twitter_misc":{"Written by":"marta","Est. reading time":"3 minutes"},"schema":{"@context":"https:\/\/schema.org","@graph":[{"@type":"Article","@id":"https:\/\/buendiaestudios.com\/en\/2022\/11\/14\/la-pasion-turca-producida-por-buendia-estudios-completa-su-reparto-y-comienza-su-rodaje\/#article","isPartOf":{"@id":"https:\/\/buendiaestudios.com\/en\/2022\/11\/14\/la-pasion-turca-producida-por-buendia-estudios-completa-su-reparto-y-comienza-su-rodaje\/"},"author":{"name":"marta","@id":"https:\/\/buendiaestudios.com\/#\/schema\/person\/192bd02e2f753421ea259f0f385c594a"},"headline":"\u2018La pasi\u00f3n turca\u2019, a production by Buend\u00eda Estudios, starts shooting and this is the cast","datePublished":"2022-11-14T11:24:06+00:00","dateModified":"2022-11-24T11:00:18+00:00","mainEntityOfPage":{"@id":"https:\/\/buendiaestudios.com\/en\/2022\/11\/14\/la-pasion-turca-producida-por-buendia-estudios-completa-su-reparto-y-comienza-su-rodaje\/"},"wordCount":487,"publisher":{"@id":"https:\/\/buendiaestudios.com\/#organization"},"image":{"@id":"https:\/\/buendiaestudios.com\/en\/2022\/11\/14\/la-pasion-turca-producida-por-buendia-estudios-completa-su-reparto-y-comienza-su-rodaje\/#primaryimage"},"thumbnailUrl":"https:\/\/buendiaestudios.com\/media\/2022\/11\/pasion-turca-web-scaled.jpg","articleSection":["Sin categorizar"],"inLanguage":"en-US"},{"@type":"WebPage","@id":"https:\/\/buendiaestudios.com\/en\/2022\/11\/14\/la-pasion-turca-producida-por-buendia-estudios-completa-su-reparto-y-comienza-su-rodaje\/","url":"https:\/\/buendiaestudios.com\/en\/2022\/11\/14\/la-pasion-turca-producida-por-buendia-estudios-completa-su-reparto-y-comienza-su-rodaje\/","name":"\u2018La pasi\u00f3n turca\u2019, a production by Buend\u00eda Estudios, starts shooting and this is the cast - Buend\u00eda Estudios","isPartOf":{"@id":"https:\/\/buendiaestudios.com\/#website"},"primaryImageOfPage":{"@id":"https:\/\/buendiaestudios.com\/en\/2022\/11\/14\/la-pasion-turca-producida-por-buendia-estudios-completa-su-reparto-y-comienza-su-rodaje\/#primaryimage"},"image":{"@id":"https:\/\/buendiaestudios.com\/en\/2022\/11\/14\/la-pasion-turca-producida-por-buendia-estudios-completa-su-reparto-y-comienza-su-rodaje\/#primaryimage"},"thumbnailUrl":"https:\/\/buendiaestudios.com\/media\/2022\/11\/pasion-turca-web-scaled.jpg","datePublished":"2022-11-14T11:24:06+00:00","dateModified":"2022-11-24T11:00:18+00:00","breadcrumb":{"@id":"https:\/\/buendiaestudios.com\/en\/2022\/11\/14\/la-pasion-turca-producida-por-buendia-estudios-completa-su-reparto-y-comienza-su-rodaje\/#breadcrumb"},"inLanguage":"en-US","potentialAction":[{"@type":"ReadAction","target":["https:\/\/buendiaestudios.com\/en\/2022\/11\/14\/la-pasion-turca-producida-por-buendia-estudios-completa-su-reparto-y-comienza-su-rodaje\/"]}]},{"@type":"ImageObject","inLanguage":"en-US","@id":"https:\/\/buendiaestudios.com\/en\/2022\/11\/14\/la-pasion-turca-producida-por-buendia-estudios-completa-su-reparto-y-comienza-su-rodaje\/#primaryimage","url":"https:\/\/buendiaestudios.com\/media\/2022\/11\/pasion-turca-web-scaled.jpg","contentUrl":"https:\/\/buendiaestudios.com\/media\/2022\/11\/pasion-turca-web-scaled.jpg","width":2048,"height":1365,"caption":"La pasi\u00f3n turca"},{"@type":"BreadcrumbList","@id":"https:\/\/buendiaestudios.com\/en\/2022\/11\/14\/la-pasion-turca-producida-por-buendia-estudios-completa-su-reparto-y-comienza-su-rodaje\/#breadcrumb","itemListElement":[{"@type":"ListItem","position":1,"name":"Portada","item":"https:\/\/buendiaestudios.com\/en\/"},{"@type":"ListItem","position":2,"name":"\u2018La pasi\u00f3n turca\u2019, a production by Buend\u00eda Estudios, starts shooting and this is the cast"}]},{"@type":"WebSite","@id":"https:\/\/buendiaestudios.com\/#website","url":"https:\/\/buendiaestudios.com\/","name":"Buend\u00eda Estudios","description":"BUEND\u00cdA ESTUDIOS is an independent production company of audiovisual content created by ATRESMEDIA and TELEFONICA (through Movistar+), in a strategic alliance.","publisher":{"@id":"https:\/\/buendiaestudios.com\/#organization"},"potentialAction":[{"@type":"SearchAction","target":{"@type":"EntryPoint","urlTemplate":"https:\/\/buendiaestudios.com\/?s={search_term_string}"},"query-input":{"@type":"PropertyValueSpecification","valueRequired":true,"valueName":"search_term_string"}}],"inLanguage":"en-US"},{"@type":"Organization","@id":"https:\/\/buendiaestudios.com\/#organization","name":"Buend\u00eda Estudios","url":"https:\/\/buendiaestudios.com\/","logo":{"@type":"ImageObject","inLanguage":"en-US","@id":"https:\/\/buendiaestudios.com\/#\/schema\/logo\/image\/","url":"https:\/\/buendiaestudios.com\/media\/2021\/02\/logo-buendia-estudios.jpg","contentUrl":"https:\/\/buendiaestudios.com\/media\/2021\/02\/logo-buendia-estudios.jpg","width":988,"height":325,"caption":"Buend\u00eda Estudios"},"image":{"@id":"https:\/\/buendiaestudios.com\/#\/schema\/logo\/image\/"},"sameAs":["https:\/\/www.facebook.com\/buendiaestudios","https:\/\/x.com\/BuendiaEstudios","https:\/\/www.instagram.com\/buendiaestudios\/","https:\/\/www.linkedin.com\/company\/buend\u00eda-estudios\/"]},{"@type":"Person","@id":"https:\/\/buendiaestudios.com\/#\/schema\/person\/192bd02e2f753421ea259f0f385c594a","name":"marta","image":{"@type":"ImageObject","inLanguage":"en-US","@id":"https:\/\/secure.gravatar.com\/avatar\/fd1aad5206beed12165c47b25a60bc78225dd9bee5c531dbfed1e9cc445e712c?s=96&d=mm&r=g","url":"https:\/\/secure.gravatar.com\/avatar\/fd1aad5206beed12165c47b25a60bc78225dd9bee5c531dbfed1e9cc445e712c?s=96&d=mm&r=g","contentUrl":"https:\/\/secure.gravatar.com\/avatar\/fd1aad5206beed12165c47b25a60bc78225dd9bee5c531dbfed1e9cc445e712c?s=96&d=mm&r=g","caption":"marta"}}]}},"_links":{"self":[{"href":"https:\/\/buendiaestudios.com\/en\/wp-json\/wp\/v2\/posts\/2978","targetHints":{"allow":["GET"]}}],"collection":[{"href":"https:\/\/buendiaestudios.com\/en\/wp-json\/wp\/v2\/posts"}],"about":[{"href":"https:\/\/buendiaestudios.com\/en\/wp-json\/wp\/v2\/types\/post"}],"author":[{"embeddable":true,"href":"https:\/\/buendiaestudios.com\/en\/wp-json\/wp\/v2\/users\/7"}],"replies":[{"embeddable":true,"href":"https:\/\/buendiaestudios.com\/en\/wp-json\/wp\/v2\/comments?post=2978"}],"version-history":[{"count":1,"href":"https:\/\/buendiaestudios.com\/en\/wp-json\/wp\/v2\/posts\/2978\/revisions"}],"predecessor-version":[{"id":3027,"href":"https:\/\/buendiaestudios.com\/en\/wp-json\/wp\/v2\/posts\/2978\/revisions\/3027"}],"wp:featuredmedia":[{"embeddable":true,"href":"https:\/\/buendiaestudios.com\/en\/wp-json\/wp\/v2\/media\/2812"}],"wp:attachment":[{"href":"https:\/\/buendiaestudios.com\/en\/wp-json\/wp\/v2\/media?parent=2978"}],"wp:term":[{"taxonomy":"category","embeddable":true,"href":"https:\/\/buendiaestudios.com\/en\/wp-json\/wp\/v2\/categories?post=2978"},{"taxonomy":"post_tag","embeddable":true,"href":"https:\/\/buendiaestudios.com\/en\/wp-json\/wp\/v2\/tags?post=2978"}],"curies":[{"name":"wp","href":"https:\/\/api.w.org\/{rel}","templated":true}]}}