{"id":2973,"date":"2022-10-21T16:17:00","date_gmt":"2022-10-21T16:17:00","guid":{"rendered":"https:\/\/buendiaestudios.com\/2022\/10\/21\/y-ahora-sonsoles-producido-por-buendia-estudios-se-estrena-este-lunes-en-antena-3\/"},"modified":"2022-11-24T10:28:19","modified_gmt":"2022-11-24T10:28:19","slug":"y-ahora-sonsoles-producido-por-buendia-estudios-se-estrena-este-lunes-en-antena-3","status":"publish","type":"post","link":"https:\/\/buendiaestudios.com\/en\/2022\/10\/21\/y-ahora-sonsoles-producido-por-buendia-estudios-se-estrena-este-lunes-en-antena-3\/","title":{"rendered":"&#8216;Y ahora Sonsoles&#8217;, produced by Buend\u00eda Estudios, premieres this Monday on Antena 3"},"content":{"rendered":"\n<p><strong>Antena 3 opens a new live window starting next Monday, October 24. The channel premieres &#8216;Y ahora, Sonsoles&#8217;, with Sonsoles \u00d3nega, which will be broadcast from Monday to Friday at 7:00 p.m.<\/strong>. A new format that seeks to entertain from the present and that will tell every afternoon what interests the viewers.<\/p>\n\n\n\n<p><strong>\u2018Y ahora, Sonsoles\u2019<\/strong> is a program with its own voice. Sonsoles \u00d3nega lands on Antena 3 and leads <strong>a wide cast of collaborators<\/strong> including journalists, writers, businessmen, specialists in social chronicles, events or who come from the world of philosophy or the legal profession All of them form <strong>a team that mixes experience and freshness<\/strong>, seeking to renew the usual faces and bringing new faces to television.<\/p>\n\n\n\n<p><strong>Among the collaborators,<\/strong> are the journalists Olga Viza, Pilar Velasco, Luz S\u00e1nchez Mellado, Beatriz Miranda or Daniel Carande, the writer and journalist Valeria Vegas, the crime journalist Carlos Qu\u00edlez, the model Mar Flores, the businesswoman Cruz S\u00e1nchez de Lara, the journalist Alejandra Prat, the comedian Miguel Lago, the priest Padre Dami\u00e1n, the writer \u00c1ngela Vallvey, the businesswoman Carmen Lomana, the teacher and journalist Marta Garc\u00eda Aller, the philosopher David Pastor Vico, the influencer Tamara Gorro or the lawyer B\u00e1rbara Royo, among others. The program team will also include Josu Larrea and Bricio Segovia.<\/p>\n\n\n\n<p><strong>The new Antena 3 program, directed by Patricia Lennon, has a large set with different spaces <\/strong>that will accommodate the different sections of the program, from interviews to gatherings with collaborators . In addition, &#8216;Y ahora, Sonsoles&#8217; will have <strong>an audience on the set<\/strong>, which will give the program greater dynamism. <strong><\/strong><\/p>\n\n\n\n<p><strong>\u2018Y ahora, Sonsoles\u2019, <\/strong>produced by Atresmedia Televisi\u00f3n in collaboration with Buend\u00eda Estudios, will also have <strong>a team of reporters at street level<\/strong>. They will be in charge of bringing what is happening to the set and narrating to the public everything that is happening from nearby.<\/p>\n\n\n\n<p>This program can also be seen <strong>outside Spain<\/strong>. &#8216;Y ahora, Sonsoles&#8217; will be broadcast on Antena 3 Internacional and will be available in the international version of ATRESplayer.<\/p>\n","protected":false},"excerpt":{"rendered":"<p>From Monday to Friday at 7:00 p.m., Sonsoles \u00d3nega presents this new format with its own voice.<\/p>\n","protected":false},"author":7,"featured_media":2914,"comment_status":"closed","ping_status":"closed","sticky":false,"template":"","format":"standard","meta":{"_acf_changed":false,"footnotes":""},"categories":[1],"tags":[],"class_list":["post-2973","post","type-post","status-publish","format-standard","has-post-thumbnail","hentry","category-sin-categorizar"],"acf":[],"yoast_head":"<!-- This site is optimized with the Yoast SEO plugin v27.4 - https:\/\/yoast.com\/product\/yoast-seo-wordpress\/ -->\n<title>&#039;Y ahora Sonsoles&#039;, produced by Buend\u00eda Estudios, premieres this Monday on Antena 3 - Buend\u00eda Estudios<\/title>\n<meta name=\"robots\" content=\"index, follow, max-snippet:-1, max-image-preview:large, max-video-preview:-1\" \/>\n<link rel=\"canonical\" href=\"https:\/\/buendiaestudios.com\/en\/2022\/10\/21\/y-ahora-sonsoles-producido-por-buendia-estudios-se-estrena-este-lunes-en-antena-3\/\" \/>\n<meta property=\"og:locale\" content=\"en_US\" \/>\n<meta property=\"og:type\" content=\"article\" \/>\n<meta property=\"og:title\" content=\"&#039;Y ahora Sonsoles&#039;, produced by Buend\u00eda Estudios, premieres this Monday on Antena 3 - Buend\u00eda Estudios\" \/>\n<meta property=\"og:description\" content=\"From Monday to Friday at 7:00 p.m., Sonsoles \u00d3nega presents this new format with its own voice.\" \/>\n<meta property=\"og:url\" content=\"https:\/\/buendiaestudios.com\/en\/2022\/10\/21\/y-ahora-sonsoles-producido-por-buendia-estudios-se-estrena-este-lunes-en-antena-3\/\" \/>\n<meta property=\"og:site_name\" content=\"Buend\u00eda Estudios\" \/>\n<meta property=\"article:publisher\" content=\"https:\/\/www.facebook.com\/buendiaestudios\" \/>\n<meta property=\"article:published_time\" content=\"2022-10-21T16:17:00+00:00\" \/>\n<meta property=\"article:modified_time\" content=\"2022-11-24T10:28:19+00:00\" \/>\n<meta property=\"og:image\" content=\"https:\/\/buendiaestudios.com\/media\/2022\/11\/Y-ahora-sonsoles.png\" \/>\n\t<meta property=\"og:image:width\" content=\"1080\" \/>\n\t<meta property=\"og:image:height\" content=\"1080\" \/>\n\t<meta property=\"og:image:type\" content=\"image\/png\" \/>\n<meta name=\"author\" content=\"marta\" \/>\n<meta name=\"twitter:card\" content=\"summary_large_image\" \/>\n<meta name=\"twitter:creator\" content=\"@BuendiaEstudios\" \/>\n<meta name=\"twitter:site\" content=\"@BuendiaEstudios\" \/>\n<meta name=\"twitter:label1\" content=\"Written by\" \/>\n\t<meta name=\"twitter:data1\" content=\"marta\" \/>\n\t<meta name=\"twitter:label2\" content=\"Est. reading time\" \/>\n\t<meta name=\"twitter:data2\" content=\"2 minutes\" \/>\n<script type=\"application\/ld+json\" class=\"yoast-schema-graph\">{\"@context\":\"https:\\\/\\\/schema.org\",\"@graph\":[{\"@type\":\"Article\",\"@id\":\"https:\\\/\\\/buendiaestudios.com\\\/en\\\/2022\\\/10\\\/21\\\/y-ahora-sonsoles-producido-por-buendia-estudios-se-estrena-este-lunes-en-antena-3\\\/#article\",\"isPartOf\":{\"@id\":\"https:\\\/\\\/buendiaestudios.com\\\/en\\\/2022\\\/10\\\/21\\\/y-ahora-sonsoles-producido-por-buendia-estudios-se-estrena-este-lunes-en-antena-3\\\/\"},\"author\":{\"name\":\"marta\",\"@id\":\"https:\\\/\\\/buendiaestudios.com\\\/#\\\/schema\\\/person\\\/192bd02e2f753421ea259f0f385c594a\"},\"headline\":\"&#8216;Y ahora Sonsoles&#8217;, produced by Buend\u00eda Estudios, premieres this Monday on Antena 3\",\"datePublished\":\"2022-10-21T16:17:00+00:00\",\"dateModified\":\"2022-11-24T10:28:19+00:00\",\"mainEntityOfPage\":{\"@id\":\"https:\\\/\\\/buendiaestudios.com\\\/en\\\/2022\\\/10\\\/21\\\/y-ahora-sonsoles-producido-por-buendia-estudios-se-estrena-este-lunes-en-antena-3\\\/\"},\"wordCount\":352,\"publisher\":{\"@id\":\"https:\\\/\\\/buendiaestudios.com\\\/#organization\"},\"image\":{\"@id\":\"https:\\\/\\\/buendiaestudios.com\\\/en\\\/2022\\\/10\\\/21\\\/y-ahora-sonsoles-producido-por-buendia-estudios-se-estrena-este-lunes-en-antena-3\\\/#primaryimage\"},\"thumbnailUrl\":\"https:\\\/\\\/buendiaestudios.com\\\/wp-content\\\/uploads\\\/2022\\\/11\\\/Y-ahora-sonsoles.png\",\"articleSection\":[\"Sin categorizar\"],\"inLanguage\":\"en-US\"},{\"@type\":\"WebPage\",\"@id\":\"https:\\\/\\\/buendiaestudios.com\\\/en\\\/2022\\\/10\\\/21\\\/y-ahora-sonsoles-producido-por-buendia-estudios-se-estrena-este-lunes-en-antena-3\\\/\",\"url\":\"https:\\\/\\\/buendiaestudios.com\\\/en\\\/2022\\\/10\\\/21\\\/y-ahora-sonsoles-producido-por-buendia-estudios-se-estrena-este-lunes-en-antena-3\\\/\",\"name\":\"'Y ahora Sonsoles', produced by Buend\u00eda Estudios, premieres this Monday on Antena 3 - Buend\u00eda Estudios\",\"isPartOf\":{\"@id\":\"https:\\\/\\\/buendiaestudios.com\\\/#website\"},\"primaryImageOfPage\":{\"@id\":\"https:\\\/\\\/buendiaestudios.com\\\/en\\\/2022\\\/10\\\/21\\\/y-ahora-sonsoles-producido-por-buendia-estudios-se-estrena-este-lunes-en-antena-3\\\/#primaryimage\"},\"image\":{\"@id\":\"https:\\\/\\\/buendiaestudios.com\\\/en\\\/2022\\\/10\\\/21\\\/y-ahora-sonsoles-producido-por-buendia-estudios-se-estrena-este-lunes-en-antena-3\\\/#primaryimage\"},\"thumbnailUrl\":\"https:\\\/\\\/buendiaestudios.com\\\/wp-content\\\/uploads\\\/2022\\\/11\\\/Y-ahora-sonsoles.png\",\"datePublished\":\"2022-10-21T16:17:00+00:00\",\"dateModified\":\"2022-11-24T10:28:19+00:00\",\"breadcrumb\":{\"@id\":\"https:\\\/\\\/buendiaestudios.com\\\/en\\\/2022\\\/10\\\/21\\\/y-ahora-sonsoles-producido-por-buendia-estudios-se-estrena-este-lunes-en-antena-3\\\/#breadcrumb\"},\"inLanguage\":\"en-US\",\"potentialAction\":[{\"@type\":\"ReadAction\",\"target\":[\"https:\\\/\\\/buendiaestudios.com\\\/en\\\/2022\\\/10\\\/21\\\/y-ahora-sonsoles-producido-por-buendia-estudios-se-estrena-este-lunes-en-antena-3\\\/\"]}]},{\"@type\":\"ImageObject\",\"inLanguage\":\"en-US\",\"@id\":\"https:\\\/\\\/buendiaestudios.com\\\/en\\\/2022\\\/10\\\/21\\\/y-ahora-sonsoles-producido-por-buendia-estudios-se-estrena-este-lunes-en-antena-3\\\/#primaryimage\",\"url\":\"https:\\\/\\\/buendiaestudios.com\\\/wp-content\\\/uploads\\\/2022\\\/11\\\/Y-ahora-sonsoles.png\",\"contentUrl\":\"https:\\\/\\\/buendiaestudios.com\\\/wp-content\\\/uploads\\\/2022\\\/11\\\/Y-ahora-sonsoles.png\",\"width\":1080,\"height\":1080,\"caption\":\"Y ahora sonsoles\"},{\"@type\":\"BreadcrumbList\",\"@id\":\"https:\\\/\\\/buendiaestudios.com\\\/en\\\/2022\\\/10\\\/21\\\/y-ahora-sonsoles-producido-por-buendia-estudios-se-estrena-este-lunes-en-antena-3\\\/#breadcrumb\",\"itemListElement\":[{\"@type\":\"ListItem\",\"position\":1,\"name\":\"Portada\",\"item\":\"https:\\\/\\\/buendiaestudios.com\\\/en\\\/\"},{\"@type\":\"ListItem\",\"position\":2,\"name\":\"&#8216;Y ahora Sonsoles&#8217;, produced by Buend\u00eda Estudios, premieres this Monday on Antena 3\"}]},{\"@type\":\"WebSite\",\"@id\":\"https:\\\/\\\/buendiaestudios.com\\\/#website\",\"url\":\"https:\\\/\\\/buendiaestudios.com\\\/\",\"name\":\"Buend\u00eda Estudios\",\"description\":\"BUEND\u00cdA ESTUDIOS is an independent production company of audiovisual content created by ATRESMEDIA and TELEFONICA (through Movistar+), in a strategic alliance.\",\"publisher\":{\"@id\":\"https:\\\/\\\/buendiaestudios.com\\\/#organization\"},\"potentialAction\":[{\"@type\":\"SearchAction\",\"target\":{\"@type\":\"EntryPoint\",\"urlTemplate\":\"https:\\\/\\\/buendiaestudios.com\\\/?s={search_term_string}\"},\"query-input\":{\"@type\":\"PropertyValueSpecification\",\"valueRequired\":true,\"valueName\":\"search_term_string\"}}],\"inLanguage\":\"en-US\"},{\"@type\":\"Organization\",\"@id\":\"https:\\\/\\\/buendiaestudios.com\\\/#organization\",\"name\":\"Buend\u00eda Estudios\",\"url\":\"https:\\\/\\\/buendiaestudios.com\\\/\",\"logo\":{\"@type\":\"ImageObject\",\"inLanguage\":\"en-US\",\"@id\":\"https:\\\/\\\/buendiaestudios.com\\\/#\\\/schema\\\/logo\\\/image\\\/\",\"url\":\"https:\\\/\\\/buendiaestudios.com\\\/wp-content\\\/uploads\\\/2021\\\/02\\\/logo-buendia-estudios.jpg\",\"contentUrl\":\"https:\\\/\\\/buendiaestudios.com\\\/wp-content\\\/uploads\\\/2021\\\/02\\\/logo-buendia-estudios.jpg\",\"width\":988,\"height\":325,\"caption\":\"Buend\u00eda Estudios\"},\"image\":{\"@id\":\"https:\\\/\\\/buendiaestudios.com\\\/#\\\/schema\\\/logo\\\/image\\\/\"},\"sameAs\":[\"https:\\\/\\\/www.facebook.com\\\/buendiaestudios\",\"https:\\\/\\\/x.com\\\/BuendiaEstudios\",\"https:\\\/\\\/www.instagram.com\\\/buendiaestudios\\\/\",\"https:\\\/\\\/www.linkedin.com\\\/company\\\/buend\u00eda-estudios\\\/\"]},{\"@type\":\"Person\",\"@id\":\"https:\\\/\\\/buendiaestudios.com\\\/#\\\/schema\\\/person\\\/192bd02e2f753421ea259f0f385c594a\",\"name\":\"marta\",\"image\":{\"@type\":\"ImageObject\",\"inLanguage\":\"en-US\",\"@id\":\"https:\\\/\\\/secure.gravatar.com\\\/avatar\\\/fd1aad5206beed12165c47b25a60bc78225dd9bee5c531dbfed1e9cc445e712c?s=96&d=mm&r=g\",\"url\":\"https:\\\/\\\/secure.gravatar.com\\\/avatar\\\/fd1aad5206beed12165c47b25a60bc78225dd9bee5c531dbfed1e9cc445e712c?s=96&d=mm&r=g\",\"contentUrl\":\"https:\\\/\\\/secure.gravatar.com\\\/avatar\\\/fd1aad5206beed12165c47b25a60bc78225dd9bee5c531dbfed1e9cc445e712c?s=96&d=mm&r=g\",\"caption\":\"marta\"}}]}<\/script>\n<!-- \/ Yoast SEO plugin. -->","yoast_head_json":{"title":"'Y ahora Sonsoles', produced by Buend\u00eda Estudios, premieres this Monday on Antena 3 - Buend\u00eda Estudios","robots":{"index":"index","follow":"follow","max-snippet":"max-snippet:-1","max-image-preview":"max-image-preview:large","max-video-preview":"max-video-preview:-1"},"canonical":"https:\/\/buendiaestudios.com\/en\/2022\/10\/21\/y-ahora-sonsoles-producido-por-buendia-estudios-se-estrena-este-lunes-en-antena-3\/","og_locale":"en_US","og_type":"article","og_title":"'Y ahora Sonsoles', produced by Buend\u00eda Estudios, premieres this Monday on Antena 3 - Buend\u00eda Estudios","og_description":"From Monday to Friday at 7:00 p.m., Sonsoles \u00d3nega presents this new format with its own voice.","og_url":"https:\/\/buendiaestudios.com\/en\/2022\/10\/21\/y-ahora-sonsoles-producido-por-buendia-estudios-se-estrena-este-lunes-en-antena-3\/","og_site_name":"Buend\u00eda Estudios","article_publisher":"https:\/\/www.facebook.com\/buendiaestudios","article_published_time":"2022-10-21T16:17:00+00:00","article_modified_time":"2022-11-24T10:28:19+00:00","og_image":[{"width":1080,"height":1080,"url":"https:\/\/buendiaestudios.com\/media\/2022\/11\/Y-ahora-sonsoles.png","type":"image\/png"}],"author":"marta","twitter_card":"summary_large_image","twitter_creator":"@BuendiaEstudios","twitter_site":"@BuendiaEstudios","twitter_misc":{"Written by":"marta","Est. reading time":"2 minutes"},"schema":{"@context":"https:\/\/schema.org","@graph":[{"@type":"Article","@id":"https:\/\/buendiaestudios.com\/en\/2022\/10\/21\/y-ahora-sonsoles-producido-por-buendia-estudios-se-estrena-este-lunes-en-antena-3\/#article","isPartOf":{"@id":"https:\/\/buendiaestudios.com\/en\/2022\/10\/21\/y-ahora-sonsoles-producido-por-buendia-estudios-se-estrena-este-lunes-en-antena-3\/"},"author":{"name":"marta","@id":"https:\/\/buendiaestudios.com\/#\/schema\/person\/192bd02e2f753421ea259f0f385c594a"},"headline":"&#8216;Y ahora Sonsoles&#8217;, produced by Buend\u00eda Estudios, premieres this Monday on Antena 3","datePublished":"2022-10-21T16:17:00+00:00","dateModified":"2022-11-24T10:28:19+00:00","mainEntityOfPage":{"@id":"https:\/\/buendiaestudios.com\/en\/2022\/10\/21\/y-ahora-sonsoles-producido-por-buendia-estudios-se-estrena-este-lunes-en-antena-3\/"},"wordCount":352,"publisher":{"@id":"https:\/\/buendiaestudios.com\/#organization"},"image":{"@id":"https:\/\/buendiaestudios.com\/en\/2022\/10\/21\/y-ahora-sonsoles-producido-por-buendia-estudios-se-estrena-este-lunes-en-antena-3\/#primaryimage"},"thumbnailUrl":"https:\/\/buendiaestudios.com\/media\/2022\/11\/Y-ahora-sonsoles.png","articleSection":["Sin categorizar"],"inLanguage":"en-US"},{"@type":"WebPage","@id":"https:\/\/buendiaestudios.com\/en\/2022\/10\/21\/y-ahora-sonsoles-producido-por-buendia-estudios-se-estrena-este-lunes-en-antena-3\/","url":"https:\/\/buendiaestudios.com\/en\/2022\/10\/21\/y-ahora-sonsoles-producido-por-buendia-estudios-se-estrena-este-lunes-en-antena-3\/","name":"'Y ahora Sonsoles', produced by Buend\u00eda Estudios, premieres this Monday on Antena 3 - Buend\u00eda Estudios","isPartOf":{"@id":"https:\/\/buendiaestudios.com\/#website"},"primaryImageOfPage":{"@id":"https:\/\/buendiaestudios.com\/en\/2022\/10\/21\/y-ahora-sonsoles-producido-por-buendia-estudios-se-estrena-este-lunes-en-antena-3\/#primaryimage"},"image":{"@id":"https:\/\/buendiaestudios.com\/en\/2022\/10\/21\/y-ahora-sonsoles-producido-por-buendia-estudios-se-estrena-este-lunes-en-antena-3\/#primaryimage"},"thumbnailUrl":"https:\/\/buendiaestudios.com\/media\/2022\/11\/Y-ahora-sonsoles.png","datePublished":"2022-10-21T16:17:00+00:00","dateModified":"2022-11-24T10:28:19+00:00","breadcrumb":{"@id":"https:\/\/buendiaestudios.com\/en\/2022\/10\/21\/y-ahora-sonsoles-producido-por-buendia-estudios-se-estrena-este-lunes-en-antena-3\/#breadcrumb"},"inLanguage":"en-US","potentialAction":[{"@type":"ReadAction","target":["https:\/\/buendiaestudios.com\/en\/2022\/10\/21\/y-ahora-sonsoles-producido-por-buendia-estudios-se-estrena-este-lunes-en-antena-3\/"]}]},{"@type":"ImageObject","inLanguage":"en-US","@id":"https:\/\/buendiaestudios.com\/en\/2022\/10\/21\/y-ahora-sonsoles-producido-por-buendia-estudios-se-estrena-este-lunes-en-antena-3\/#primaryimage","url":"https:\/\/buendiaestudios.com\/media\/2022\/11\/Y-ahora-sonsoles.png","contentUrl":"https:\/\/buendiaestudios.com\/media\/2022\/11\/Y-ahora-sonsoles.png","width":1080,"height":1080,"caption":"Y ahora sonsoles"},{"@type":"BreadcrumbList","@id":"https:\/\/buendiaestudios.com\/en\/2022\/10\/21\/y-ahora-sonsoles-producido-por-buendia-estudios-se-estrena-este-lunes-en-antena-3\/#breadcrumb","itemListElement":[{"@type":"ListItem","position":1,"name":"Portada","item":"https:\/\/buendiaestudios.com\/en\/"},{"@type":"ListItem","position":2,"name":"&#8216;Y ahora Sonsoles&#8217;, produced by Buend\u00eda Estudios, premieres this Monday on Antena 3"}]},{"@type":"WebSite","@id":"https:\/\/buendiaestudios.com\/#website","url":"https:\/\/buendiaestudios.com\/","name":"Buend\u00eda Estudios","description":"BUEND\u00cdA ESTUDIOS is an independent production company of audiovisual content created by ATRESMEDIA and TELEFONICA (through Movistar+), in a strategic alliance.","publisher":{"@id":"https:\/\/buendiaestudios.com\/#organization"},"potentialAction":[{"@type":"SearchAction","target":{"@type":"EntryPoint","urlTemplate":"https:\/\/buendiaestudios.com\/?s={search_term_string}"},"query-input":{"@type":"PropertyValueSpecification","valueRequired":true,"valueName":"search_term_string"}}],"inLanguage":"en-US"},{"@type":"Organization","@id":"https:\/\/buendiaestudios.com\/#organization","name":"Buend\u00eda Estudios","url":"https:\/\/buendiaestudios.com\/","logo":{"@type":"ImageObject","inLanguage":"en-US","@id":"https:\/\/buendiaestudios.com\/#\/schema\/logo\/image\/","url":"https:\/\/buendiaestudios.com\/media\/2021\/02\/logo-buendia-estudios.jpg","contentUrl":"https:\/\/buendiaestudios.com\/media\/2021\/02\/logo-buendia-estudios.jpg","width":988,"height":325,"caption":"Buend\u00eda Estudios"},"image":{"@id":"https:\/\/buendiaestudios.com\/#\/schema\/logo\/image\/"},"sameAs":["https:\/\/www.facebook.com\/buendiaestudios","https:\/\/x.com\/BuendiaEstudios","https:\/\/www.instagram.com\/buendiaestudios\/","https:\/\/www.linkedin.com\/company\/buend\u00eda-estudios\/"]},{"@type":"Person","@id":"https:\/\/buendiaestudios.com\/#\/schema\/person\/192bd02e2f753421ea259f0f385c594a","name":"marta","image":{"@type":"ImageObject","inLanguage":"en-US","@id":"https:\/\/secure.gravatar.com\/avatar\/fd1aad5206beed12165c47b25a60bc78225dd9bee5c531dbfed1e9cc445e712c?s=96&d=mm&r=g","url":"https:\/\/secure.gravatar.com\/avatar\/fd1aad5206beed12165c47b25a60bc78225dd9bee5c531dbfed1e9cc445e712c?s=96&d=mm&r=g","contentUrl":"https:\/\/secure.gravatar.com\/avatar\/fd1aad5206beed12165c47b25a60bc78225dd9bee5c531dbfed1e9cc445e712c?s=96&d=mm&r=g","caption":"marta"}}]}},"_links":{"self":[{"href":"https:\/\/buendiaestudios.com\/en\/wp-json\/wp\/v2\/posts\/2973","targetHints":{"allow":["GET"]}}],"collection":[{"href":"https:\/\/buendiaestudios.com\/en\/wp-json\/wp\/v2\/posts"}],"about":[{"href":"https:\/\/buendiaestudios.com\/en\/wp-json\/wp\/v2\/types\/post"}],"author":[{"embeddable":true,"href":"https:\/\/buendiaestudios.com\/en\/wp-json\/wp\/v2\/users\/7"}],"replies":[{"embeddable":true,"href":"https:\/\/buendiaestudios.com\/en\/wp-json\/wp\/v2\/comments?post=2973"}],"version-history":[{"count":2,"href":"https:\/\/buendiaestudios.com\/en\/wp-json\/wp\/v2\/posts\/2973\/revisions"}],"predecessor-version":[{"id":3016,"href":"https:\/\/buendiaestudios.com\/en\/wp-json\/wp\/v2\/posts\/2973\/revisions\/3016"}],"wp:featuredmedia":[{"embeddable":true,"href":"https:\/\/buendiaestudios.com\/en\/wp-json\/wp\/v2\/media\/2914"}],"wp:attachment":[{"href":"https:\/\/buendiaestudios.com\/en\/wp-json\/wp\/v2\/media?parent=2973"}],"wp:term":[{"taxonomy":"category","embeddable":true,"href":"https:\/\/buendiaestudios.com\/en\/wp-json\/wp\/v2\/categories?post=2973"},{"taxonomy":"post_tag","embeddable":true,"href":"https:\/\/buendiaestudios.com\/en\/wp-json\/wp\/v2\/tags?post=2973"}],"curies":[{"name":"wp","href":"https:\/\/api.w.org\/{rel}","templated":true}]}}