{"id":2969,"date":"2022-09-28T11:33:25","date_gmt":"2022-09-28T11:33:25","guid":{"rendered":"https:\/\/buendiaestudios.com\/2022\/09\/28\/buendia-estudios-anuncia-la-produccion-la-pasion-turca-para-antena-3\/"},"modified":"2022-11-23T17:54:38","modified_gmt":"2022-11-23T17:54:38","slug":"buendia-estudios-anuncia-la-produccion-la-pasion-turca-para-antena-3","status":"publish","type":"post","link":"https:\/\/buendiaestudios.com\/en\/2022\/09\/28\/buendia-estudios-anuncia-la-produccion-la-pasion-turca-para-antena-3\/","title":{"rendered":"Buend\u00eda Estudios announces the production &#8216;La pasi\u00f3n turca&#8217; for Antena 3"},"content":{"rendered":"\n<p>Buend\u00eda Estudios today presented its news at Iberseries, in the keynote &#8216;Buend\u00eda Estudios: talent, trends and business models&#8217;, in which <strong>Ignacio Corrales <\/strong>(General Manager) and <strong>Sonia Martinez<\/strong> (Editorial Director) have announced the start of shooting a new fiction <strong>based on the novel by Antonio Gala &#8216;La pasi\u00f3n turca&#8217;<\/strong>, destined for Antena 3 and ATRESplayer PREMIUM, among other headlines <\/p>\n\n\n\n<p><mark style=\"background-color:rgba(0, 0, 0, 0)\" class=\"has-inline-color has-luminous-vivid-orange-color\">&#8216;La pasi\u00f3n turca&#8217; begins Filming in Istanbul<\/mark><\/p>\n\n\n\n<p>&#8216;La pasi\u00f3n turca&#8217; is an updated vision of the famous novel by Antonio Gala. An original series from Atresmedia TV in which <strong>Montse Garc\u00eda, Sonia Mart\u00ednez and Amparo Miralles are executive producers<\/strong>. This <strong>six-episode drama<\/strong> is written by Irene Rodr\u00edguez (&#8216;Dos vidas&#8217;, &#8216;La otra mirada&#8217;) and Esther Morales and directed by I\u00f1aki Pe\u00f1afiel. Emilio Gimenez leads the production team that includes Teo Delgado in the Photography direction, with Juan Carlos Bilbao in the Art direction and Jaime Barros in the direction of Sound. Juan Antonio Bello Caballero and Romana Gonz\u00e1lez direct the Wardrobe and Makeup teams, respectively.<\/p>\n\n\n\n<p><strong>Filming begins at the end of October in Istanbul<\/strong>, where it will last seven weeks before moving to Madrid. The cast will be made up of Spanish, Turkish and Italian names.<\/p>\n\n\n\n<p>The novel is published by Editorial Planeta. Audiovisual rights have been managed by Book &amp; Film Rights of the editorial division.<\/p>\n\n\n\n<p><mark style=\"background-color:rgba(0, 0, 0, 0)\" class=\"has-inline-color has-luminous-vivid-orange-color\">SYNOPSIS<\/mark><\/p>\n\n\n\n<p>Olivia, a Spanish fine arts teacher with a brilliant career, wakes up from a coma in an Istanbul hospital after attempting suicide. There she answers the questions of an inspector who is investigating Olivia&#8217;s collaboration in an art smuggling network with Yaman, her Turkish lover.<\/p>\n\n\n\n<p>The story of the protagonist reconstructs in two stages the overwhelming passion that she lived with Yaman and that made her abandon her life project in Spain. A story full of lights and shadows about which Olivia does not always tell the truth, which fuels the mystery that surrounds her stay in Turkey and her participation in the man&#8217;s dangerous businesses.<\/p>\n\n\n\n<p> To break out of jail and gain protection from the authorities, Olivia must return to Yaman&#8217;s side and inform the police of her movements. An act as brave as it is desperate: is Olivia acting to save herself or to save Yamam and her love story? <\/p>\n\n\n\n<hr class=\"wp-block-separator has-alpha-channel-opacity\"\/>\n\n\n\n<p><strong>&#8216;El \u00e1ngel perdido&#8217; by Javier Sierra<\/strong>, in development under the Buend\u00eda Estudios-Universal International Studios agreement.<\/p>\n\n\n\n<p>Last March, <strong>Buend\u00eda and Universal International Studios signed an agreement to co-develop and produce original series for the Spanish-speaking market<\/strong>, a fundamental step in Buend\u00eda&#8217;s strategy for creating of premium content in Spanish for global audiences.<\/p>\n\n\n\n<p>Buend\u00eda Estudios and Universal International Studios are developing an adaptation of Javier Sierra&#8217;s bestseller &#8216;El \u00e1ngel perdido&#8217;, by virtue of this agreement.<\/p>\n\n\n\n<p>The novel &#8216;El \u00e1ngel perdido&#8217; is published by Editorial Planeta. Scenic rights has been the manager of audiovisual rights.<\/p>\n","protected":false},"excerpt":{"rendered":"<p>In addition, the production company has unveiled the project &#8216;El \u00e1ngel perdido&#8217;, an adaptation of Javier Sierra&#8217;s bestseller, currently in development under the agreement between Buend\u00eda Estudios and Universal International Studios.<\/p>\n","protected":false},"author":7,"featured_media":2788,"comment_status":"closed","ping_status":"closed","sticky":false,"template":"","format":"standard","meta":{"_acf_changed":false,"footnotes":""},"categories":[1],"tags":[],"class_list":["post-2969","post","type-post","status-publish","format-standard","has-post-thumbnail","hentry","category-sin-categorizar"],"acf":[],"yoast_head":"<!-- This site is optimized with the Yoast SEO plugin v27.4 - https:\/\/yoast.com\/product\/yoast-seo-wordpress\/ -->\n<title>Buend\u00eda Estudios announces the production &#039;La pasi\u00f3n turca&#039; for Antena 3 - Buend\u00eda Estudios<\/title>\n<meta name=\"robots\" content=\"index, follow, max-snippet:-1, max-image-preview:large, max-video-preview:-1\" \/>\n<link rel=\"canonical\" href=\"https:\/\/buendiaestudios.com\/en\/2022\/09\/28\/buendia-estudios-anuncia-la-produccion-la-pasion-turca-para-antena-3\/\" \/>\n<meta property=\"og:locale\" content=\"en_US\" \/>\n<meta property=\"og:type\" content=\"article\" \/>\n<meta property=\"og:title\" content=\"Buend\u00eda Estudios announces the production &#039;La pasi\u00f3n turca&#039; for Antena 3 - Buend\u00eda Estudios\" \/>\n<meta property=\"og:description\" content=\"In addition, the production company has unveiled the project &#039;El \u00e1ngel perdido&#039;, an adaptation of Javier Sierra&#039;s bestseller, currently in development under the agreement between Buend\u00eda Estudios and Universal International Studios.\" \/>\n<meta property=\"og:url\" content=\"https:\/\/buendiaestudios.com\/en\/2022\/09\/28\/buendia-estudios-anuncia-la-produccion-la-pasion-turca-para-antena-3\/\" \/>\n<meta property=\"og:site_name\" content=\"Buend\u00eda Estudios\" \/>\n<meta property=\"article:publisher\" content=\"https:\/\/www.facebook.com\/buendiaestudios\" \/>\n<meta property=\"article:published_time\" content=\"2022-09-28T11:33:25+00:00\" \/>\n<meta property=\"article:modified_time\" content=\"2022-11-23T17:54:38+00:00\" \/>\n<meta property=\"og:image\" content=\"https:\/\/buendiaestudios.com\/media\/2022\/09\/pasion2.webp\" \/>\n\t<meta property=\"og:image:width\" content=\"1200\" \/>\n\t<meta property=\"og:image:height\" content=\"1200\" \/>\n\t<meta property=\"og:image:type\" content=\"image\/webp\" \/>\n<meta name=\"author\" content=\"marta\" \/>\n<meta name=\"twitter:card\" content=\"summary_large_image\" \/>\n<meta name=\"twitter:creator\" content=\"@BuendiaEstudios\" \/>\n<meta name=\"twitter:site\" content=\"@BuendiaEstudios\" \/>\n<meta name=\"twitter:label1\" content=\"Written by\" \/>\n\t<meta name=\"twitter:data1\" content=\"marta\" \/>\n\t<meta name=\"twitter:label2\" content=\"Est. reading time\" \/>\n\t<meta name=\"twitter:data2\" content=\"3 minutes\" \/>\n<script type=\"application\/ld+json\" class=\"yoast-schema-graph\">{\"@context\":\"https:\\\/\\\/schema.org\",\"@graph\":[{\"@type\":\"Article\",\"@id\":\"https:\\\/\\\/buendiaestudios.com\\\/en\\\/2022\\\/09\\\/28\\\/buendia-estudios-anuncia-la-produccion-la-pasion-turca-para-antena-3\\\/#article\",\"isPartOf\":{\"@id\":\"https:\\\/\\\/buendiaestudios.com\\\/en\\\/2022\\\/09\\\/28\\\/buendia-estudios-anuncia-la-produccion-la-pasion-turca-para-antena-3\\\/\"},\"author\":{\"name\":\"marta\",\"@id\":\"https:\\\/\\\/buendiaestudios.com\\\/#\\\/schema\\\/person\\\/192bd02e2f753421ea259f0f385c594a\"},\"headline\":\"Buend\u00eda Estudios announces the production &#8216;La pasi\u00f3n turca&#8217; for Antena 3\",\"datePublished\":\"2022-09-28T11:33:25+00:00\",\"dateModified\":\"2022-11-23T17:54:38+00:00\",\"mainEntityOfPage\":{\"@id\":\"https:\\\/\\\/buendiaestudios.com\\\/en\\\/2022\\\/09\\\/28\\\/buendia-estudios-anuncia-la-produccion-la-pasion-turca-para-antena-3\\\/\"},\"wordCount\":490,\"publisher\":{\"@id\":\"https:\\\/\\\/buendiaestudios.com\\\/#organization\"},\"image\":{\"@id\":\"https:\\\/\\\/buendiaestudios.com\\\/en\\\/2022\\\/09\\\/28\\\/buendia-estudios-anuncia-la-produccion-la-pasion-turca-para-antena-3\\\/#primaryimage\"},\"thumbnailUrl\":\"https:\\\/\\\/buendiaestudios.com\\\/wp-content\\\/uploads\\\/2022\\\/09\\\/pasion2.webp\",\"articleSection\":[\"Sin categorizar\"],\"inLanguage\":\"en-US\"},{\"@type\":\"WebPage\",\"@id\":\"https:\\\/\\\/buendiaestudios.com\\\/en\\\/2022\\\/09\\\/28\\\/buendia-estudios-anuncia-la-produccion-la-pasion-turca-para-antena-3\\\/\",\"url\":\"https:\\\/\\\/buendiaestudios.com\\\/en\\\/2022\\\/09\\\/28\\\/buendia-estudios-anuncia-la-produccion-la-pasion-turca-para-antena-3\\\/\",\"name\":\"Buend\u00eda Estudios announces the production 'La pasi\u00f3n turca' for Antena 3 - Buend\u00eda Estudios\",\"isPartOf\":{\"@id\":\"https:\\\/\\\/buendiaestudios.com\\\/#website\"},\"primaryImageOfPage\":{\"@id\":\"https:\\\/\\\/buendiaestudios.com\\\/en\\\/2022\\\/09\\\/28\\\/buendia-estudios-anuncia-la-produccion-la-pasion-turca-para-antena-3\\\/#primaryimage\"},\"image\":{\"@id\":\"https:\\\/\\\/buendiaestudios.com\\\/en\\\/2022\\\/09\\\/28\\\/buendia-estudios-anuncia-la-produccion-la-pasion-turca-para-antena-3\\\/#primaryimage\"},\"thumbnailUrl\":\"https:\\\/\\\/buendiaestudios.com\\\/wp-content\\\/uploads\\\/2022\\\/09\\\/pasion2.webp\",\"datePublished\":\"2022-09-28T11:33:25+00:00\",\"dateModified\":\"2022-11-23T17:54:38+00:00\",\"breadcrumb\":{\"@id\":\"https:\\\/\\\/buendiaestudios.com\\\/en\\\/2022\\\/09\\\/28\\\/buendia-estudios-anuncia-la-produccion-la-pasion-turca-para-antena-3\\\/#breadcrumb\"},\"inLanguage\":\"en-US\",\"potentialAction\":[{\"@type\":\"ReadAction\",\"target\":[\"https:\\\/\\\/buendiaestudios.com\\\/en\\\/2022\\\/09\\\/28\\\/buendia-estudios-anuncia-la-produccion-la-pasion-turca-para-antena-3\\\/\"]}]},{\"@type\":\"ImageObject\",\"inLanguage\":\"en-US\",\"@id\":\"https:\\\/\\\/buendiaestudios.com\\\/en\\\/2022\\\/09\\\/28\\\/buendia-estudios-anuncia-la-produccion-la-pasion-turca-para-antena-3\\\/#primaryimage\",\"url\":\"https:\\\/\\\/buendiaestudios.com\\\/wp-content\\\/uploads\\\/2022\\\/09\\\/pasion2.webp\",\"contentUrl\":\"https:\\\/\\\/buendiaestudios.com\\\/wp-content\\\/uploads\\\/2022\\\/09\\\/pasion2.webp\",\"width\":1200,\"height\":1200,\"caption\":\"La pasi\u00f3n turca\"},{\"@type\":\"BreadcrumbList\",\"@id\":\"https:\\\/\\\/buendiaestudios.com\\\/en\\\/2022\\\/09\\\/28\\\/buendia-estudios-anuncia-la-produccion-la-pasion-turca-para-antena-3\\\/#breadcrumb\",\"itemListElement\":[{\"@type\":\"ListItem\",\"position\":1,\"name\":\"Portada\",\"item\":\"https:\\\/\\\/buendiaestudios.com\\\/en\\\/\"},{\"@type\":\"ListItem\",\"position\":2,\"name\":\"Buend\u00eda Estudios announces the production &#8216;La pasi\u00f3n turca&#8217; for Antena 3\"}]},{\"@type\":\"WebSite\",\"@id\":\"https:\\\/\\\/buendiaestudios.com\\\/#website\",\"url\":\"https:\\\/\\\/buendiaestudios.com\\\/\",\"name\":\"Buend\u00eda Estudios\",\"description\":\"BUEND\u00cdA ESTUDIOS is an independent production company of audiovisual content created by ATRESMEDIA and TELEFONICA (through Movistar+), in a strategic alliance.\",\"publisher\":{\"@id\":\"https:\\\/\\\/buendiaestudios.com\\\/#organization\"},\"potentialAction\":[{\"@type\":\"SearchAction\",\"target\":{\"@type\":\"EntryPoint\",\"urlTemplate\":\"https:\\\/\\\/buendiaestudios.com\\\/?s={search_term_string}\"},\"query-input\":{\"@type\":\"PropertyValueSpecification\",\"valueRequired\":true,\"valueName\":\"search_term_string\"}}],\"inLanguage\":\"en-US\"},{\"@type\":\"Organization\",\"@id\":\"https:\\\/\\\/buendiaestudios.com\\\/#organization\",\"name\":\"Buend\u00eda Estudios\",\"url\":\"https:\\\/\\\/buendiaestudios.com\\\/\",\"logo\":{\"@type\":\"ImageObject\",\"inLanguage\":\"en-US\",\"@id\":\"https:\\\/\\\/buendiaestudios.com\\\/#\\\/schema\\\/logo\\\/image\\\/\",\"url\":\"https:\\\/\\\/buendiaestudios.com\\\/wp-content\\\/uploads\\\/2021\\\/02\\\/logo-buendia-estudios.jpg\",\"contentUrl\":\"https:\\\/\\\/buendiaestudios.com\\\/wp-content\\\/uploads\\\/2021\\\/02\\\/logo-buendia-estudios.jpg\",\"width\":988,\"height\":325,\"caption\":\"Buend\u00eda Estudios\"},\"image\":{\"@id\":\"https:\\\/\\\/buendiaestudios.com\\\/#\\\/schema\\\/logo\\\/image\\\/\"},\"sameAs\":[\"https:\\\/\\\/www.facebook.com\\\/buendiaestudios\",\"https:\\\/\\\/x.com\\\/BuendiaEstudios\",\"https:\\\/\\\/www.instagram.com\\\/buendiaestudios\\\/\",\"https:\\\/\\\/www.linkedin.com\\\/company\\\/buend\u00eda-estudios\\\/\"]},{\"@type\":\"Person\",\"@id\":\"https:\\\/\\\/buendiaestudios.com\\\/#\\\/schema\\\/person\\\/192bd02e2f753421ea259f0f385c594a\",\"name\":\"marta\",\"image\":{\"@type\":\"ImageObject\",\"inLanguage\":\"en-US\",\"@id\":\"https:\\\/\\\/secure.gravatar.com\\\/avatar\\\/fd1aad5206beed12165c47b25a60bc78225dd9bee5c531dbfed1e9cc445e712c?s=96&d=mm&r=g\",\"url\":\"https:\\\/\\\/secure.gravatar.com\\\/avatar\\\/fd1aad5206beed12165c47b25a60bc78225dd9bee5c531dbfed1e9cc445e712c?s=96&d=mm&r=g\",\"contentUrl\":\"https:\\\/\\\/secure.gravatar.com\\\/avatar\\\/fd1aad5206beed12165c47b25a60bc78225dd9bee5c531dbfed1e9cc445e712c?s=96&d=mm&r=g\",\"caption\":\"marta\"}}]}<\/script>\n<!-- \/ Yoast SEO plugin. -->","yoast_head_json":{"title":"Buend\u00eda Estudios announces the production 'La pasi\u00f3n turca' for Antena 3 - Buend\u00eda Estudios","robots":{"index":"index","follow":"follow","max-snippet":"max-snippet:-1","max-image-preview":"max-image-preview:large","max-video-preview":"max-video-preview:-1"},"canonical":"https:\/\/buendiaestudios.com\/en\/2022\/09\/28\/buendia-estudios-anuncia-la-produccion-la-pasion-turca-para-antena-3\/","og_locale":"en_US","og_type":"article","og_title":"Buend\u00eda Estudios announces the production 'La pasi\u00f3n turca' for Antena 3 - Buend\u00eda Estudios","og_description":"In addition, the production company has unveiled the project 'El \u00e1ngel perdido', an adaptation of Javier Sierra's bestseller, currently in development under the agreement between Buend\u00eda Estudios and Universal International Studios.","og_url":"https:\/\/buendiaestudios.com\/en\/2022\/09\/28\/buendia-estudios-anuncia-la-produccion-la-pasion-turca-para-antena-3\/","og_site_name":"Buend\u00eda Estudios","article_publisher":"https:\/\/www.facebook.com\/buendiaestudios","article_published_time":"2022-09-28T11:33:25+00:00","article_modified_time":"2022-11-23T17:54:38+00:00","og_image":[{"width":1200,"height":1200,"url":"https:\/\/buendiaestudios.com\/media\/2022\/09\/pasion2.webp","type":"image\/webp"}],"author":"marta","twitter_card":"summary_large_image","twitter_creator":"@BuendiaEstudios","twitter_site":"@BuendiaEstudios","twitter_misc":{"Written by":"marta","Est. reading time":"3 minutes"},"schema":{"@context":"https:\/\/schema.org","@graph":[{"@type":"Article","@id":"https:\/\/buendiaestudios.com\/en\/2022\/09\/28\/buendia-estudios-anuncia-la-produccion-la-pasion-turca-para-antena-3\/#article","isPartOf":{"@id":"https:\/\/buendiaestudios.com\/en\/2022\/09\/28\/buendia-estudios-anuncia-la-produccion-la-pasion-turca-para-antena-3\/"},"author":{"name":"marta","@id":"https:\/\/buendiaestudios.com\/#\/schema\/person\/192bd02e2f753421ea259f0f385c594a"},"headline":"Buend\u00eda Estudios announces the production &#8216;La pasi\u00f3n turca&#8217; for Antena 3","datePublished":"2022-09-28T11:33:25+00:00","dateModified":"2022-11-23T17:54:38+00:00","mainEntityOfPage":{"@id":"https:\/\/buendiaestudios.com\/en\/2022\/09\/28\/buendia-estudios-anuncia-la-produccion-la-pasion-turca-para-antena-3\/"},"wordCount":490,"publisher":{"@id":"https:\/\/buendiaestudios.com\/#organization"},"image":{"@id":"https:\/\/buendiaestudios.com\/en\/2022\/09\/28\/buendia-estudios-anuncia-la-produccion-la-pasion-turca-para-antena-3\/#primaryimage"},"thumbnailUrl":"https:\/\/buendiaestudios.com\/media\/2022\/09\/pasion2.webp","articleSection":["Sin categorizar"],"inLanguage":"en-US"},{"@type":"WebPage","@id":"https:\/\/buendiaestudios.com\/en\/2022\/09\/28\/buendia-estudios-anuncia-la-produccion-la-pasion-turca-para-antena-3\/","url":"https:\/\/buendiaestudios.com\/en\/2022\/09\/28\/buendia-estudios-anuncia-la-produccion-la-pasion-turca-para-antena-3\/","name":"Buend\u00eda Estudios announces the production 'La pasi\u00f3n turca' for Antena 3 - Buend\u00eda Estudios","isPartOf":{"@id":"https:\/\/buendiaestudios.com\/#website"},"primaryImageOfPage":{"@id":"https:\/\/buendiaestudios.com\/en\/2022\/09\/28\/buendia-estudios-anuncia-la-produccion-la-pasion-turca-para-antena-3\/#primaryimage"},"image":{"@id":"https:\/\/buendiaestudios.com\/en\/2022\/09\/28\/buendia-estudios-anuncia-la-produccion-la-pasion-turca-para-antena-3\/#primaryimage"},"thumbnailUrl":"https:\/\/buendiaestudios.com\/media\/2022\/09\/pasion2.webp","datePublished":"2022-09-28T11:33:25+00:00","dateModified":"2022-11-23T17:54:38+00:00","breadcrumb":{"@id":"https:\/\/buendiaestudios.com\/en\/2022\/09\/28\/buendia-estudios-anuncia-la-produccion-la-pasion-turca-para-antena-3\/#breadcrumb"},"inLanguage":"en-US","potentialAction":[{"@type":"ReadAction","target":["https:\/\/buendiaestudios.com\/en\/2022\/09\/28\/buendia-estudios-anuncia-la-produccion-la-pasion-turca-para-antena-3\/"]}]},{"@type":"ImageObject","inLanguage":"en-US","@id":"https:\/\/buendiaestudios.com\/en\/2022\/09\/28\/buendia-estudios-anuncia-la-produccion-la-pasion-turca-para-antena-3\/#primaryimage","url":"https:\/\/buendiaestudios.com\/media\/2022\/09\/pasion2.webp","contentUrl":"https:\/\/buendiaestudios.com\/media\/2022\/09\/pasion2.webp","width":1200,"height":1200,"caption":"La pasi\u00f3n turca"},{"@type":"BreadcrumbList","@id":"https:\/\/buendiaestudios.com\/en\/2022\/09\/28\/buendia-estudios-anuncia-la-produccion-la-pasion-turca-para-antena-3\/#breadcrumb","itemListElement":[{"@type":"ListItem","position":1,"name":"Portada","item":"https:\/\/buendiaestudios.com\/en\/"},{"@type":"ListItem","position":2,"name":"Buend\u00eda Estudios announces the production &#8216;La pasi\u00f3n turca&#8217; for Antena 3"}]},{"@type":"WebSite","@id":"https:\/\/buendiaestudios.com\/#website","url":"https:\/\/buendiaestudios.com\/","name":"Buend\u00eda Estudios","description":"BUEND\u00cdA ESTUDIOS is an independent production company of audiovisual content created by ATRESMEDIA and TELEFONICA (through Movistar+), in a strategic alliance.","publisher":{"@id":"https:\/\/buendiaestudios.com\/#organization"},"potentialAction":[{"@type":"SearchAction","target":{"@type":"EntryPoint","urlTemplate":"https:\/\/buendiaestudios.com\/?s={search_term_string}"},"query-input":{"@type":"PropertyValueSpecification","valueRequired":true,"valueName":"search_term_string"}}],"inLanguage":"en-US"},{"@type":"Organization","@id":"https:\/\/buendiaestudios.com\/#organization","name":"Buend\u00eda Estudios","url":"https:\/\/buendiaestudios.com\/","logo":{"@type":"ImageObject","inLanguage":"en-US","@id":"https:\/\/buendiaestudios.com\/#\/schema\/logo\/image\/","url":"https:\/\/buendiaestudios.com\/media\/2021\/02\/logo-buendia-estudios.jpg","contentUrl":"https:\/\/buendiaestudios.com\/media\/2021\/02\/logo-buendia-estudios.jpg","width":988,"height":325,"caption":"Buend\u00eda Estudios"},"image":{"@id":"https:\/\/buendiaestudios.com\/#\/schema\/logo\/image\/"},"sameAs":["https:\/\/www.facebook.com\/buendiaestudios","https:\/\/x.com\/BuendiaEstudios","https:\/\/www.instagram.com\/buendiaestudios\/","https:\/\/www.linkedin.com\/company\/buend\u00eda-estudios\/"]},{"@type":"Person","@id":"https:\/\/buendiaestudios.com\/#\/schema\/person\/192bd02e2f753421ea259f0f385c594a","name":"marta","image":{"@type":"ImageObject","inLanguage":"en-US","@id":"https:\/\/secure.gravatar.com\/avatar\/fd1aad5206beed12165c47b25a60bc78225dd9bee5c531dbfed1e9cc445e712c?s=96&d=mm&r=g","url":"https:\/\/secure.gravatar.com\/avatar\/fd1aad5206beed12165c47b25a60bc78225dd9bee5c531dbfed1e9cc445e712c?s=96&d=mm&r=g","contentUrl":"https:\/\/secure.gravatar.com\/avatar\/fd1aad5206beed12165c47b25a60bc78225dd9bee5c531dbfed1e9cc445e712c?s=96&d=mm&r=g","caption":"marta"}}]}},"_links":{"self":[{"href":"https:\/\/buendiaestudios.com\/en\/wp-json\/wp\/v2\/posts\/2969","targetHints":{"allow":["GET"]}}],"collection":[{"href":"https:\/\/buendiaestudios.com\/en\/wp-json\/wp\/v2\/posts"}],"about":[{"href":"https:\/\/buendiaestudios.com\/en\/wp-json\/wp\/v2\/types\/post"}],"author":[{"embeddable":true,"href":"https:\/\/buendiaestudios.com\/en\/wp-json\/wp\/v2\/users\/7"}],"replies":[{"embeddable":true,"href":"https:\/\/buendiaestudios.com\/en\/wp-json\/wp\/v2\/comments?post=2969"}],"version-history":[{"count":3,"href":"https:\/\/buendiaestudios.com\/en\/wp-json\/wp\/v2\/posts\/2969\/revisions"}],"predecessor-version":[{"id":3007,"href":"https:\/\/buendiaestudios.com\/en\/wp-json\/wp\/v2\/posts\/2969\/revisions\/3007"}],"wp:featuredmedia":[{"embeddable":true,"href":"https:\/\/buendiaestudios.com\/en\/wp-json\/wp\/v2\/media\/2788"}],"wp:attachment":[{"href":"https:\/\/buendiaestudios.com\/en\/wp-json\/wp\/v2\/media?parent=2969"}],"wp:term":[{"taxonomy":"category","embeddable":true,"href":"https:\/\/buendiaestudios.com\/en\/wp-json\/wp\/v2\/categories?post=2969"},{"taxonomy":"post_tag","embeddable":true,"href":"https:\/\/buendiaestudios.com\/en\/wp-json\/wp\/v2\/tags?post=2969"}],"curies":[{"name":"wp","href":"https:\/\/api.w.org\/{rel}","templated":true}]}}