{"id":2743,"date":"2022-09-08T11:18:08","date_gmt":"2022-09-08T11:18:08","guid":{"rendered":"https:\/\/buendiaestudios.com\/2022\/09\/08\/atresplayer-premium-presenta-los-protegidos-a-d-n-en-el-festval-y-lanza-su-cartel-oficial\/"},"modified":"2022-11-23T17:51:46","modified_gmt":"2022-11-23T17:51:46","slug":"atresplayer-premium-presenta-los-protegidos-a-d-n-en-el-festval-y-lanza-su-cartel-oficial","status":"publish","type":"post","link":"https:\/\/buendiaestudios.com\/en\/2022\/09\/08\/atresplayer-premium-presenta-los-protegidos-a-d-n-en-el-festval-y-lanza-su-cartel-oficial\/","title":{"rendered":"ATRESplayer PREMIUM presents \u2018Los Protegidos: A.D.N.\u2019 in the FesTVal and launches the official poster"},"content":{"rendered":"\n<p><strong>ATRESplayer PREMIUM<\/strong>\u00a0will release very soon the second season of \u00a0<strong>\u2018Los Protegidos: A.D.N.\u2019<\/strong>, the title of the new episodes of the fiction. To introduce this season to the audience, the series launches\u00a0<strong>the official posters<\/strong>\u00a0of the main characters. Besides, the first episode of\u00a0<strong>\u2018Los Protegidos: A.D.N.\u2019\u00a0<\/strong>can be enjoyed this Friday September 9th in a premiere with the cast during the <strong>FesTVal 2022<\/strong>.<\/p>\n\n\n\n<p>In the new instalments<strong>&nbsp;Marta Torn\u00e9, Esmeralda Moya and Ra\u00fal M\u00e9rida&nbsp;<\/strong>take up the characters they gave life to in the classic \u2018Los Protegidos\u2019. The rest of the cast includes&nbsp;<strong>Emilio Buale<\/strong>,&nbsp;<strong>Irina Bravo<\/strong>,&nbsp;<strong>Gabriela Andrada<\/strong>,&nbsp;<strong>Raquel P\u00e9rez<\/strong>,&nbsp;<strong>Jos\u00e9 Sospedra<\/strong>,&nbsp;<strong>\u00c1ngel Mart\u00ednez, Xavi Caudevilla and Anna Nacher<\/strong>&nbsp;as main additions to the plot.<\/p>\n\n\n\n<p><strong>Antonio Garrido, Ana Fern\u00e1ndez, Luis Fern\u00e1ndez, Mario Marzo, Daniel Avil\u00e9s, Gracia Olayo, \u00d3scar Ladoire, Maripaz Sagayo, Maggie Garc\u00eda, Carlotta Cosials, Cosette Silguero and Javier Mendo<\/strong>&nbsp;will continue in the series this second year.<\/p>\n\n\n\n<p><strong>The second season of \u2018Los Protegidos: A.D.N.\u2019 starts with Sandra and Culebra\u2019s wedding<\/strong>, one of the most expected events by the loyal followers of the series and that will help to reunite the family. &nbsp;<\/p>\n\n\n\n<p>\u2018Los Protegidos: A.D.N.\u2019 is&nbsp;<strong>a production by Atresmedia Televisi\u00f3n in collaboration with Buend\u00eda Estudios and Boomerang TV<\/strong>. The series will be seen out of Spain too, available through the international version of ATRESplayer PREMIUM and Atreseries International.<\/p>\n\n\n\n<p>Montse Garc\u00eda, Sonia Mart\u00ednez, Jorge Redondo and Carlos Garc\u00eda Miranda are the executive producers, the scriptwriters are Carlos Garc\u00eda Miranda and Luis Gamboa and the directors are Pablo Guerrero and Daniel Romero. The production directors are Teddy Villalba and Pepe Ripoll.<\/p>\n","protected":false},"excerpt":{"rendered":"<p>The first episode of the second season of this successful fiction can be enjoyed this Friday September 9th in a premiere with the cast during the FesTVal 2022.<\/p>\n","protected":false},"author":7,"featured_media":2731,"comment_status":"closed","ping_status":"closed","sticky":false,"template":"","format":"standard","meta":{"_acf_changed":false,"footnotes":""},"categories":[1],"tags":[],"class_list":["post-2743","post","type-post","status-publish","format-standard","has-post-thumbnail","hentry","category-sin-categorizar"],"acf":[],"yoast_head":"<!-- This site is optimized with the Yoast SEO plugin v27.4 - https:\/\/yoast.com\/product\/yoast-seo-wordpress\/ -->\n<title>ATRESplayer PREMIUM presents \u2018Los Protegidos: A.D.N.\u2019 in the FesTVal and launches the official poster - Buend\u00eda Estudios<\/title>\n<meta name=\"robots\" content=\"index, follow, max-snippet:-1, max-image-preview:large, max-video-preview:-1\" \/>\n<link rel=\"canonical\" href=\"https:\/\/buendiaestudios.com\/en\/2022\/09\/08\/atresplayer-premium-presenta-los-protegidos-a-d-n-en-el-festval-y-lanza-su-cartel-oficial\/\" \/>\n<meta property=\"og:locale\" content=\"en_US\" \/>\n<meta property=\"og:type\" content=\"article\" \/>\n<meta property=\"og:title\" content=\"ATRESplayer PREMIUM presents \u2018Los Protegidos: A.D.N.\u2019 in the FesTVal and launches the official poster - Buend\u00eda Estudios\" \/>\n<meta property=\"og:description\" content=\"The first episode of the second season of this successful fiction can be enjoyed this Friday September 9th in a premiere with the cast during the FesTVal 2022.\" \/>\n<meta property=\"og:url\" content=\"https:\/\/buendiaestudios.com\/en\/2022\/09\/08\/atresplayer-premium-presenta-los-protegidos-a-d-n-en-el-festval-y-lanza-su-cartel-oficial\/\" \/>\n<meta property=\"og:site_name\" content=\"Buend\u00eda Estudios\" \/>\n<meta property=\"article:publisher\" content=\"https:\/\/www.facebook.com\/buendiaestudios\" \/>\n<meta property=\"article:published_time\" content=\"2022-09-08T11:18:08+00:00\" \/>\n<meta property=\"article:modified_time\" content=\"2022-11-23T17:51:46+00:00\" \/>\n<meta property=\"og:image\" content=\"https:\/\/buendiaestudios.com\/media\/2022\/09\/baja-los-protegidos-adn.jpg\" \/>\n\t<meta property=\"og:image:width\" content=\"1200\" \/>\n\t<meta property=\"og:image:height\" content=\"1529\" \/>\n\t<meta property=\"og:image:type\" content=\"image\/jpeg\" \/>\n<meta name=\"author\" content=\"marta\" \/>\n<meta name=\"twitter:card\" content=\"summary_large_image\" \/>\n<meta name=\"twitter:creator\" content=\"@BuendiaEstudios\" \/>\n<meta name=\"twitter:site\" content=\"@BuendiaEstudios\" \/>\n<meta name=\"twitter:label1\" content=\"Written by\" \/>\n\t<meta name=\"twitter:data1\" content=\"marta\" \/>\n\t<meta name=\"twitter:label2\" content=\"Est. reading time\" \/>\n\t<meta name=\"twitter:data2\" content=\"2 minutes\" \/>\n<script type=\"application\/ld+json\" class=\"yoast-schema-graph\">{\"@context\":\"https:\\\/\\\/schema.org\",\"@graph\":[{\"@type\":\"Article\",\"@id\":\"https:\\\/\\\/buendiaestudios.com\\\/en\\\/2022\\\/09\\\/08\\\/atresplayer-premium-presenta-los-protegidos-a-d-n-en-el-festval-y-lanza-su-cartel-oficial\\\/#article\",\"isPartOf\":{\"@id\":\"https:\\\/\\\/buendiaestudios.com\\\/en\\\/2022\\\/09\\\/08\\\/atresplayer-premium-presenta-los-protegidos-a-d-n-en-el-festval-y-lanza-su-cartel-oficial\\\/\"},\"author\":{\"name\":\"marta\",\"@id\":\"https:\\\/\\\/buendiaestudios.com\\\/#\\\/schema\\\/person\\\/192bd02e2f753421ea259f0f385c594a\"},\"headline\":\"ATRESplayer PREMIUM presents \u2018Los Protegidos: A.D.N.\u2019 in the FesTVal and launches the official poster\",\"datePublished\":\"2022-09-08T11:18:08+00:00\",\"dateModified\":\"2022-11-23T17:51:46+00:00\",\"mainEntityOfPage\":{\"@id\":\"https:\\\/\\\/buendiaestudios.com\\\/en\\\/2022\\\/09\\\/08\\\/atresplayer-premium-presenta-los-protegidos-a-d-n-en-el-festval-y-lanza-su-cartel-oficial\\\/\"},\"wordCount\":312,\"publisher\":{\"@id\":\"https:\\\/\\\/buendiaestudios.com\\\/#organization\"},\"image\":{\"@id\":\"https:\\\/\\\/buendiaestudios.com\\\/en\\\/2022\\\/09\\\/08\\\/atresplayer-premium-presenta-los-protegidos-a-d-n-en-el-festval-y-lanza-su-cartel-oficial\\\/#primaryimage\"},\"thumbnailUrl\":\"https:\\\/\\\/buendiaestudios.com\\\/wp-content\\\/uploads\\\/2022\\\/09\\\/baja-los-protegidos-adn.jpg\",\"articleSection\":[\"Sin categorizar\"],\"inLanguage\":\"en-US\"},{\"@type\":\"WebPage\",\"@id\":\"https:\\\/\\\/buendiaestudios.com\\\/en\\\/2022\\\/09\\\/08\\\/atresplayer-premium-presenta-los-protegidos-a-d-n-en-el-festval-y-lanza-su-cartel-oficial\\\/\",\"url\":\"https:\\\/\\\/buendiaestudios.com\\\/en\\\/2022\\\/09\\\/08\\\/atresplayer-premium-presenta-los-protegidos-a-d-n-en-el-festval-y-lanza-su-cartel-oficial\\\/\",\"name\":\"ATRESplayer PREMIUM presents \u2018Los Protegidos: A.D.N.\u2019 in the FesTVal and launches the official poster - Buend\u00eda Estudios\",\"isPartOf\":{\"@id\":\"https:\\\/\\\/buendiaestudios.com\\\/#website\"},\"primaryImageOfPage\":{\"@id\":\"https:\\\/\\\/buendiaestudios.com\\\/en\\\/2022\\\/09\\\/08\\\/atresplayer-premium-presenta-los-protegidos-a-d-n-en-el-festval-y-lanza-su-cartel-oficial\\\/#primaryimage\"},\"image\":{\"@id\":\"https:\\\/\\\/buendiaestudios.com\\\/en\\\/2022\\\/09\\\/08\\\/atresplayer-premium-presenta-los-protegidos-a-d-n-en-el-festval-y-lanza-su-cartel-oficial\\\/#primaryimage\"},\"thumbnailUrl\":\"https:\\\/\\\/buendiaestudios.com\\\/wp-content\\\/uploads\\\/2022\\\/09\\\/baja-los-protegidos-adn.jpg\",\"datePublished\":\"2022-09-08T11:18:08+00:00\",\"dateModified\":\"2022-11-23T17:51:46+00:00\",\"breadcrumb\":{\"@id\":\"https:\\\/\\\/buendiaestudios.com\\\/en\\\/2022\\\/09\\\/08\\\/atresplayer-premium-presenta-los-protegidos-a-d-n-en-el-festval-y-lanza-su-cartel-oficial\\\/#breadcrumb\"},\"inLanguage\":\"en-US\",\"potentialAction\":[{\"@type\":\"ReadAction\",\"target\":[\"https:\\\/\\\/buendiaestudios.com\\\/en\\\/2022\\\/09\\\/08\\\/atresplayer-premium-presenta-los-protegidos-a-d-n-en-el-festval-y-lanza-su-cartel-oficial\\\/\"]}]},{\"@type\":\"ImageObject\",\"inLanguage\":\"en-US\",\"@id\":\"https:\\\/\\\/buendiaestudios.com\\\/en\\\/2022\\\/09\\\/08\\\/atresplayer-premium-presenta-los-protegidos-a-d-n-en-el-festval-y-lanza-su-cartel-oficial\\\/#primaryimage\",\"url\":\"https:\\\/\\\/buendiaestudios.com\\\/wp-content\\\/uploads\\\/2022\\\/09\\\/baja-los-protegidos-adn.jpg\",\"contentUrl\":\"https:\\\/\\\/buendiaestudios.com\\\/wp-content\\\/uploads\\\/2022\\\/09\\\/baja-los-protegidos-adn.jpg\",\"width\":1200,\"height\":1529},{\"@type\":\"BreadcrumbList\",\"@id\":\"https:\\\/\\\/buendiaestudios.com\\\/en\\\/2022\\\/09\\\/08\\\/atresplayer-premium-presenta-los-protegidos-a-d-n-en-el-festval-y-lanza-su-cartel-oficial\\\/#breadcrumb\",\"itemListElement\":[{\"@type\":\"ListItem\",\"position\":1,\"name\":\"Portada\",\"item\":\"https:\\\/\\\/buendiaestudios.com\\\/en\\\/\"},{\"@type\":\"ListItem\",\"position\":2,\"name\":\"ATRESplayer PREMIUM presents \u2018Los Protegidos: A.D.N.\u2019 in the FesTVal and launches the official poster\"}]},{\"@type\":\"WebSite\",\"@id\":\"https:\\\/\\\/buendiaestudios.com\\\/#website\",\"url\":\"https:\\\/\\\/buendiaestudios.com\\\/\",\"name\":\"Buend\u00eda Estudios\",\"description\":\"BUEND\u00cdA ESTUDIOS is an independent production company of audiovisual content created by ATRESMEDIA and TELEFONICA (through Movistar+), in a strategic alliance.\",\"publisher\":{\"@id\":\"https:\\\/\\\/buendiaestudios.com\\\/#organization\"},\"potentialAction\":[{\"@type\":\"SearchAction\",\"target\":{\"@type\":\"EntryPoint\",\"urlTemplate\":\"https:\\\/\\\/buendiaestudios.com\\\/?s={search_term_string}\"},\"query-input\":{\"@type\":\"PropertyValueSpecification\",\"valueRequired\":true,\"valueName\":\"search_term_string\"}}],\"inLanguage\":\"en-US\"},{\"@type\":\"Organization\",\"@id\":\"https:\\\/\\\/buendiaestudios.com\\\/#organization\",\"name\":\"Buend\u00eda Estudios\",\"url\":\"https:\\\/\\\/buendiaestudios.com\\\/\",\"logo\":{\"@type\":\"ImageObject\",\"inLanguage\":\"en-US\",\"@id\":\"https:\\\/\\\/buendiaestudios.com\\\/#\\\/schema\\\/logo\\\/image\\\/\",\"url\":\"https:\\\/\\\/buendiaestudios.com\\\/wp-content\\\/uploads\\\/2021\\\/02\\\/logo-buendia-estudios.jpg\",\"contentUrl\":\"https:\\\/\\\/buendiaestudios.com\\\/wp-content\\\/uploads\\\/2021\\\/02\\\/logo-buendia-estudios.jpg\",\"width\":988,\"height\":325,\"caption\":\"Buend\u00eda Estudios\"},\"image\":{\"@id\":\"https:\\\/\\\/buendiaestudios.com\\\/#\\\/schema\\\/logo\\\/image\\\/\"},\"sameAs\":[\"https:\\\/\\\/www.facebook.com\\\/buendiaestudios\",\"https:\\\/\\\/x.com\\\/BuendiaEstudios\",\"https:\\\/\\\/www.instagram.com\\\/buendiaestudios\\\/\",\"https:\\\/\\\/www.linkedin.com\\\/company\\\/buend\u00eda-estudios\\\/\"]},{\"@type\":\"Person\",\"@id\":\"https:\\\/\\\/buendiaestudios.com\\\/#\\\/schema\\\/person\\\/192bd02e2f753421ea259f0f385c594a\",\"name\":\"marta\",\"image\":{\"@type\":\"ImageObject\",\"inLanguage\":\"en-US\",\"@id\":\"https:\\\/\\\/secure.gravatar.com\\\/avatar\\\/fd1aad5206beed12165c47b25a60bc78225dd9bee5c531dbfed1e9cc445e712c?s=96&d=mm&r=g\",\"url\":\"https:\\\/\\\/secure.gravatar.com\\\/avatar\\\/fd1aad5206beed12165c47b25a60bc78225dd9bee5c531dbfed1e9cc445e712c?s=96&d=mm&r=g\",\"contentUrl\":\"https:\\\/\\\/secure.gravatar.com\\\/avatar\\\/fd1aad5206beed12165c47b25a60bc78225dd9bee5c531dbfed1e9cc445e712c?s=96&d=mm&r=g\",\"caption\":\"marta\"}}]}<\/script>\n<!-- \/ Yoast SEO plugin. -->","yoast_head_json":{"title":"ATRESplayer PREMIUM presents \u2018Los Protegidos: A.D.N.\u2019 in the FesTVal and launches the official poster - Buend\u00eda Estudios","robots":{"index":"index","follow":"follow","max-snippet":"max-snippet:-1","max-image-preview":"max-image-preview:large","max-video-preview":"max-video-preview:-1"},"canonical":"https:\/\/buendiaestudios.com\/en\/2022\/09\/08\/atresplayer-premium-presenta-los-protegidos-a-d-n-en-el-festval-y-lanza-su-cartel-oficial\/","og_locale":"en_US","og_type":"article","og_title":"ATRESplayer PREMIUM presents \u2018Los Protegidos: A.D.N.\u2019 in the FesTVal and launches the official poster - Buend\u00eda Estudios","og_description":"The first episode of the second season of this successful fiction can be enjoyed this Friday September 9th in a premiere with the cast during the FesTVal 2022.","og_url":"https:\/\/buendiaestudios.com\/en\/2022\/09\/08\/atresplayer-premium-presenta-los-protegidos-a-d-n-en-el-festval-y-lanza-su-cartel-oficial\/","og_site_name":"Buend\u00eda Estudios","article_publisher":"https:\/\/www.facebook.com\/buendiaestudios","article_published_time":"2022-09-08T11:18:08+00:00","article_modified_time":"2022-11-23T17:51:46+00:00","og_image":[{"width":1200,"height":1529,"url":"https:\/\/buendiaestudios.com\/media\/2022\/09\/baja-los-protegidos-adn.jpg","type":"image\/jpeg"}],"author":"marta","twitter_card":"summary_large_image","twitter_creator":"@BuendiaEstudios","twitter_site":"@BuendiaEstudios","twitter_misc":{"Written by":"marta","Est. reading time":"2 minutes"},"schema":{"@context":"https:\/\/schema.org","@graph":[{"@type":"Article","@id":"https:\/\/buendiaestudios.com\/en\/2022\/09\/08\/atresplayer-premium-presenta-los-protegidos-a-d-n-en-el-festval-y-lanza-su-cartel-oficial\/#article","isPartOf":{"@id":"https:\/\/buendiaestudios.com\/en\/2022\/09\/08\/atresplayer-premium-presenta-los-protegidos-a-d-n-en-el-festval-y-lanza-su-cartel-oficial\/"},"author":{"name":"marta","@id":"https:\/\/buendiaestudios.com\/#\/schema\/person\/192bd02e2f753421ea259f0f385c594a"},"headline":"ATRESplayer PREMIUM presents \u2018Los Protegidos: A.D.N.\u2019 in the FesTVal and launches the official poster","datePublished":"2022-09-08T11:18:08+00:00","dateModified":"2022-11-23T17:51:46+00:00","mainEntityOfPage":{"@id":"https:\/\/buendiaestudios.com\/en\/2022\/09\/08\/atresplayer-premium-presenta-los-protegidos-a-d-n-en-el-festval-y-lanza-su-cartel-oficial\/"},"wordCount":312,"publisher":{"@id":"https:\/\/buendiaestudios.com\/#organization"},"image":{"@id":"https:\/\/buendiaestudios.com\/en\/2022\/09\/08\/atresplayer-premium-presenta-los-protegidos-a-d-n-en-el-festval-y-lanza-su-cartel-oficial\/#primaryimage"},"thumbnailUrl":"https:\/\/buendiaestudios.com\/media\/2022\/09\/baja-los-protegidos-adn.jpg","articleSection":["Sin categorizar"],"inLanguage":"en-US"},{"@type":"WebPage","@id":"https:\/\/buendiaestudios.com\/en\/2022\/09\/08\/atresplayer-premium-presenta-los-protegidos-a-d-n-en-el-festval-y-lanza-su-cartel-oficial\/","url":"https:\/\/buendiaestudios.com\/en\/2022\/09\/08\/atresplayer-premium-presenta-los-protegidos-a-d-n-en-el-festval-y-lanza-su-cartel-oficial\/","name":"ATRESplayer PREMIUM presents \u2018Los Protegidos: A.D.N.\u2019 in the FesTVal and launches the official poster - Buend\u00eda Estudios","isPartOf":{"@id":"https:\/\/buendiaestudios.com\/#website"},"primaryImageOfPage":{"@id":"https:\/\/buendiaestudios.com\/en\/2022\/09\/08\/atresplayer-premium-presenta-los-protegidos-a-d-n-en-el-festval-y-lanza-su-cartel-oficial\/#primaryimage"},"image":{"@id":"https:\/\/buendiaestudios.com\/en\/2022\/09\/08\/atresplayer-premium-presenta-los-protegidos-a-d-n-en-el-festval-y-lanza-su-cartel-oficial\/#primaryimage"},"thumbnailUrl":"https:\/\/buendiaestudios.com\/media\/2022\/09\/baja-los-protegidos-adn.jpg","datePublished":"2022-09-08T11:18:08+00:00","dateModified":"2022-11-23T17:51:46+00:00","breadcrumb":{"@id":"https:\/\/buendiaestudios.com\/en\/2022\/09\/08\/atresplayer-premium-presenta-los-protegidos-a-d-n-en-el-festval-y-lanza-su-cartel-oficial\/#breadcrumb"},"inLanguage":"en-US","potentialAction":[{"@type":"ReadAction","target":["https:\/\/buendiaestudios.com\/en\/2022\/09\/08\/atresplayer-premium-presenta-los-protegidos-a-d-n-en-el-festval-y-lanza-su-cartel-oficial\/"]}]},{"@type":"ImageObject","inLanguage":"en-US","@id":"https:\/\/buendiaestudios.com\/en\/2022\/09\/08\/atresplayer-premium-presenta-los-protegidos-a-d-n-en-el-festval-y-lanza-su-cartel-oficial\/#primaryimage","url":"https:\/\/buendiaestudios.com\/media\/2022\/09\/baja-los-protegidos-adn.jpg","contentUrl":"https:\/\/buendiaestudios.com\/media\/2022\/09\/baja-los-protegidos-adn.jpg","width":1200,"height":1529},{"@type":"BreadcrumbList","@id":"https:\/\/buendiaestudios.com\/en\/2022\/09\/08\/atresplayer-premium-presenta-los-protegidos-a-d-n-en-el-festval-y-lanza-su-cartel-oficial\/#breadcrumb","itemListElement":[{"@type":"ListItem","position":1,"name":"Portada","item":"https:\/\/buendiaestudios.com\/en\/"},{"@type":"ListItem","position":2,"name":"ATRESplayer PREMIUM presents \u2018Los Protegidos: A.D.N.\u2019 in the FesTVal and launches the official poster"}]},{"@type":"WebSite","@id":"https:\/\/buendiaestudios.com\/#website","url":"https:\/\/buendiaestudios.com\/","name":"Buend\u00eda Estudios","description":"BUEND\u00cdA ESTUDIOS is an independent production company of audiovisual content created by ATRESMEDIA and TELEFONICA (through Movistar+), in a strategic alliance.","publisher":{"@id":"https:\/\/buendiaestudios.com\/#organization"},"potentialAction":[{"@type":"SearchAction","target":{"@type":"EntryPoint","urlTemplate":"https:\/\/buendiaestudios.com\/?s={search_term_string}"},"query-input":{"@type":"PropertyValueSpecification","valueRequired":true,"valueName":"search_term_string"}}],"inLanguage":"en-US"},{"@type":"Organization","@id":"https:\/\/buendiaestudios.com\/#organization","name":"Buend\u00eda Estudios","url":"https:\/\/buendiaestudios.com\/","logo":{"@type":"ImageObject","inLanguage":"en-US","@id":"https:\/\/buendiaestudios.com\/#\/schema\/logo\/image\/","url":"https:\/\/buendiaestudios.com\/media\/2021\/02\/logo-buendia-estudios.jpg","contentUrl":"https:\/\/buendiaestudios.com\/media\/2021\/02\/logo-buendia-estudios.jpg","width":988,"height":325,"caption":"Buend\u00eda Estudios"},"image":{"@id":"https:\/\/buendiaestudios.com\/#\/schema\/logo\/image\/"},"sameAs":["https:\/\/www.facebook.com\/buendiaestudios","https:\/\/x.com\/BuendiaEstudios","https:\/\/www.instagram.com\/buendiaestudios\/","https:\/\/www.linkedin.com\/company\/buend\u00eda-estudios\/"]},{"@type":"Person","@id":"https:\/\/buendiaestudios.com\/#\/schema\/person\/192bd02e2f753421ea259f0f385c594a","name":"marta","image":{"@type":"ImageObject","inLanguage":"en-US","@id":"https:\/\/secure.gravatar.com\/avatar\/fd1aad5206beed12165c47b25a60bc78225dd9bee5c531dbfed1e9cc445e712c?s=96&d=mm&r=g","url":"https:\/\/secure.gravatar.com\/avatar\/fd1aad5206beed12165c47b25a60bc78225dd9bee5c531dbfed1e9cc445e712c?s=96&d=mm&r=g","contentUrl":"https:\/\/secure.gravatar.com\/avatar\/fd1aad5206beed12165c47b25a60bc78225dd9bee5c531dbfed1e9cc445e712c?s=96&d=mm&r=g","caption":"marta"}}]}},"_links":{"self":[{"href":"https:\/\/buendiaestudios.com\/en\/wp-json\/wp\/v2\/posts\/2743","targetHints":{"allow":["GET"]}}],"collection":[{"href":"https:\/\/buendiaestudios.com\/en\/wp-json\/wp\/v2\/posts"}],"about":[{"href":"https:\/\/buendiaestudios.com\/en\/wp-json\/wp\/v2\/types\/post"}],"author":[{"embeddable":true,"href":"https:\/\/buendiaestudios.com\/en\/wp-json\/wp\/v2\/users\/7"}],"replies":[{"embeddable":true,"href":"https:\/\/buendiaestudios.com\/en\/wp-json\/wp\/v2\/comments?post=2743"}],"version-history":[{"count":3,"href":"https:\/\/buendiaestudios.com\/en\/wp-json\/wp\/v2\/posts\/2743\/revisions"}],"predecessor-version":[{"id":3004,"href":"https:\/\/buendiaestudios.com\/en\/wp-json\/wp\/v2\/posts\/2743\/revisions\/3004"}],"wp:featuredmedia":[{"embeddable":true,"href":"https:\/\/buendiaestudios.com\/en\/wp-json\/wp\/v2\/media\/2731"}],"wp:attachment":[{"href":"https:\/\/buendiaestudios.com\/en\/wp-json\/wp\/v2\/media?parent=2743"}],"wp:term":[{"taxonomy":"category","embeddable":true,"href":"https:\/\/buendiaestudios.com\/en\/wp-json\/wp\/v2\/categories?post=2743"},{"taxonomy":"post_tag","embeddable":true,"href":"https:\/\/buendiaestudios.com\/en\/wp-json\/wp\/v2\/tags?post=2743"}],"curies":[{"name":"wp","href":"https:\/\/api.w.org\/{rel}","templated":true}]}}