{"id":2742,"date":"2022-09-02T09:16:38","date_gmt":"2022-09-02T09:16:38","guid":{"rendered":"https:\/\/buendiaestudios.com\/2022\/09\/02\/dejate-ver-producida-por-buendia-estudios-arranca-su-rodaje-y-anuncia-su-reparto\/"},"modified":"2022-09-13T08:47:56","modified_gmt":"2022-09-13T08:47:56","slug":"dejate-ver-producida-por-buendia-estudios-arranca-su-rodaje-y-anuncia-su-reparto","status":"publish","type":"post","link":"https:\/\/buendiaestudios.com\/en\/2022\/09\/02\/dejate-ver-producida-por-buendia-estudios-arranca-su-rodaje-y-anuncia-su-reparto\/","title":{"rendered":"\u2018D\u00e9jate ver\u2019, produced by Buend\u00eda Estudios, starts shooting and announces the cast"},"content":{"rendered":"\n<p><strong>\u2018D\u00e9jate ver\u2019&nbsp;<\/strong>(before known as \u2018Ana &amp;\u2019), the new original series written and directed by \u00c1lvaro Carmona, has just started its shooting which will be held during the next months.&nbsp;<strong>ATRESplayer PREMIUM bets again on \u00c1lvaro Carmona\u2019s talent,&nbsp;<\/strong>he was also the creator of the praised fiction \u2018Gente Hablando\u2019 (Flooxer),&nbsp;<strong>nominated to an International Emmy as Best Short Series.<\/strong><\/p>\n\n\n\n<p>The shooting of the&nbsp;<strong>eight episodes that form <\/strong>this fiction will take place in different locations of the Community of Madrid. Throughout its instalments, \u2018D\u00e9jate ver\u2019 will tell a story that deals with the quest of one\u2019s self and the necessity of going beyond in a world more and more absurd.<\/p>\n\n\n\n<p><strong>Macarena Sanz is the protagonist of \u2018D\u00e9jate ver\u2019.<\/strong>&nbsp;She will play&nbsp;<strong>Ana<\/strong>, the assistant of a well-known artist who is starting to disappear. &nbsp;If she doesn\u2019t want to end up becoming totally invisible, she must come back home to catch up with the life she abandoned, with herself and, above all, to confront face to face with a world with which she just doesn\u2019t connect.<\/p>\n\n\n\n<p>The rest of the cast includes&nbsp;<strong>Irene Minovas<\/strong>,&nbsp;<strong>Joan Amarg\u00f3s<\/strong>,&nbsp;<strong>Ram\u00f3n Barea<\/strong>,&nbsp;<strong>\u00d3scar Ladoire<\/strong>,&nbsp;<strong>Miki Esparb\u00e9<\/strong>,&nbsp;<strong>Iv\u00e1n Massagu\u00e9<\/strong>,&nbsp;<strong>C\u00e9sar Tormo<\/strong>,&nbsp;<strong>Carlos Librado \u201cNene\u201d<\/strong>&nbsp;or&nbsp;<strong>Alba Ribas<\/strong>, among others.<\/p>\n\n\n\n<p>\u2018D\u00e9jate ver\u2019 is a Production by Atresmedia Televisi\u00f3n in collaboration with Buend\u00eda Estudios.&nbsp;<strong>Montse Garc\u00eda<\/strong>,&nbsp;<strong>\u00c1lvaro Carmona<\/strong>,&nbsp;<strong>Sonia Mart\u00ednez<\/strong>&nbsp;and&nbsp;<strong>Borja Echevarr\u00eda<\/strong>&nbsp;are the Executive Producers of the Project and <strong>Luc\u00eda Alonso-Allende<\/strong>, the Executive Co-Producer. \u2018D\u00e9jate ver\u2019 is written and directed by&nbsp;<strong>\u00c1lvaro Carmona<\/strong>. The Production Director is <strong>Marta de Miguel<\/strong>.&nbsp;<strong>Robert C. Carrera<\/strong>&nbsp;is the Cinematography Director with&nbsp;<strong>Marta Archil\u00e9s<\/strong>&nbsp;as Art Director. The Casting Director is <strong>Mireia Ju\u00e1rez<\/strong>.<\/p>\n\n\n\n<p><strong><mark style=\"background-color:rgba(0, 0, 0, 0)\" class=\"has-inline-color has-luminous-vivid-orange-color\">This is \u2018D\u00e9jate ver\u2019<\/mark><\/strong><\/p>\n\n\n\n<p><strong>\u2018D\u00e9jate ver\u2019<\/strong> &nbsp;is a dramedy with an author&#8217;s hallmark and a distinct personality that revolves around the search for oneself and the need to transcend in today&#8217;s world. With this idea as a starting point, the series addresses topics such as concept and identity, personal fulfilment, the world of art and entertainment, loneliness, the idea of family or the current relationship with technology, offering a fresh, innovative and full of ingenuity point of view.<\/p>\n\n\n\n<p>Ana has lived in a bubble for the last years while working as the assistant of Bassil, one of the most famous artists of the planet and whose identity is a mystery to the general public, but now that she has begun to disappear, she will have to confront face to face with a world with which she feels she doesn\u2019t connect.<\/p>\n","protected":false},"excerpt":{"rendered":"<p>\u2018D\u00e9jate ver\u2019, the new series by \u00c1lvaro Carmona, is a dramedy with author\u2019s hallmark that faces issues such as the identity concept or the relationship with our environment and technology from an original and witty point of view.<\/p>\n","protected":false},"author":7,"featured_media":2725,"comment_status":"closed","ping_status":"closed","sticky":false,"template":"","format":"standard","meta":{"_acf_changed":false,"footnotes":""},"categories":[1],"tags":[],"class_list":["post-2742","post","type-post","status-publish","format-standard","has-post-thumbnail","hentry","category-sin-categorizar"],"acf":[],"yoast_head":"<!-- This site is optimized with the Yoast SEO plugin v27.4 - https:\/\/yoast.com\/product\/yoast-seo-wordpress\/ -->\n<title>\u2018D\u00e9jate ver\u2019, produced by Buend\u00eda Estudios, starts shooting and announces the cast - Buend\u00eda Estudios<\/title>\n<meta name=\"robots\" content=\"index, follow, max-snippet:-1, max-image-preview:large, max-video-preview:-1\" \/>\n<link rel=\"canonical\" href=\"https:\/\/buendiaestudios.com\/en\/2022\/09\/02\/dejate-ver-producida-por-buendia-estudios-arranca-su-rodaje-y-anuncia-su-reparto\/\" \/>\n<meta property=\"og:locale\" content=\"en_US\" \/>\n<meta property=\"og:type\" content=\"article\" \/>\n<meta property=\"og:title\" content=\"\u2018D\u00e9jate ver\u2019, produced by Buend\u00eda Estudios, starts shooting and announces the cast - Buend\u00eda Estudios\" \/>\n<meta property=\"og:description\" content=\"\u2018D\u00e9jate ver\u2019, the new series by \u00c1lvaro Carmona, is a dramedy with author\u2019s hallmark that faces issues such as the identity concept or the relationship with our environment and technology from an original and witty point of view.\" \/>\n<meta property=\"og:url\" content=\"https:\/\/buendiaestudios.com\/en\/2022\/09\/02\/dejate-ver-producida-por-buendia-estudios-arranca-su-rodaje-y-anuncia-su-reparto\/\" \/>\n<meta property=\"og:site_name\" content=\"Buend\u00eda Estudios\" \/>\n<meta property=\"article:publisher\" content=\"https:\/\/www.facebook.com\/buendiaestudios\" \/>\n<meta property=\"article:published_time\" content=\"2022-09-02T09:16:38+00:00\" \/>\n<meta property=\"article:modified_time\" content=\"2022-09-13T08:47:56+00:00\" \/>\n<meta property=\"og:image\" content=\"https:\/\/buendiaestudios.com\/media\/2022\/09\/DEJATE-VER_-ATRESPLAYER-PREMIUM-\u00a9-Javier-de-Agustin-scaled.jpg\" \/>\n\t<meta property=\"og:image:width\" content=\"2048\" \/>\n\t<meta property=\"og:image:height\" content=\"1365\" \/>\n\t<meta property=\"og:image:type\" content=\"image\/jpeg\" \/>\n<meta name=\"author\" content=\"marta\" \/>\n<meta name=\"twitter:card\" content=\"summary_large_image\" \/>\n<meta name=\"twitter:creator\" content=\"@BuendiaEstudios\" \/>\n<meta name=\"twitter:site\" content=\"@BuendiaEstudios\" \/>\n<meta name=\"twitter:label1\" content=\"Written by\" \/>\n\t<meta name=\"twitter:data1\" content=\"marta\" \/>\n\t<meta name=\"twitter:label2\" content=\"Est. reading time\" \/>\n\t<meta name=\"twitter:data2\" content=\"2 minutes\" \/>\n<script type=\"application\/ld+json\" class=\"yoast-schema-graph\">{\"@context\":\"https:\\\/\\\/schema.org\",\"@graph\":[{\"@type\":\"Article\",\"@id\":\"https:\\\/\\\/buendiaestudios.com\\\/en\\\/2022\\\/09\\\/02\\\/dejate-ver-producida-por-buendia-estudios-arranca-su-rodaje-y-anuncia-su-reparto\\\/#article\",\"isPartOf\":{\"@id\":\"https:\\\/\\\/buendiaestudios.com\\\/en\\\/2022\\\/09\\\/02\\\/dejate-ver-producida-por-buendia-estudios-arranca-su-rodaje-y-anuncia-su-reparto\\\/\"},\"author\":{\"name\":\"marta\",\"@id\":\"https:\\\/\\\/buendiaestudios.com\\\/#\\\/schema\\\/person\\\/192bd02e2f753421ea259f0f385c594a\"},\"headline\":\"\u2018D\u00e9jate ver\u2019, produced by Buend\u00eda Estudios, starts shooting and announces the cast\",\"datePublished\":\"2022-09-02T09:16:38+00:00\",\"dateModified\":\"2022-09-13T08:47:56+00:00\",\"mainEntityOfPage\":{\"@id\":\"https:\\\/\\\/buendiaestudios.com\\\/en\\\/2022\\\/09\\\/02\\\/dejate-ver-producida-por-buendia-estudios-arranca-su-rodaje-y-anuncia-su-reparto\\\/\"},\"wordCount\":483,\"publisher\":{\"@id\":\"https:\\\/\\\/buendiaestudios.com\\\/#organization\"},\"image\":{\"@id\":\"https:\\\/\\\/buendiaestudios.com\\\/en\\\/2022\\\/09\\\/02\\\/dejate-ver-producida-por-buendia-estudios-arranca-su-rodaje-y-anuncia-su-reparto\\\/#primaryimage\"},\"thumbnailUrl\":\"https:\\\/\\\/buendiaestudios.com\\\/wp-content\\\/uploads\\\/2022\\\/09\\\/DEJATE-VER_-ATRESPLAYER-PREMIUM-\u00a9-Javier-de-Agustin-scaled.jpg\",\"articleSection\":[\"Sin categorizar\"],\"inLanguage\":\"en-US\"},{\"@type\":\"WebPage\",\"@id\":\"https:\\\/\\\/buendiaestudios.com\\\/en\\\/2022\\\/09\\\/02\\\/dejate-ver-producida-por-buendia-estudios-arranca-su-rodaje-y-anuncia-su-reparto\\\/\",\"url\":\"https:\\\/\\\/buendiaestudios.com\\\/en\\\/2022\\\/09\\\/02\\\/dejate-ver-producida-por-buendia-estudios-arranca-su-rodaje-y-anuncia-su-reparto\\\/\",\"name\":\"\u2018D\u00e9jate ver\u2019, produced by Buend\u00eda Estudios, starts shooting and announces the cast - Buend\u00eda Estudios\",\"isPartOf\":{\"@id\":\"https:\\\/\\\/buendiaestudios.com\\\/#website\"},\"primaryImageOfPage\":{\"@id\":\"https:\\\/\\\/buendiaestudios.com\\\/en\\\/2022\\\/09\\\/02\\\/dejate-ver-producida-por-buendia-estudios-arranca-su-rodaje-y-anuncia-su-reparto\\\/#primaryimage\"},\"image\":{\"@id\":\"https:\\\/\\\/buendiaestudios.com\\\/en\\\/2022\\\/09\\\/02\\\/dejate-ver-producida-por-buendia-estudios-arranca-su-rodaje-y-anuncia-su-reparto\\\/#primaryimage\"},\"thumbnailUrl\":\"https:\\\/\\\/buendiaestudios.com\\\/wp-content\\\/uploads\\\/2022\\\/09\\\/DEJATE-VER_-ATRESPLAYER-PREMIUM-\u00a9-Javier-de-Agustin-scaled.jpg\",\"datePublished\":\"2022-09-02T09:16:38+00:00\",\"dateModified\":\"2022-09-13T08:47:56+00:00\",\"breadcrumb\":{\"@id\":\"https:\\\/\\\/buendiaestudios.com\\\/en\\\/2022\\\/09\\\/02\\\/dejate-ver-producida-por-buendia-estudios-arranca-su-rodaje-y-anuncia-su-reparto\\\/#breadcrumb\"},\"inLanguage\":\"en-US\",\"potentialAction\":[{\"@type\":\"ReadAction\",\"target\":[\"https:\\\/\\\/buendiaestudios.com\\\/en\\\/2022\\\/09\\\/02\\\/dejate-ver-producida-por-buendia-estudios-arranca-su-rodaje-y-anuncia-su-reparto\\\/\"]}]},{\"@type\":\"ImageObject\",\"inLanguage\":\"en-US\",\"@id\":\"https:\\\/\\\/buendiaestudios.com\\\/en\\\/2022\\\/09\\\/02\\\/dejate-ver-producida-por-buendia-estudios-arranca-su-rodaje-y-anuncia-su-reparto\\\/#primaryimage\",\"url\":\"https:\\\/\\\/buendiaestudios.com\\\/wp-content\\\/uploads\\\/2022\\\/09\\\/DEJATE-VER_-ATRESPLAYER-PREMIUM-\u00a9-Javier-de-Agustin-scaled.jpg\",\"contentUrl\":\"https:\\\/\\\/buendiaestudios.com\\\/wp-content\\\/uploads\\\/2022\\\/09\\\/DEJATE-VER_-ATRESPLAYER-PREMIUM-\u00a9-Javier-de-Agustin-scaled.jpg\",\"width\":2048,\"height\":1365,\"caption\":\"'D\u00e9jate ver'\"},{\"@type\":\"BreadcrumbList\",\"@id\":\"https:\\\/\\\/buendiaestudios.com\\\/en\\\/2022\\\/09\\\/02\\\/dejate-ver-producida-por-buendia-estudios-arranca-su-rodaje-y-anuncia-su-reparto\\\/#breadcrumb\",\"itemListElement\":[{\"@type\":\"ListItem\",\"position\":1,\"name\":\"Portada\",\"item\":\"https:\\\/\\\/buendiaestudios.com\\\/en\\\/\"},{\"@type\":\"ListItem\",\"position\":2,\"name\":\"\u2018D\u00e9jate ver\u2019, produced by Buend\u00eda Estudios, starts shooting and announces the cast\"}]},{\"@type\":\"WebSite\",\"@id\":\"https:\\\/\\\/buendiaestudios.com\\\/#website\",\"url\":\"https:\\\/\\\/buendiaestudios.com\\\/\",\"name\":\"Buend\u00eda Estudios\",\"description\":\"BUEND\u00cdA ESTUDIOS is an independent production company of audiovisual content created by ATRESMEDIA and TELEFONICA (through Movistar+), in a strategic alliance.\",\"publisher\":{\"@id\":\"https:\\\/\\\/buendiaestudios.com\\\/#organization\"},\"potentialAction\":[{\"@type\":\"SearchAction\",\"target\":{\"@type\":\"EntryPoint\",\"urlTemplate\":\"https:\\\/\\\/buendiaestudios.com\\\/?s={search_term_string}\"},\"query-input\":{\"@type\":\"PropertyValueSpecification\",\"valueRequired\":true,\"valueName\":\"search_term_string\"}}],\"inLanguage\":\"en-US\"},{\"@type\":\"Organization\",\"@id\":\"https:\\\/\\\/buendiaestudios.com\\\/#organization\",\"name\":\"Buend\u00eda Estudios\",\"url\":\"https:\\\/\\\/buendiaestudios.com\\\/\",\"logo\":{\"@type\":\"ImageObject\",\"inLanguage\":\"en-US\",\"@id\":\"https:\\\/\\\/buendiaestudios.com\\\/#\\\/schema\\\/logo\\\/image\\\/\",\"url\":\"https:\\\/\\\/buendiaestudios.com\\\/wp-content\\\/uploads\\\/2021\\\/02\\\/logo-buendia-estudios.jpg\",\"contentUrl\":\"https:\\\/\\\/buendiaestudios.com\\\/wp-content\\\/uploads\\\/2021\\\/02\\\/logo-buendia-estudios.jpg\",\"width\":988,\"height\":325,\"caption\":\"Buend\u00eda Estudios\"},\"image\":{\"@id\":\"https:\\\/\\\/buendiaestudios.com\\\/#\\\/schema\\\/logo\\\/image\\\/\"},\"sameAs\":[\"https:\\\/\\\/www.facebook.com\\\/buendiaestudios\",\"https:\\\/\\\/x.com\\\/BuendiaEstudios\",\"https:\\\/\\\/www.instagram.com\\\/buendiaestudios\\\/\",\"https:\\\/\\\/www.linkedin.com\\\/company\\\/buend\u00eda-estudios\\\/\"]},{\"@type\":\"Person\",\"@id\":\"https:\\\/\\\/buendiaestudios.com\\\/#\\\/schema\\\/person\\\/192bd02e2f753421ea259f0f385c594a\",\"name\":\"marta\",\"image\":{\"@type\":\"ImageObject\",\"inLanguage\":\"en-US\",\"@id\":\"https:\\\/\\\/secure.gravatar.com\\\/avatar\\\/fd1aad5206beed12165c47b25a60bc78225dd9bee5c531dbfed1e9cc445e712c?s=96&d=mm&r=g\",\"url\":\"https:\\\/\\\/secure.gravatar.com\\\/avatar\\\/fd1aad5206beed12165c47b25a60bc78225dd9bee5c531dbfed1e9cc445e712c?s=96&d=mm&r=g\",\"contentUrl\":\"https:\\\/\\\/secure.gravatar.com\\\/avatar\\\/fd1aad5206beed12165c47b25a60bc78225dd9bee5c531dbfed1e9cc445e712c?s=96&d=mm&r=g\",\"caption\":\"marta\"}}]}<\/script>\n<!-- \/ Yoast SEO plugin. -->","yoast_head_json":{"title":"\u2018D\u00e9jate ver\u2019, produced by Buend\u00eda Estudios, starts shooting and announces the cast - Buend\u00eda Estudios","robots":{"index":"index","follow":"follow","max-snippet":"max-snippet:-1","max-image-preview":"max-image-preview:large","max-video-preview":"max-video-preview:-1"},"canonical":"https:\/\/buendiaestudios.com\/en\/2022\/09\/02\/dejate-ver-producida-por-buendia-estudios-arranca-su-rodaje-y-anuncia-su-reparto\/","og_locale":"en_US","og_type":"article","og_title":"\u2018D\u00e9jate ver\u2019, produced by Buend\u00eda Estudios, starts shooting and announces the cast - Buend\u00eda Estudios","og_description":"\u2018D\u00e9jate ver\u2019, the new series by \u00c1lvaro Carmona, is a dramedy with author\u2019s hallmark that faces issues such as the identity concept or the relationship with our environment and technology from an original and witty point of view.","og_url":"https:\/\/buendiaestudios.com\/en\/2022\/09\/02\/dejate-ver-producida-por-buendia-estudios-arranca-su-rodaje-y-anuncia-su-reparto\/","og_site_name":"Buend\u00eda Estudios","article_publisher":"https:\/\/www.facebook.com\/buendiaestudios","article_published_time":"2022-09-02T09:16:38+00:00","article_modified_time":"2022-09-13T08:47:56+00:00","og_image":[{"width":2048,"height":1365,"url":"https:\/\/buendiaestudios.com\/media\/2022\/09\/DEJATE-VER_-ATRESPLAYER-PREMIUM-\u00a9-Javier-de-Agustin-scaled.jpg","type":"image\/jpeg"}],"author":"marta","twitter_card":"summary_large_image","twitter_creator":"@BuendiaEstudios","twitter_site":"@BuendiaEstudios","twitter_misc":{"Written by":"marta","Est. reading time":"2 minutes"},"schema":{"@context":"https:\/\/schema.org","@graph":[{"@type":"Article","@id":"https:\/\/buendiaestudios.com\/en\/2022\/09\/02\/dejate-ver-producida-por-buendia-estudios-arranca-su-rodaje-y-anuncia-su-reparto\/#article","isPartOf":{"@id":"https:\/\/buendiaestudios.com\/en\/2022\/09\/02\/dejate-ver-producida-por-buendia-estudios-arranca-su-rodaje-y-anuncia-su-reparto\/"},"author":{"name":"marta","@id":"https:\/\/buendiaestudios.com\/#\/schema\/person\/192bd02e2f753421ea259f0f385c594a"},"headline":"\u2018D\u00e9jate ver\u2019, produced by Buend\u00eda Estudios, starts shooting and announces the cast","datePublished":"2022-09-02T09:16:38+00:00","dateModified":"2022-09-13T08:47:56+00:00","mainEntityOfPage":{"@id":"https:\/\/buendiaestudios.com\/en\/2022\/09\/02\/dejate-ver-producida-por-buendia-estudios-arranca-su-rodaje-y-anuncia-su-reparto\/"},"wordCount":483,"publisher":{"@id":"https:\/\/buendiaestudios.com\/#organization"},"image":{"@id":"https:\/\/buendiaestudios.com\/en\/2022\/09\/02\/dejate-ver-producida-por-buendia-estudios-arranca-su-rodaje-y-anuncia-su-reparto\/#primaryimage"},"thumbnailUrl":"https:\/\/buendiaestudios.com\/media\/2022\/09\/DEJATE-VER_-ATRESPLAYER-PREMIUM-\u00a9-Javier-de-Agustin-scaled.jpg","articleSection":["Sin categorizar"],"inLanguage":"en-US"},{"@type":"WebPage","@id":"https:\/\/buendiaestudios.com\/en\/2022\/09\/02\/dejate-ver-producida-por-buendia-estudios-arranca-su-rodaje-y-anuncia-su-reparto\/","url":"https:\/\/buendiaestudios.com\/en\/2022\/09\/02\/dejate-ver-producida-por-buendia-estudios-arranca-su-rodaje-y-anuncia-su-reparto\/","name":"\u2018D\u00e9jate ver\u2019, produced by Buend\u00eda Estudios, starts shooting and announces the cast - Buend\u00eda Estudios","isPartOf":{"@id":"https:\/\/buendiaestudios.com\/#website"},"primaryImageOfPage":{"@id":"https:\/\/buendiaestudios.com\/en\/2022\/09\/02\/dejate-ver-producida-por-buendia-estudios-arranca-su-rodaje-y-anuncia-su-reparto\/#primaryimage"},"image":{"@id":"https:\/\/buendiaestudios.com\/en\/2022\/09\/02\/dejate-ver-producida-por-buendia-estudios-arranca-su-rodaje-y-anuncia-su-reparto\/#primaryimage"},"thumbnailUrl":"https:\/\/buendiaestudios.com\/media\/2022\/09\/DEJATE-VER_-ATRESPLAYER-PREMIUM-\u00a9-Javier-de-Agustin-scaled.jpg","datePublished":"2022-09-02T09:16:38+00:00","dateModified":"2022-09-13T08:47:56+00:00","breadcrumb":{"@id":"https:\/\/buendiaestudios.com\/en\/2022\/09\/02\/dejate-ver-producida-por-buendia-estudios-arranca-su-rodaje-y-anuncia-su-reparto\/#breadcrumb"},"inLanguage":"en-US","potentialAction":[{"@type":"ReadAction","target":["https:\/\/buendiaestudios.com\/en\/2022\/09\/02\/dejate-ver-producida-por-buendia-estudios-arranca-su-rodaje-y-anuncia-su-reparto\/"]}]},{"@type":"ImageObject","inLanguage":"en-US","@id":"https:\/\/buendiaestudios.com\/en\/2022\/09\/02\/dejate-ver-producida-por-buendia-estudios-arranca-su-rodaje-y-anuncia-su-reparto\/#primaryimage","url":"https:\/\/buendiaestudios.com\/media\/2022\/09\/DEJATE-VER_-ATRESPLAYER-PREMIUM-\u00a9-Javier-de-Agustin-scaled.jpg","contentUrl":"https:\/\/buendiaestudios.com\/media\/2022\/09\/DEJATE-VER_-ATRESPLAYER-PREMIUM-\u00a9-Javier-de-Agustin-scaled.jpg","width":2048,"height":1365,"caption":"'D\u00e9jate ver'"},{"@type":"BreadcrumbList","@id":"https:\/\/buendiaestudios.com\/en\/2022\/09\/02\/dejate-ver-producida-por-buendia-estudios-arranca-su-rodaje-y-anuncia-su-reparto\/#breadcrumb","itemListElement":[{"@type":"ListItem","position":1,"name":"Portada","item":"https:\/\/buendiaestudios.com\/en\/"},{"@type":"ListItem","position":2,"name":"\u2018D\u00e9jate ver\u2019, produced by Buend\u00eda Estudios, starts shooting and announces the cast"}]},{"@type":"WebSite","@id":"https:\/\/buendiaestudios.com\/#website","url":"https:\/\/buendiaestudios.com\/","name":"Buend\u00eda Estudios","description":"BUEND\u00cdA ESTUDIOS is an independent production company of audiovisual content created by ATRESMEDIA and TELEFONICA (through Movistar+), in a strategic alliance.","publisher":{"@id":"https:\/\/buendiaestudios.com\/#organization"},"potentialAction":[{"@type":"SearchAction","target":{"@type":"EntryPoint","urlTemplate":"https:\/\/buendiaestudios.com\/?s={search_term_string}"},"query-input":{"@type":"PropertyValueSpecification","valueRequired":true,"valueName":"search_term_string"}}],"inLanguage":"en-US"},{"@type":"Organization","@id":"https:\/\/buendiaestudios.com\/#organization","name":"Buend\u00eda Estudios","url":"https:\/\/buendiaestudios.com\/","logo":{"@type":"ImageObject","inLanguage":"en-US","@id":"https:\/\/buendiaestudios.com\/#\/schema\/logo\/image\/","url":"https:\/\/buendiaestudios.com\/media\/2021\/02\/logo-buendia-estudios.jpg","contentUrl":"https:\/\/buendiaestudios.com\/media\/2021\/02\/logo-buendia-estudios.jpg","width":988,"height":325,"caption":"Buend\u00eda Estudios"},"image":{"@id":"https:\/\/buendiaestudios.com\/#\/schema\/logo\/image\/"},"sameAs":["https:\/\/www.facebook.com\/buendiaestudios","https:\/\/x.com\/BuendiaEstudios","https:\/\/www.instagram.com\/buendiaestudios\/","https:\/\/www.linkedin.com\/company\/buend\u00eda-estudios\/"]},{"@type":"Person","@id":"https:\/\/buendiaestudios.com\/#\/schema\/person\/192bd02e2f753421ea259f0f385c594a","name":"marta","image":{"@type":"ImageObject","inLanguage":"en-US","@id":"https:\/\/secure.gravatar.com\/avatar\/fd1aad5206beed12165c47b25a60bc78225dd9bee5c531dbfed1e9cc445e712c?s=96&d=mm&r=g","url":"https:\/\/secure.gravatar.com\/avatar\/fd1aad5206beed12165c47b25a60bc78225dd9bee5c531dbfed1e9cc445e712c?s=96&d=mm&r=g","contentUrl":"https:\/\/secure.gravatar.com\/avatar\/fd1aad5206beed12165c47b25a60bc78225dd9bee5c531dbfed1e9cc445e712c?s=96&d=mm&r=g","caption":"marta"}}]}},"_links":{"self":[{"href":"https:\/\/buendiaestudios.com\/en\/wp-json\/wp\/v2\/posts\/2742","targetHints":{"allow":["GET"]}}],"collection":[{"href":"https:\/\/buendiaestudios.com\/en\/wp-json\/wp\/v2\/posts"}],"about":[{"href":"https:\/\/buendiaestudios.com\/en\/wp-json\/wp\/v2\/types\/post"}],"author":[{"embeddable":true,"href":"https:\/\/buendiaestudios.com\/en\/wp-json\/wp\/v2\/users\/7"}],"replies":[{"embeddable":true,"href":"https:\/\/buendiaestudios.com\/en\/wp-json\/wp\/v2\/comments?post=2742"}],"version-history":[{"count":1,"href":"https:\/\/buendiaestudios.com\/en\/wp-json\/wp\/v2\/posts\/2742\/revisions"}],"predecessor-version":[{"id":2759,"href":"https:\/\/buendiaestudios.com\/en\/wp-json\/wp\/v2\/posts\/2742\/revisions\/2759"}],"wp:featuredmedia":[{"embeddable":true,"href":"https:\/\/buendiaestudios.com\/en\/wp-json\/wp\/v2\/media\/2725"}],"wp:attachment":[{"href":"https:\/\/buendiaestudios.com\/en\/wp-json\/wp\/v2\/media?parent=2742"}],"wp:term":[{"taxonomy":"category","embeddable":true,"href":"https:\/\/buendiaestudios.com\/en\/wp-json\/wp\/v2\/categories?post=2742"},{"taxonomy":"post_tag","embeddable":true,"href":"https:\/\/buendiaestudios.com\/en\/wp-json\/wp\/v2\/tags?post=2742"}],"curies":[{"name":"wp","href":"https:\/\/api.w.org\/{rel}","templated":true}]}}