{"id":2738,"date":"2022-08-19T16:26:00","date_gmt":"2022-08-19T16:26:00","guid":{"rendered":"https:\/\/buendiaestudios.com\/2022\/08\/19\/los-protegidos-a-d-n-se-presentara-en-la-xiv-edicion-del-festival-de-cine-de-alicante\/"},"modified":"2022-09-13T08:43:05","modified_gmt":"2022-09-13T08:43:05","slug":"los-protegidos-a-d-n-se-presentara-en-la-xiv-edicion-del-festival-de-cine-de-alicante","status":"publish","type":"post","link":"https:\/\/buendiaestudios.com\/en\/2022\/08\/19\/los-protegidos-a-d-n-se-presentara-en-la-xiv-edicion-del-festival-de-cine-de-alicante\/","title":{"rendered":"\u2018Los Protegidos: D.N.A:\u2019 will premiere in the 14th Edition of the Alicante Film Festival"},"content":{"rendered":"\n<p><strong>Antonio Garrido, Ana Fern\u00e1ndez, Luis Fern\u00e1ndez, Mario Marzo, Daniel Avil\u00e9s, Gracia Olayo, \u00d3scar Ladoire, Maggie Garc\u00eda, Carlotta Cosials, Cosette Silguero and Javier Mendo<\/strong>&nbsp;will continue in the series this second year.&nbsp;<strong>Marta Torn\u00e9, Esmeralda Moya and Ra\u00fal M\u00e9rida<\/strong>&nbsp;take up the characters they gave life to in the classic &#8216;Los Protegidos&#8217; as the main additions to the plot.<\/p>\n\n\n\n<p>Emilio Buale, Irina Bravo, Gabriela Andrada, Raquel P\u00e9rez, Jos\u00e9 Sospedra, \u00c1ngel Mart\u00ednez, Xavi Caudevilla and Anna Nacher complete the cast of this second season.<\/p>\n\n\n\n<p>The second season of <strong>&nbsp;\u2018Los Protegidos: A.D.N.<\/strong>\u2019 starts with Sandra and Culebra\u2019s wedding, one of the most expected events by the loyal followers of the series and that will serve to reunite the family.<\/p>\n\n\n\n<p>\u2018Los Protegidos: A.D.N.\u2019 is&nbsp;<strong>a production by Atresmedia Televisi\u00f3n in collaboration with Buend\u00eda Estudios and Boomerang TV<\/strong>. Montse Garc\u00eda, Sonia Mart\u00ednez, Jorge Redondo and Carlos Garc\u00eda Miranda are the executive producers, the scriptwriters are Carlos Garc\u00eda Miranda and Luis Gamboa and the directors are Pablo Guerrero and Daniel Romero. The production directors are Teddy Villalba and Pepe Ripoll. The series will be seen out of Spain too, available through the international version of ATRESplayer PREMIUM and Atreseries International.<\/p>\n","protected":false},"excerpt":{"rendered":"<p>&#8216;Los Protegidos: A.D.N.&#8217; is a production by Atresmedia Televisi\u00f3n in collaboration with Buend\u00eda Estudios and Boomerang TV.<\/p>\n","protected":false},"author":7,"featured_media":2500,"comment_status":"closed","ping_status":"closed","sticky":false,"template":"","format":"standard","meta":{"_acf_changed":false,"footnotes":""},"categories":[1],"tags":[],"class_list":["post-2738","post","type-post","status-publish","format-standard","has-post-thumbnail","hentry","category-sin-categorizar"],"acf":[],"yoast_head":"<!-- This site is optimized with the Yoast SEO plugin v27.4 - https:\/\/yoast.com\/product\/yoast-seo-wordpress\/ -->\n<title>\u2018Los Protegidos: D.N.A:\u2019 will premiere in the 14th Edition of the Alicante Film Festival - Buend\u00eda Estudios<\/title>\n<meta name=\"robots\" content=\"index, follow, max-snippet:-1, max-image-preview:large, max-video-preview:-1\" \/>\n<link rel=\"canonical\" href=\"https:\/\/buendiaestudios.com\/en\/2022\/08\/19\/los-protegidos-a-d-n-se-presentara-en-la-xiv-edicion-del-festival-de-cine-de-alicante\/\" \/>\n<meta property=\"og:locale\" content=\"en_US\" \/>\n<meta property=\"og:type\" content=\"article\" \/>\n<meta property=\"og:title\" content=\"\u2018Los Protegidos: D.N.A:\u2019 will premiere in the 14th Edition of the Alicante Film Festival - Buend\u00eda Estudios\" \/>\n<meta property=\"og:description\" content=\"&#039;Los Protegidos: A.D.N.&#039; is a production by Atresmedia Televisi\u00f3n in collaboration with Buend\u00eda Estudios and Boomerang TV.\" \/>\n<meta property=\"og:url\" content=\"https:\/\/buendiaestudios.com\/en\/2022\/08\/19\/los-protegidos-a-d-n-se-presentara-en-la-xiv-edicion-del-festival-de-cine-de-alicante\/\" \/>\n<meta property=\"og:site_name\" content=\"Buend\u00eda Estudios\" \/>\n<meta property=\"article:publisher\" content=\"https:\/\/www.facebook.com\/buendiaestudios\" \/>\n<meta property=\"article:published_time\" content=\"2022-08-19T16:26:00+00:00\" \/>\n<meta property=\"article:modified_time\" content=\"2022-09-13T08:43:05+00:00\" \/>\n<meta property=\"og:image\" content=\"https:\/\/buendiaestudios.com\/media\/2022\/06\/protegidos-web-buendia.png\" \/>\n\t<meta property=\"og:image:width\" content=\"1080\" \/>\n\t<meta property=\"og:image:height\" content=\"1080\" \/>\n\t<meta property=\"og:image:type\" content=\"image\/png\" \/>\n<meta name=\"author\" content=\"marta\" \/>\n<meta name=\"twitter:card\" content=\"summary_large_image\" \/>\n<meta name=\"twitter:creator\" content=\"@BuendiaEstudios\" \/>\n<meta name=\"twitter:site\" content=\"@BuendiaEstudios\" \/>\n<meta name=\"twitter:label1\" content=\"Written by\" \/>\n\t<meta name=\"twitter:data1\" content=\"marta\" \/>\n\t<meta name=\"twitter:label2\" content=\"Est. reading time\" \/>\n\t<meta name=\"twitter:data2\" content=\"1 minute\" \/>\n<script type=\"application\/ld+json\" class=\"yoast-schema-graph\">{\"@context\":\"https:\\\/\\\/schema.org\",\"@graph\":[{\"@type\":\"Article\",\"@id\":\"https:\\\/\\\/buendiaestudios.com\\\/en\\\/2022\\\/08\\\/19\\\/los-protegidos-a-d-n-se-presentara-en-la-xiv-edicion-del-festival-de-cine-de-alicante\\\/#article\",\"isPartOf\":{\"@id\":\"https:\\\/\\\/buendiaestudios.com\\\/en\\\/2022\\\/08\\\/19\\\/los-protegidos-a-d-n-se-presentara-en-la-xiv-edicion-del-festival-de-cine-de-alicante\\\/\"},\"author\":{\"name\":\"marta\",\"@id\":\"https:\\\/\\\/buendiaestudios.com\\\/#\\\/schema\\\/person\\\/192bd02e2f753421ea259f0f385c594a\"},\"headline\":\"\u2018Los Protegidos: D.N.A:\u2019 will premiere in the 14th Edition of the Alicante Film Festival\",\"datePublished\":\"2022-08-19T16:26:00+00:00\",\"dateModified\":\"2022-09-13T08:43:05+00:00\",\"mainEntityOfPage\":{\"@id\":\"https:\\\/\\\/buendiaestudios.com\\\/en\\\/2022\\\/08\\\/19\\\/los-protegidos-a-d-n-se-presentara-en-la-xiv-edicion-del-festival-de-cine-de-alicante\\\/\"},\"wordCount\":234,\"publisher\":{\"@id\":\"https:\\\/\\\/buendiaestudios.com\\\/#organization\"},\"image\":{\"@id\":\"https:\\\/\\\/buendiaestudios.com\\\/en\\\/2022\\\/08\\\/19\\\/los-protegidos-a-d-n-se-presentara-en-la-xiv-edicion-del-festival-de-cine-de-alicante\\\/#primaryimage\"},\"thumbnailUrl\":\"https:\\\/\\\/buendiaestudios.com\\\/wp-content\\\/uploads\\\/2022\\\/06\\\/protegidos-web-buendia.png\",\"articleSection\":[\"Sin categorizar\"],\"inLanguage\":\"en-US\"},{\"@type\":\"WebPage\",\"@id\":\"https:\\\/\\\/buendiaestudios.com\\\/en\\\/2022\\\/08\\\/19\\\/los-protegidos-a-d-n-se-presentara-en-la-xiv-edicion-del-festival-de-cine-de-alicante\\\/\",\"url\":\"https:\\\/\\\/buendiaestudios.com\\\/en\\\/2022\\\/08\\\/19\\\/los-protegidos-a-d-n-se-presentara-en-la-xiv-edicion-del-festival-de-cine-de-alicante\\\/\",\"name\":\"\u2018Los Protegidos: D.N.A:\u2019 will premiere in the 14th Edition of the Alicante Film Festival - Buend\u00eda Estudios\",\"isPartOf\":{\"@id\":\"https:\\\/\\\/buendiaestudios.com\\\/#website\"},\"primaryImageOfPage\":{\"@id\":\"https:\\\/\\\/buendiaestudios.com\\\/en\\\/2022\\\/08\\\/19\\\/los-protegidos-a-d-n-se-presentara-en-la-xiv-edicion-del-festival-de-cine-de-alicante\\\/#primaryimage\"},\"image\":{\"@id\":\"https:\\\/\\\/buendiaestudios.com\\\/en\\\/2022\\\/08\\\/19\\\/los-protegidos-a-d-n-se-presentara-en-la-xiv-edicion-del-festival-de-cine-de-alicante\\\/#primaryimage\"},\"thumbnailUrl\":\"https:\\\/\\\/buendiaestudios.com\\\/wp-content\\\/uploads\\\/2022\\\/06\\\/protegidos-web-buendia.png\",\"datePublished\":\"2022-08-19T16:26:00+00:00\",\"dateModified\":\"2022-09-13T08:43:05+00:00\",\"breadcrumb\":{\"@id\":\"https:\\\/\\\/buendiaestudios.com\\\/en\\\/2022\\\/08\\\/19\\\/los-protegidos-a-d-n-se-presentara-en-la-xiv-edicion-del-festival-de-cine-de-alicante\\\/#breadcrumb\"},\"inLanguage\":\"en-US\",\"potentialAction\":[{\"@type\":\"ReadAction\",\"target\":[\"https:\\\/\\\/buendiaestudios.com\\\/en\\\/2022\\\/08\\\/19\\\/los-protegidos-a-d-n-se-presentara-en-la-xiv-edicion-del-festival-de-cine-de-alicante\\\/\"]}]},{\"@type\":\"ImageObject\",\"inLanguage\":\"en-US\",\"@id\":\"https:\\\/\\\/buendiaestudios.com\\\/en\\\/2022\\\/08\\\/19\\\/los-protegidos-a-d-n-se-presentara-en-la-xiv-edicion-del-festival-de-cine-de-alicante\\\/#primaryimage\",\"url\":\"https:\\\/\\\/buendiaestudios.com\\\/wp-content\\\/uploads\\\/2022\\\/06\\\/protegidos-web-buendia.png\",\"contentUrl\":\"https:\\\/\\\/buendiaestudios.com\\\/wp-content\\\/uploads\\\/2022\\\/06\\\/protegidos-web-buendia.png\",\"width\":1080,\"height\":1080,\"caption\":\"Los Protegidos A.D.N.\"},{\"@type\":\"BreadcrumbList\",\"@id\":\"https:\\\/\\\/buendiaestudios.com\\\/en\\\/2022\\\/08\\\/19\\\/los-protegidos-a-d-n-se-presentara-en-la-xiv-edicion-del-festival-de-cine-de-alicante\\\/#breadcrumb\",\"itemListElement\":[{\"@type\":\"ListItem\",\"position\":1,\"name\":\"Portada\",\"item\":\"https:\\\/\\\/buendiaestudios.com\\\/en\\\/\"},{\"@type\":\"ListItem\",\"position\":2,\"name\":\"\u2018Los Protegidos: D.N.A:\u2019 will premiere in the 14th Edition of the Alicante Film Festival\"}]},{\"@type\":\"WebSite\",\"@id\":\"https:\\\/\\\/buendiaestudios.com\\\/#website\",\"url\":\"https:\\\/\\\/buendiaestudios.com\\\/\",\"name\":\"Buend\u00eda Estudios\",\"description\":\"BUEND\u00cdA ESTUDIOS is an independent production company of audiovisual content created by ATRESMEDIA and TELEFONICA (through Movistar+), in a strategic alliance.\",\"publisher\":{\"@id\":\"https:\\\/\\\/buendiaestudios.com\\\/#organization\"},\"potentialAction\":[{\"@type\":\"SearchAction\",\"target\":{\"@type\":\"EntryPoint\",\"urlTemplate\":\"https:\\\/\\\/buendiaestudios.com\\\/?s={search_term_string}\"},\"query-input\":{\"@type\":\"PropertyValueSpecification\",\"valueRequired\":true,\"valueName\":\"search_term_string\"}}],\"inLanguage\":\"en-US\"},{\"@type\":\"Organization\",\"@id\":\"https:\\\/\\\/buendiaestudios.com\\\/#organization\",\"name\":\"Buend\u00eda Estudios\",\"url\":\"https:\\\/\\\/buendiaestudios.com\\\/\",\"logo\":{\"@type\":\"ImageObject\",\"inLanguage\":\"en-US\",\"@id\":\"https:\\\/\\\/buendiaestudios.com\\\/#\\\/schema\\\/logo\\\/image\\\/\",\"url\":\"https:\\\/\\\/buendiaestudios.com\\\/wp-content\\\/uploads\\\/2021\\\/02\\\/logo-buendia-estudios.jpg\",\"contentUrl\":\"https:\\\/\\\/buendiaestudios.com\\\/wp-content\\\/uploads\\\/2021\\\/02\\\/logo-buendia-estudios.jpg\",\"width\":988,\"height\":325,\"caption\":\"Buend\u00eda Estudios\"},\"image\":{\"@id\":\"https:\\\/\\\/buendiaestudios.com\\\/#\\\/schema\\\/logo\\\/image\\\/\"},\"sameAs\":[\"https:\\\/\\\/www.facebook.com\\\/buendiaestudios\",\"https:\\\/\\\/x.com\\\/BuendiaEstudios\",\"https:\\\/\\\/www.instagram.com\\\/buendiaestudios\\\/\",\"https:\\\/\\\/www.linkedin.com\\\/company\\\/buend\u00eda-estudios\\\/\"]},{\"@type\":\"Person\",\"@id\":\"https:\\\/\\\/buendiaestudios.com\\\/#\\\/schema\\\/person\\\/192bd02e2f753421ea259f0f385c594a\",\"name\":\"marta\",\"image\":{\"@type\":\"ImageObject\",\"inLanguage\":\"en-US\",\"@id\":\"https:\\\/\\\/secure.gravatar.com\\\/avatar\\\/fd1aad5206beed12165c47b25a60bc78225dd9bee5c531dbfed1e9cc445e712c?s=96&d=mm&r=g\",\"url\":\"https:\\\/\\\/secure.gravatar.com\\\/avatar\\\/fd1aad5206beed12165c47b25a60bc78225dd9bee5c531dbfed1e9cc445e712c?s=96&d=mm&r=g\",\"contentUrl\":\"https:\\\/\\\/secure.gravatar.com\\\/avatar\\\/fd1aad5206beed12165c47b25a60bc78225dd9bee5c531dbfed1e9cc445e712c?s=96&d=mm&r=g\",\"caption\":\"marta\"}}]}<\/script>\n<!-- \/ Yoast SEO plugin. -->","yoast_head_json":{"title":"\u2018Los Protegidos: D.N.A:\u2019 will premiere in the 14th Edition of the Alicante Film Festival - Buend\u00eda Estudios","robots":{"index":"index","follow":"follow","max-snippet":"max-snippet:-1","max-image-preview":"max-image-preview:large","max-video-preview":"max-video-preview:-1"},"canonical":"https:\/\/buendiaestudios.com\/en\/2022\/08\/19\/los-protegidos-a-d-n-se-presentara-en-la-xiv-edicion-del-festival-de-cine-de-alicante\/","og_locale":"en_US","og_type":"article","og_title":"\u2018Los Protegidos: D.N.A:\u2019 will premiere in the 14th Edition of the Alicante Film Festival - Buend\u00eda Estudios","og_description":"'Los Protegidos: A.D.N.' is a production by Atresmedia Televisi\u00f3n in collaboration with Buend\u00eda Estudios and Boomerang TV.","og_url":"https:\/\/buendiaestudios.com\/en\/2022\/08\/19\/los-protegidos-a-d-n-se-presentara-en-la-xiv-edicion-del-festival-de-cine-de-alicante\/","og_site_name":"Buend\u00eda Estudios","article_publisher":"https:\/\/www.facebook.com\/buendiaestudios","article_published_time":"2022-08-19T16:26:00+00:00","article_modified_time":"2022-09-13T08:43:05+00:00","og_image":[{"width":1080,"height":1080,"url":"https:\/\/buendiaestudios.com\/media\/2022\/06\/protegidos-web-buendia.png","type":"image\/png"}],"author":"marta","twitter_card":"summary_large_image","twitter_creator":"@BuendiaEstudios","twitter_site":"@BuendiaEstudios","twitter_misc":{"Written by":"marta","Est. reading time":"1 minute"},"schema":{"@context":"https:\/\/schema.org","@graph":[{"@type":"Article","@id":"https:\/\/buendiaestudios.com\/en\/2022\/08\/19\/los-protegidos-a-d-n-se-presentara-en-la-xiv-edicion-del-festival-de-cine-de-alicante\/#article","isPartOf":{"@id":"https:\/\/buendiaestudios.com\/en\/2022\/08\/19\/los-protegidos-a-d-n-se-presentara-en-la-xiv-edicion-del-festival-de-cine-de-alicante\/"},"author":{"name":"marta","@id":"https:\/\/buendiaestudios.com\/#\/schema\/person\/192bd02e2f753421ea259f0f385c594a"},"headline":"\u2018Los Protegidos: D.N.A:\u2019 will premiere in the 14th Edition of the Alicante Film Festival","datePublished":"2022-08-19T16:26:00+00:00","dateModified":"2022-09-13T08:43:05+00:00","mainEntityOfPage":{"@id":"https:\/\/buendiaestudios.com\/en\/2022\/08\/19\/los-protegidos-a-d-n-se-presentara-en-la-xiv-edicion-del-festival-de-cine-de-alicante\/"},"wordCount":234,"publisher":{"@id":"https:\/\/buendiaestudios.com\/#organization"},"image":{"@id":"https:\/\/buendiaestudios.com\/en\/2022\/08\/19\/los-protegidos-a-d-n-se-presentara-en-la-xiv-edicion-del-festival-de-cine-de-alicante\/#primaryimage"},"thumbnailUrl":"https:\/\/buendiaestudios.com\/media\/2022\/06\/protegidos-web-buendia.png","articleSection":["Sin categorizar"],"inLanguage":"en-US"},{"@type":"WebPage","@id":"https:\/\/buendiaestudios.com\/en\/2022\/08\/19\/los-protegidos-a-d-n-se-presentara-en-la-xiv-edicion-del-festival-de-cine-de-alicante\/","url":"https:\/\/buendiaestudios.com\/en\/2022\/08\/19\/los-protegidos-a-d-n-se-presentara-en-la-xiv-edicion-del-festival-de-cine-de-alicante\/","name":"\u2018Los Protegidos: D.N.A:\u2019 will premiere in the 14th Edition of the Alicante Film Festival - Buend\u00eda Estudios","isPartOf":{"@id":"https:\/\/buendiaestudios.com\/#website"},"primaryImageOfPage":{"@id":"https:\/\/buendiaestudios.com\/en\/2022\/08\/19\/los-protegidos-a-d-n-se-presentara-en-la-xiv-edicion-del-festival-de-cine-de-alicante\/#primaryimage"},"image":{"@id":"https:\/\/buendiaestudios.com\/en\/2022\/08\/19\/los-protegidos-a-d-n-se-presentara-en-la-xiv-edicion-del-festival-de-cine-de-alicante\/#primaryimage"},"thumbnailUrl":"https:\/\/buendiaestudios.com\/media\/2022\/06\/protegidos-web-buendia.png","datePublished":"2022-08-19T16:26:00+00:00","dateModified":"2022-09-13T08:43:05+00:00","breadcrumb":{"@id":"https:\/\/buendiaestudios.com\/en\/2022\/08\/19\/los-protegidos-a-d-n-se-presentara-en-la-xiv-edicion-del-festival-de-cine-de-alicante\/#breadcrumb"},"inLanguage":"en-US","potentialAction":[{"@type":"ReadAction","target":["https:\/\/buendiaestudios.com\/en\/2022\/08\/19\/los-protegidos-a-d-n-se-presentara-en-la-xiv-edicion-del-festival-de-cine-de-alicante\/"]}]},{"@type":"ImageObject","inLanguage":"en-US","@id":"https:\/\/buendiaestudios.com\/en\/2022\/08\/19\/los-protegidos-a-d-n-se-presentara-en-la-xiv-edicion-del-festival-de-cine-de-alicante\/#primaryimage","url":"https:\/\/buendiaestudios.com\/media\/2022\/06\/protegidos-web-buendia.png","contentUrl":"https:\/\/buendiaestudios.com\/media\/2022\/06\/protegidos-web-buendia.png","width":1080,"height":1080,"caption":"Los Protegidos A.D.N."},{"@type":"BreadcrumbList","@id":"https:\/\/buendiaestudios.com\/en\/2022\/08\/19\/los-protegidos-a-d-n-se-presentara-en-la-xiv-edicion-del-festival-de-cine-de-alicante\/#breadcrumb","itemListElement":[{"@type":"ListItem","position":1,"name":"Portada","item":"https:\/\/buendiaestudios.com\/en\/"},{"@type":"ListItem","position":2,"name":"\u2018Los Protegidos: D.N.A:\u2019 will premiere in the 14th Edition of the Alicante Film Festival"}]},{"@type":"WebSite","@id":"https:\/\/buendiaestudios.com\/#website","url":"https:\/\/buendiaestudios.com\/","name":"Buend\u00eda Estudios","description":"BUEND\u00cdA ESTUDIOS is an independent production company of audiovisual content created by ATRESMEDIA and TELEFONICA (through Movistar+), in a strategic alliance.","publisher":{"@id":"https:\/\/buendiaestudios.com\/#organization"},"potentialAction":[{"@type":"SearchAction","target":{"@type":"EntryPoint","urlTemplate":"https:\/\/buendiaestudios.com\/?s={search_term_string}"},"query-input":{"@type":"PropertyValueSpecification","valueRequired":true,"valueName":"search_term_string"}}],"inLanguage":"en-US"},{"@type":"Organization","@id":"https:\/\/buendiaestudios.com\/#organization","name":"Buend\u00eda Estudios","url":"https:\/\/buendiaestudios.com\/","logo":{"@type":"ImageObject","inLanguage":"en-US","@id":"https:\/\/buendiaestudios.com\/#\/schema\/logo\/image\/","url":"https:\/\/buendiaestudios.com\/media\/2021\/02\/logo-buendia-estudios.jpg","contentUrl":"https:\/\/buendiaestudios.com\/media\/2021\/02\/logo-buendia-estudios.jpg","width":988,"height":325,"caption":"Buend\u00eda Estudios"},"image":{"@id":"https:\/\/buendiaestudios.com\/#\/schema\/logo\/image\/"},"sameAs":["https:\/\/www.facebook.com\/buendiaestudios","https:\/\/x.com\/BuendiaEstudios","https:\/\/www.instagram.com\/buendiaestudios\/","https:\/\/www.linkedin.com\/company\/buend\u00eda-estudios\/"]},{"@type":"Person","@id":"https:\/\/buendiaestudios.com\/#\/schema\/person\/192bd02e2f753421ea259f0f385c594a","name":"marta","image":{"@type":"ImageObject","inLanguage":"en-US","@id":"https:\/\/secure.gravatar.com\/avatar\/fd1aad5206beed12165c47b25a60bc78225dd9bee5c531dbfed1e9cc445e712c?s=96&d=mm&r=g","url":"https:\/\/secure.gravatar.com\/avatar\/fd1aad5206beed12165c47b25a60bc78225dd9bee5c531dbfed1e9cc445e712c?s=96&d=mm&r=g","contentUrl":"https:\/\/secure.gravatar.com\/avatar\/fd1aad5206beed12165c47b25a60bc78225dd9bee5c531dbfed1e9cc445e712c?s=96&d=mm&r=g","caption":"marta"}}]}},"_links":{"self":[{"href":"https:\/\/buendiaestudios.com\/en\/wp-json\/wp\/v2\/posts\/2738","targetHints":{"allow":["GET"]}}],"collection":[{"href":"https:\/\/buendiaestudios.com\/en\/wp-json\/wp\/v2\/posts"}],"about":[{"href":"https:\/\/buendiaestudios.com\/en\/wp-json\/wp\/v2\/types\/post"}],"author":[{"embeddable":true,"href":"https:\/\/buendiaestudios.com\/en\/wp-json\/wp\/v2\/users\/7"}],"replies":[{"embeddable":true,"href":"https:\/\/buendiaestudios.com\/en\/wp-json\/wp\/v2\/comments?post=2738"}],"version-history":[{"count":2,"href":"https:\/\/buendiaestudios.com\/en\/wp-json\/wp\/v2\/posts\/2738\/revisions"}],"predecessor-version":[{"id":2753,"href":"https:\/\/buendiaestudios.com\/en\/wp-json\/wp\/v2\/posts\/2738\/revisions\/2753"}],"wp:featuredmedia":[{"embeddable":true,"href":"https:\/\/buendiaestudios.com\/en\/wp-json\/wp\/v2\/media\/2500"}],"wp:attachment":[{"href":"https:\/\/buendiaestudios.com\/en\/wp-json\/wp\/v2\/media?parent=2738"}],"wp:term":[{"taxonomy":"category","embeddable":true,"href":"https:\/\/buendiaestudios.com\/en\/wp-json\/wp\/v2\/categories?post=2738"},{"taxonomy":"post_tag","embeddable":true,"href":"https:\/\/buendiaestudios.com\/en\/wp-json\/wp\/v2\/tags?post=2738"}],"curies":[{"name":"wp","href":"https:\/\/api.w.org\/{rel}","templated":true}]}}