{"id":2736,"date":"2022-07-15T15:49:00","date_gmt":"2022-07-15T15:49:00","guid":{"rendered":"https:\/\/buendiaestudios.com\/2022\/07\/15\/apagon-la-serie-producida-por-buendia-estudios-tendra-su-estreno-mundial-en-el-festival-de-san-sebastian\/"},"modified":"2022-09-13T08:41:03","modified_gmt":"2022-09-13T08:41:03","slug":"apagon-la-serie-producida-por-buendia-estudios-tendra-su-estreno-mundial-en-el-festival-de-san-sebastian","status":"publish","type":"post","link":"https:\/\/buendiaestudios.com\/en\/2022\/07\/15\/apagon-la-serie-producida-por-buendia-estudios-tendra-su-estreno-mundial-en-el-festival-de-san-sebastian\/","title":{"rendered":"\u2018Apag\u00f3n\u2019, the series produced by Buend\u00eda Estudios, will be released worldwide in the San Sebastian Film Festival"},"content":{"rendered":"\n<p><strong>\u2018Apag\u00f3n\u2019<\/strong>&nbsp;will give a grand finale to the Official Section on Friday September 23rd, with its five episodes that join the best creative talent.&nbsp;<strong>Rodrigo Sorogoyen<\/strong>&nbsp;(\u2018Antidisturbios\u2019),&nbsp;<strong>Ra\u00fal Ar\u00e9valo<\/strong>&nbsp;(\u2018Tarde para la ira\u2019),&nbsp;<strong>Isa Campo<\/strong>&nbsp;(\u2018La pr\u00f3xima piel\u2019),&nbsp;<strong>Alberto Rodr\u00edguez<\/strong>&nbsp;(\u2018Modelo 77\u2019) and&nbsp;<strong>Isaki Lacuesta<\/strong>&nbsp;(\u2018Entre dos aguas\u2019) direct the episodes written by&nbsp;<strong>Isabel Pe\u00f1a&nbsp;<\/strong>(\u2018El Reino\u2019)<strong>, Alberto Marini&nbsp;<\/strong>(\u2018La Unidad\u2019)<strong>, Fran Ara\u00fajo&nbsp;<\/strong>(\u2018Entre dos aguas\u2019)<strong>, Rafael Cobos<\/strong>&nbsp;(\u2018Modelo 77\u2019) and&nbsp;<strong>Isa Campo&nbsp;<\/strong>(\u2018Entre dos aguas\u2019), under the creative coordination of Ara\u00fajo.<br><br>The series has a large cast led by&nbsp;<strong>Luis Callejo, Mar\u00eda V\u00e1zquez, Patricia L\u00f3pez Arnaiz, Ainhoa Santamar\u00eda, Jes\u00fas Carroza, Melina Matthews, Tom\u00e1s del Estal, Javier Tena, Zo\u00e9 Arnao, Miquel Fern\u00e1ndez, Naira Lle\u00f3, Mourad Ouani<\/strong>&nbsp;and&nbsp;<strong>Sofia El Bouanani<\/strong>.<br><br><strong>Domingo Corral<\/strong>, Director of Original Production of Movistar Plus+ has highlighted: &#8220;<em>It is a privilege to be able to bring together some of the best writers and directors of this country in a series. We are very happy that the San Sebastian Fim Festival recognizes the quality of the work they have done and decides that the series deserves to be part of its Official Section<\/em>&#8220;.<\/p>\n\n\n\n<p>As for <strong>Ignacio Corrales<\/strong>, CEO of Buend\u00eda Estudios, he has stated: &nbsp;&#8220;<em>The presence of the series &#8216;Apag\u00f3n&#8217; at the San Sebasti\u00e1n Festival is a great recognition of a unique project, of high creative level, with the main experts in directing, and which has been a production challenge due to its complexity in the execution in addition to having been shot in a tremendously complicated environment with the pandemic at its peak. At Buend\u00eda Estudios we are very proud to have produced this project and to fulfil the responsibility that a series of this level entailed. The presence at the San Sebastian Film Festival will surely contribute to the promotion of our brand and our know-how in the national and international market<\/em>&#8220;.<\/p>\n\n\n\n<p><strong>\u2018Apag\u00f3n\u2019&nbsp;<\/strong>is an original series by&nbsp;<strong>Movistar Plus+&nbsp;<\/strong>produced by&nbsp;<strong>Buend\u00eda Estudios&nbsp;<\/strong>inspired in the successful original sci-fi podcast by Podium Podcast (PRISA Audio) \u2018El gran apag\u00f3n\u2019 (The big blackout). The starting point is a solar storm that impacts on Earth causing a worldwide blackout. In that new reality five stories are developed with characters who fight to adapt themselves to a world without electricity, telecommunications or means of transport, in which they must face their more basic needs, instincts and fears.<\/p>\n\n\n\n<p><strong>The series will be released exclusively in Movistar Plus+ on September 29th.<\/strong><br><\/p>\n","protected":false},"excerpt":{"rendered":"<p>&#8216;Apag\u00f3n&#8217; will be released worldwide on Friday September 23rd in the Kursaal Auditorium where the five episodes of the series will be screened.<\/p>\n","protected":false},"author":7,"featured_media":2694,"comment_status":"closed","ping_status":"closed","sticky":false,"template":"","format":"standard","meta":{"_acf_changed":false,"footnotes":""},"categories":[1],"tags":[],"class_list":["post-2736","post","type-post","status-publish","format-standard","has-post-thumbnail","hentry","category-sin-categorizar"],"acf":[],"yoast_head":"<!-- This site is optimized with the Yoast SEO plugin v27.4 - https:\/\/yoast.com\/product\/yoast-seo-wordpress\/ -->\n<title>\u2018Apag\u00f3n\u2019, the series produced by Buend\u00eda Estudios, will be released worldwide in the San Sebastian Film Festival - Buend\u00eda Estudios<\/title>\n<meta name=\"robots\" content=\"index, follow, max-snippet:-1, max-image-preview:large, max-video-preview:-1\" \/>\n<link rel=\"canonical\" href=\"https:\/\/buendiaestudios.com\/en\/2022\/07\/15\/apagon-la-serie-producida-por-buendia-estudios-tendra-su-estreno-mundial-en-el-festival-de-san-sebastian\/\" \/>\n<meta property=\"og:locale\" content=\"en_US\" \/>\n<meta property=\"og:type\" content=\"article\" \/>\n<meta property=\"og:title\" content=\"\u2018Apag\u00f3n\u2019, the series produced by Buend\u00eda Estudios, will be released worldwide in the San Sebastian Film Festival - Buend\u00eda Estudios\" \/>\n<meta property=\"og:description\" content=\"&#039;Apag\u00f3n&#039; will be released worldwide on Friday September 23rd in the Kursaal Auditorium where the five episodes of the series will be screened.\" \/>\n<meta property=\"og:url\" content=\"https:\/\/buendiaestudios.com\/en\/2022\/07\/15\/apagon-la-serie-producida-por-buendia-estudios-tendra-su-estreno-mundial-en-el-festival-de-san-sebastian\/\" \/>\n<meta property=\"og:site_name\" content=\"Buend\u00eda Estudios\" \/>\n<meta property=\"article:publisher\" content=\"https:\/\/www.facebook.com\/buendiaestudios\" \/>\n<meta property=\"article:published_time\" content=\"2022-07-15T15:49:00+00:00\" \/>\n<meta property=\"article:modified_time\" content=\"2022-09-13T08:41:03+00:00\" \/>\n<meta property=\"og:image\" content=\"https:\/\/buendiaestudios.com\/media\/2022\/09\/5-scaled.jpg\" \/>\n\t<meta property=\"og:image:width\" content=\"2048\" \/>\n\t<meta property=\"og:image:height\" content=\"1367\" \/>\n\t<meta property=\"og:image:type\" content=\"image\/jpeg\" \/>\n<meta name=\"author\" content=\"marta\" \/>\n<meta name=\"twitter:card\" content=\"summary_large_image\" \/>\n<meta name=\"twitter:creator\" content=\"@BuendiaEstudios\" \/>\n<meta name=\"twitter:site\" content=\"@BuendiaEstudios\" \/>\n<meta name=\"twitter:label1\" content=\"Written by\" \/>\n\t<meta name=\"twitter:data1\" content=\"marta\" \/>\n\t<meta name=\"twitter:label2\" content=\"Est. reading time\" \/>\n\t<meta name=\"twitter:data2\" content=\"2 minutes\" \/>\n<script type=\"application\/ld+json\" class=\"yoast-schema-graph\">{\"@context\":\"https:\\\/\\\/schema.org\",\"@graph\":[{\"@type\":\"Article\",\"@id\":\"https:\\\/\\\/buendiaestudios.com\\\/en\\\/2022\\\/07\\\/15\\\/apagon-la-serie-producida-por-buendia-estudios-tendra-su-estreno-mundial-en-el-festival-de-san-sebastian\\\/#article\",\"isPartOf\":{\"@id\":\"https:\\\/\\\/buendiaestudios.com\\\/en\\\/2022\\\/07\\\/15\\\/apagon-la-serie-producida-por-buendia-estudios-tendra-su-estreno-mundial-en-el-festival-de-san-sebastian\\\/\"},\"author\":{\"name\":\"marta\",\"@id\":\"https:\\\/\\\/buendiaestudios.com\\\/#\\\/schema\\\/person\\\/192bd02e2f753421ea259f0f385c594a\"},\"headline\":\"\u2018Apag\u00f3n\u2019, the series produced by Buend\u00eda Estudios, will be released worldwide in the San Sebastian Film Festival\",\"datePublished\":\"2022-07-15T15:49:00+00:00\",\"dateModified\":\"2022-09-13T08:41:03+00:00\",\"mainEntityOfPage\":{\"@id\":\"https:\\\/\\\/buendiaestudios.com\\\/en\\\/2022\\\/07\\\/15\\\/apagon-la-serie-producida-por-buendia-estudios-tendra-su-estreno-mundial-en-el-festival-de-san-sebastian\\\/\"},\"wordCount\":467,\"publisher\":{\"@id\":\"https:\\\/\\\/buendiaestudios.com\\\/#organization\"},\"image\":{\"@id\":\"https:\\\/\\\/buendiaestudios.com\\\/en\\\/2022\\\/07\\\/15\\\/apagon-la-serie-producida-por-buendia-estudios-tendra-su-estreno-mundial-en-el-festival-de-san-sebastian\\\/#primaryimage\"},\"thumbnailUrl\":\"https:\\\/\\\/buendiaestudios.com\\\/wp-content\\\/uploads\\\/2022\\\/09\\\/5-scaled.jpg\",\"articleSection\":[\"Sin categorizar\"],\"inLanguage\":\"en-US\"},{\"@type\":\"WebPage\",\"@id\":\"https:\\\/\\\/buendiaestudios.com\\\/en\\\/2022\\\/07\\\/15\\\/apagon-la-serie-producida-por-buendia-estudios-tendra-su-estreno-mundial-en-el-festival-de-san-sebastian\\\/\",\"url\":\"https:\\\/\\\/buendiaestudios.com\\\/en\\\/2022\\\/07\\\/15\\\/apagon-la-serie-producida-por-buendia-estudios-tendra-su-estreno-mundial-en-el-festival-de-san-sebastian\\\/\",\"name\":\"\u2018Apag\u00f3n\u2019, the series produced by Buend\u00eda Estudios, will be released worldwide in the San Sebastian Film Festival - Buend\u00eda Estudios\",\"isPartOf\":{\"@id\":\"https:\\\/\\\/buendiaestudios.com\\\/#website\"},\"primaryImageOfPage\":{\"@id\":\"https:\\\/\\\/buendiaestudios.com\\\/en\\\/2022\\\/07\\\/15\\\/apagon-la-serie-producida-por-buendia-estudios-tendra-su-estreno-mundial-en-el-festival-de-san-sebastian\\\/#primaryimage\"},\"image\":{\"@id\":\"https:\\\/\\\/buendiaestudios.com\\\/en\\\/2022\\\/07\\\/15\\\/apagon-la-serie-producida-por-buendia-estudios-tendra-su-estreno-mundial-en-el-festival-de-san-sebastian\\\/#primaryimage\"},\"thumbnailUrl\":\"https:\\\/\\\/buendiaestudios.com\\\/wp-content\\\/uploads\\\/2022\\\/09\\\/5-scaled.jpg\",\"datePublished\":\"2022-07-15T15:49:00+00:00\",\"dateModified\":\"2022-09-13T08:41:03+00:00\",\"breadcrumb\":{\"@id\":\"https:\\\/\\\/buendiaestudios.com\\\/en\\\/2022\\\/07\\\/15\\\/apagon-la-serie-producida-por-buendia-estudios-tendra-su-estreno-mundial-en-el-festival-de-san-sebastian\\\/#breadcrumb\"},\"inLanguage\":\"en-US\",\"potentialAction\":[{\"@type\":\"ReadAction\",\"target\":[\"https:\\\/\\\/buendiaestudios.com\\\/en\\\/2022\\\/07\\\/15\\\/apagon-la-serie-producida-por-buendia-estudios-tendra-su-estreno-mundial-en-el-festival-de-san-sebastian\\\/\"]}]},{\"@type\":\"ImageObject\",\"inLanguage\":\"en-US\",\"@id\":\"https:\\\/\\\/buendiaestudios.com\\\/en\\\/2022\\\/07\\\/15\\\/apagon-la-serie-producida-por-buendia-estudios-tendra-su-estreno-mundial-en-el-festival-de-san-sebastian\\\/#primaryimage\",\"url\":\"https:\\\/\\\/buendiaestudios.com\\\/wp-content\\\/uploads\\\/2022\\\/09\\\/5-scaled.jpg\",\"contentUrl\":\"https:\\\/\\\/buendiaestudios.com\\\/wp-content\\\/uploads\\\/2022\\\/09\\\/5-scaled.jpg\",\"width\":2048,\"height\":1367,\"caption\":\"Apag\u00f3n\"},{\"@type\":\"BreadcrumbList\",\"@id\":\"https:\\\/\\\/buendiaestudios.com\\\/en\\\/2022\\\/07\\\/15\\\/apagon-la-serie-producida-por-buendia-estudios-tendra-su-estreno-mundial-en-el-festival-de-san-sebastian\\\/#breadcrumb\",\"itemListElement\":[{\"@type\":\"ListItem\",\"position\":1,\"name\":\"Portada\",\"item\":\"https:\\\/\\\/buendiaestudios.com\\\/en\\\/\"},{\"@type\":\"ListItem\",\"position\":2,\"name\":\"\u2018Apag\u00f3n\u2019, the series produced by Buend\u00eda Estudios, will be released worldwide in the San Sebastian Film Festival\"}]},{\"@type\":\"WebSite\",\"@id\":\"https:\\\/\\\/buendiaestudios.com\\\/#website\",\"url\":\"https:\\\/\\\/buendiaestudios.com\\\/\",\"name\":\"Buend\u00eda Estudios\",\"description\":\"BUEND\u00cdA ESTUDIOS is an independent production company of audiovisual content created by ATRESMEDIA and TELEFONICA (through Movistar+), in a strategic alliance.\",\"publisher\":{\"@id\":\"https:\\\/\\\/buendiaestudios.com\\\/#organization\"},\"potentialAction\":[{\"@type\":\"SearchAction\",\"target\":{\"@type\":\"EntryPoint\",\"urlTemplate\":\"https:\\\/\\\/buendiaestudios.com\\\/?s={search_term_string}\"},\"query-input\":{\"@type\":\"PropertyValueSpecification\",\"valueRequired\":true,\"valueName\":\"search_term_string\"}}],\"inLanguage\":\"en-US\"},{\"@type\":\"Organization\",\"@id\":\"https:\\\/\\\/buendiaestudios.com\\\/#organization\",\"name\":\"Buend\u00eda Estudios\",\"url\":\"https:\\\/\\\/buendiaestudios.com\\\/\",\"logo\":{\"@type\":\"ImageObject\",\"inLanguage\":\"en-US\",\"@id\":\"https:\\\/\\\/buendiaestudios.com\\\/#\\\/schema\\\/logo\\\/image\\\/\",\"url\":\"https:\\\/\\\/buendiaestudios.com\\\/wp-content\\\/uploads\\\/2021\\\/02\\\/logo-buendia-estudios.jpg\",\"contentUrl\":\"https:\\\/\\\/buendiaestudios.com\\\/wp-content\\\/uploads\\\/2021\\\/02\\\/logo-buendia-estudios.jpg\",\"width\":988,\"height\":325,\"caption\":\"Buend\u00eda Estudios\"},\"image\":{\"@id\":\"https:\\\/\\\/buendiaestudios.com\\\/#\\\/schema\\\/logo\\\/image\\\/\"},\"sameAs\":[\"https:\\\/\\\/www.facebook.com\\\/buendiaestudios\",\"https:\\\/\\\/x.com\\\/BuendiaEstudios\",\"https:\\\/\\\/www.instagram.com\\\/buendiaestudios\\\/\",\"https:\\\/\\\/www.linkedin.com\\\/company\\\/buend\u00eda-estudios\\\/\"]},{\"@type\":\"Person\",\"@id\":\"https:\\\/\\\/buendiaestudios.com\\\/#\\\/schema\\\/person\\\/192bd02e2f753421ea259f0f385c594a\",\"name\":\"marta\",\"image\":{\"@type\":\"ImageObject\",\"inLanguage\":\"en-US\",\"@id\":\"https:\\\/\\\/secure.gravatar.com\\\/avatar\\\/fd1aad5206beed12165c47b25a60bc78225dd9bee5c531dbfed1e9cc445e712c?s=96&d=mm&r=g\",\"url\":\"https:\\\/\\\/secure.gravatar.com\\\/avatar\\\/fd1aad5206beed12165c47b25a60bc78225dd9bee5c531dbfed1e9cc445e712c?s=96&d=mm&r=g\",\"contentUrl\":\"https:\\\/\\\/secure.gravatar.com\\\/avatar\\\/fd1aad5206beed12165c47b25a60bc78225dd9bee5c531dbfed1e9cc445e712c?s=96&d=mm&r=g\",\"caption\":\"marta\"}}]}<\/script>\n<!-- \/ Yoast SEO plugin. -->","yoast_head_json":{"title":"\u2018Apag\u00f3n\u2019, the series produced by Buend\u00eda Estudios, will be released worldwide in the San Sebastian Film Festival - Buend\u00eda Estudios","robots":{"index":"index","follow":"follow","max-snippet":"max-snippet:-1","max-image-preview":"max-image-preview:large","max-video-preview":"max-video-preview:-1"},"canonical":"https:\/\/buendiaestudios.com\/en\/2022\/07\/15\/apagon-la-serie-producida-por-buendia-estudios-tendra-su-estreno-mundial-en-el-festival-de-san-sebastian\/","og_locale":"en_US","og_type":"article","og_title":"\u2018Apag\u00f3n\u2019, the series produced by Buend\u00eda Estudios, will be released worldwide in the San Sebastian Film Festival - Buend\u00eda Estudios","og_description":"'Apag\u00f3n' will be released worldwide on Friday September 23rd in the Kursaal Auditorium where the five episodes of the series will be screened.","og_url":"https:\/\/buendiaestudios.com\/en\/2022\/07\/15\/apagon-la-serie-producida-por-buendia-estudios-tendra-su-estreno-mundial-en-el-festival-de-san-sebastian\/","og_site_name":"Buend\u00eda Estudios","article_publisher":"https:\/\/www.facebook.com\/buendiaestudios","article_published_time":"2022-07-15T15:49:00+00:00","article_modified_time":"2022-09-13T08:41:03+00:00","og_image":[{"width":2048,"height":1367,"url":"https:\/\/buendiaestudios.com\/media\/2022\/09\/5-scaled.jpg","type":"image\/jpeg"}],"author":"marta","twitter_card":"summary_large_image","twitter_creator":"@BuendiaEstudios","twitter_site":"@BuendiaEstudios","twitter_misc":{"Written by":"marta","Est. reading time":"2 minutes"},"schema":{"@context":"https:\/\/schema.org","@graph":[{"@type":"Article","@id":"https:\/\/buendiaestudios.com\/en\/2022\/07\/15\/apagon-la-serie-producida-por-buendia-estudios-tendra-su-estreno-mundial-en-el-festival-de-san-sebastian\/#article","isPartOf":{"@id":"https:\/\/buendiaestudios.com\/en\/2022\/07\/15\/apagon-la-serie-producida-por-buendia-estudios-tendra-su-estreno-mundial-en-el-festival-de-san-sebastian\/"},"author":{"name":"marta","@id":"https:\/\/buendiaestudios.com\/#\/schema\/person\/192bd02e2f753421ea259f0f385c594a"},"headline":"\u2018Apag\u00f3n\u2019, the series produced by Buend\u00eda Estudios, will be released worldwide in the San Sebastian Film Festival","datePublished":"2022-07-15T15:49:00+00:00","dateModified":"2022-09-13T08:41:03+00:00","mainEntityOfPage":{"@id":"https:\/\/buendiaestudios.com\/en\/2022\/07\/15\/apagon-la-serie-producida-por-buendia-estudios-tendra-su-estreno-mundial-en-el-festival-de-san-sebastian\/"},"wordCount":467,"publisher":{"@id":"https:\/\/buendiaestudios.com\/#organization"},"image":{"@id":"https:\/\/buendiaestudios.com\/en\/2022\/07\/15\/apagon-la-serie-producida-por-buendia-estudios-tendra-su-estreno-mundial-en-el-festival-de-san-sebastian\/#primaryimage"},"thumbnailUrl":"https:\/\/buendiaestudios.com\/media\/2022\/09\/5-scaled.jpg","articleSection":["Sin categorizar"],"inLanguage":"en-US"},{"@type":"WebPage","@id":"https:\/\/buendiaestudios.com\/en\/2022\/07\/15\/apagon-la-serie-producida-por-buendia-estudios-tendra-su-estreno-mundial-en-el-festival-de-san-sebastian\/","url":"https:\/\/buendiaestudios.com\/en\/2022\/07\/15\/apagon-la-serie-producida-por-buendia-estudios-tendra-su-estreno-mundial-en-el-festival-de-san-sebastian\/","name":"\u2018Apag\u00f3n\u2019, the series produced by Buend\u00eda Estudios, will be released worldwide in the San Sebastian Film Festival - Buend\u00eda Estudios","isPartOf":{"@id":"https:\/\/buendiaestudios.com\/#website"},"primaryImageOfPage":{"@id":"https:\/\/buendiaestudios.com\/en\/2022\/07\/15\/apagon-la-serie-producida-por-buendia-estudios-tendra-su-estreno-mundial-en-el-festival-de-san-sebastian\/#primaryimage"},"image":{"@id":"https:\/\/buendiaestudios.com\/en\/2022\/07\/15\/apagon-la-serie-producida-por-buendia-estudios-tendra-su-estreno-mundial-en-el-festival-de-san-sebastian\/#primaryimage"},"thumbnailUrl":"https:\/\/buendiaestudios.com\/media\/2022\/09\/5-scaled.jpg","datePublished":"2022-07-15T15:49:00+00:00","dateModified":"2022-09-13T08:41:03+00:00","breadcrumb":{"@id":"https:\/\/buendiaestudios.com\/en\/2022\/07\/15\/apagon-la-serie-producida-por-buendia-estudios-tendra-su-estreno-mundial-en-el-festival-de-san-sebastian\/#breadcrumb"},"inLanguage":"en-US","potentialAction":[{"@type":"ReadAction","target":["https:\/\/buendiaestudios.com\/en\/2022\/07\/15\/apagon-la-serie-producida-por-buendia-estudios-tendra-su-estreno-mundial-en-el-festival-de-san-sebastian\/"]}]},{"@type":"ImageObject","inLanguage":"en-US","@id":"https:\/\/buendiaestudios.com\/en\/2022\/07\/15\/apagon-la-serie-producida-por-buendia-estudios-tendra-su-estreno-mundial-en-el-festival-de-san-sebastian\/#primaryimage","url":"https:\/\/buendiaestudios.com\/media\/2022\/09\/5-scaled.jpg","contentUrl":"https:\/\/buendiaestudios.com\/media\/2022\/09\/5-scaled.jpg","width":2048,"height":1367,"caption":"Apag\u00f3n"},{"@type":"BreadcrumbList","@id":"https:\/\/buendiaestudios.com\/en\/2022\/07\/15\/apagon-la-serie-producida-por-buendia-estudios-tendra-su-estreno-mundial-en-el-festival-de-san-sebastian\/#breadcrumb","itemListElement":[{"@type":"ListItem","position":1,"name":"Portada","item":"https:\/\/buendiaestudios.com\/en\/"},{"@type":"ListItem","position":2,"name":"\u2018Apag\u00f3n\u2019, the series produced by Buend\u00eda Estudios, will be released worldwide in the San Sebastian Film Festival"}]},{"@type":"WebSite","@id":"https:\/\/buendiaestudios.com\/#website","url":"https:\/\/buendiaestudios.com\/","name":"Buend\u00eda Estudios","description":"BUEND\u00cdA ESTUDIOS is an independent production company of audiovisual content created by ATRESMEDIA and TELEFONICA (through Movistar+), in a strategic alliance.","publisher":{"@id":"https:\/\/buendiaestudios.com\/#organization"},"potentialAction":[{"@type":"SearchAction","target":{"@type":"EntryPoint","urlTemplate":"https:\/\/buendiaestudios.com\/?s={search_term_string}"},"query-input":{"@type":"PropertyValueSpecification","valueRequired":true,"valueName":"search_term_string"}}],"inLanguage":"en-US"},{"@type":"Organization","@id":"https:\/\/buendiaestudios.com\/#organization","name":"Buend\u00eda Estudios","url":"https:\/\/buendiaestudios.com\/","logo":{"@type":"ImageObject","inLanguage":"en-US","@id":"https:\/\/buendiaestudios.com\/#\/schema\/logo\/image\/","url":"https:\/\/buendiaestudios.com\/media\/2021\/02\/logo-buendia-estudios.jpg","contentUrl":"https:\/\/buendiaestudios.com\/media\/2021\/02\/logo-buendia-estudios.jpg","width":988,"height":325,"caption":"Buend\u00eda Estudios"},"image":{"@id":"https:\/\/buendiaestudios.com\/#\/schema\/logo\/image\/"},"sameAs":["https:\/\/www.facebook.com\/buendiaestudios","https:\/\/x.com\/BuendiaEstudios","https:\/\/www.instagram.com\/buendiaestudios\/","https:\/\/www.linkedin.com\/company\/buend\u00eda-estudios\/"]},{"@type":"Person","@id":"https:\/\/buendiaestudios.com\/#\/schema\/person\/192bd02e2f753421ea259f0f385c594a","name":"marta","image":{"@type":"ImageObject","inLanguage":"en-US","@id":"https:\/\/secure.gravatar.com\/avatar\/fd1aad5206beed12165c47b25a60bc78225dd9bee5c531dbfed1e9cc445e712c?s=96&d=mm&r=g","url":"https:\/\/secure.gravatar.com\/avatar\/fd1aad5206beed12165c47b25a60bc78225dd9bee5c531dbfed1e9cc445e712c?s=96&d=mm&r=g","contentUrl":"https:\/\/secure.gravatar.com\/avatar\/fd1aad5206beed12165c47b25a60bc78225dd9bee5c531dbfed1e9cc445e712c?s=96&d=mm&r=g","caption":"marta"}}]}},"_links":{"self":[{"href":"https:\/\/buendiaestudios.com\/en\/wp-json\/wp\/v2\/posts\/2736","targetHints":{"allow":["GET"]}}],"collection":[{"href":"https:\/\/buendiaestudios.com\/en\/wp-json\/wp\/v2\/posts"}],"about":[{"href":"https:\/\/buendiaestudios.com\/en\/wp-json\/wp\/v2\/types\/post"}],"author":[{"embeddable":true,"href":"https:\/\/buendiaestudios.com\/en\/wp-json\/wp\/v2\/users\/7"}],"replies":[{"embeddable":true,"href":"https:\/\/buendiaestudios.com\/en\/wp-json\/wp\/v2\/comments?post=2736"}],"version-history":[{"count":2,"href":"https:\/\/buendiaestudios.com\/en\/wp-json\/wp\/v2\/posts\/2736\/revisions"}],"predecessor-version":[{"id":2749,"href":"https:\/\/buendiaestudios.com\/en\/wp-json\/wp\/v2\/posts\/2736\/revisions\/2749"}],"wp:featuredmedia":[{"embeddable":true,"href":"https:\/\/buendiaestudios.com\/en\/wp-json\/wp\/v2\/media\/2694"}],"wp:attachment":[{"href":"https:\/\/buendiaestudios.com\/en\/wp-json\/wp\/v2\/media?parent=2736"}],"wp:term":[{"taxonomy":"category","embeddable":true,"href":"https:\/\/buendiaestudios.com\/en\/wp-json\/wp\/v2\/categories?post=2736"},{"taxonomy":"post_tag","embeddable":true,"href":"https:\/\/buendiaestudios.com\/en\/wp-json\/wp\/v2\/tags?post=2736"}],"curies":[{"name":"wp","href":"https:\/\/api.w.org\/{rel}","templated":true}]}}