{"id":2643,"date":"2022-07-04T11:36:12","date_gmt":"2022-07-04T11:36:12","guid":{"rendered":"https:\/\/buendiaestudios.com\/2022\/07\/04\/apagon-la-esperada-serie-producida-por-buendia-estudios-para-movistar-plus-se-estrena-el-29-de-septiembre\/"},"modified":"2022-07-11T10:55:27","modified_gmt":"2022-07-11T10:55:27","slug":"apagon-la-esperada-serie-producida-por-buendia-estudios-para-movistar-plus-se-estrena-el-29-de-septiembre","status":"publish","type":"post","link":"https:\/\/buendiaestudios.com\/en\/2022\/07\/04\/apagon-la-esperada-serie-producida-por-buendia-estudios-para-movistar-plus-se-estrena-el-29-de-septiembre\/","title":{"rendered":"\u2018Apag\u00f3n\u2019, the long-awaited series produced by Buend\u00eda Estudios for Movistar Plus+, will be released on September 29th."},"content":{"rendered":"\n<p>The new original Movistar Plus+ series, <strong>\u2018Apag\u00f3n\u2019 finishes after five months shooting <\/strong>in ten locations in Spain, such as Madrid, Toledo, Segovia, Guadalajara and Ciudad Real.<\/p>\n\n\n\n<p>The best creative talent is taking charge of the&nbsp;<strong>five 50 minutes episodes<\/strong> interconnected with each other, in a fiction that addresses how a&nbsp;<strong>solar storm&nbsp;<\/strong>hits the Earth causing a global blackout.<\/p>\n\n\n\n<p>In this new reality, they develop five stories of characters who struggle to adapt to a world without electricity, telecommunications or means of transport, in which they must deal with their most basic needs, instincts and fears.<\/p>\n\n\n\n<p>\u2018Apag\u00f3n\u2019, the original Movistar Plus+ series&nbsp;<strong>produced by Buend\u00eda Estudios<\/strong>, will be released on September 29th, 2022.<\/p>\n\n\n\n<p><strong>These are the titles of the five episodes directed and written by leading figures of the Spanish audio-visual:<\/strong><\/p>\n\n\n<div class=\"wp-block-image\">\n<figure class=\"aligncenter size-full\"><img loading=\"lazy\" decoding=\"async\" width=\"1024\" height=\"683\" src=\"https:\/\/buendiaestudios.com\/media\/2022\/07\/1-APAGON-EPISODIO-UNO-RODRIGO-SOROGOYEN20220301_8-1024x683-1.jpg\" alt=\"\" class=\"wp-image-2628\" srcset=\"https:\/\/buendiaestudios.com\/media\/2022\/07\/1-APAGON-EPISODIO-UNO-RODRIGO-SOROGOYEN20220301_8-1024x683-1.jpg 1024w, https:\/\/buendiaestudios.com\/media\/2022\/07\/1-APAGON-EPISODIO-UNO-RODRIGO-SOROGOYEN20220301_8-1024x683-1-300x200.jpg 300w, https:\/\/buendiaestudios.com\/media\/2022\/07\/1-APAGON-EPISODIO-UNO-RODRIGO-SOROGOYEN20220301_8-1024x683-1-768x512.jpg 768w\" sizes=\"auto, (max-width: 1024px) 100vw, 1024px\" \/><\/figure>\n<\/div>\n\n\n<p><strong><strong><mark style=\"background-color:rgba(0, 0, 0, 0)\" class=\"has-inline-color has-luminous-vivid-orange-color\">Episode 1: &#8216;Negaci\u00f3n&#8217;.<br><\/mark><br>Director: Rodrigo Sorogoyen.<br>Script: Isabel Pe\u00f1a.<br><\/strong><\/strong><\/p>\n\n\n<div class=\"wp-block-image\">\n<figure class=\"aligncenter size-full\"><img loading=\"lazy\" decoding=\"async\" width=\"1024\" height=\"681\" src=\"https:\/\/buendiaestudios.com\/media\/2022\/07\/2-APAGON-EPISODIO-RODAJE-RAUL-AREVALO20220203_4-1-1024x681-1.jpg\" alt=\"\" class=\"wp-image-2630\" srcset=\"https:\/\/buendiaestudios.com\/media\/2022\/07\/2-APAGON-EPISODIO-RODAJE-RAUL-AREVALO20220203_4-1-1024x681-1.jpg 1024w, https:\/\/buendiaestudios.com\/media\/2022\/07\/2-APAGON-EPISODIO-RODAJE-RAUL-AREVALO20220203_4-1-1024x681-1-300x200.jpg 300w, https:\/\/buendiaestudios.com\/media\/2022\/07\/2-APAGON-EPISODIO-RODAJE-RAUL-AREVALO20220203_4-1-1024x681-1-768x511.jpg 768w\" sizes=\"auto, (max-width: 1024px) 100vw, 1024px\" \/><\/figure>\n<\/div>\n\n\n<p><strong><strong><mark style=\"background-color:rgba(0, 0, 0, 0)\" class=\"has-inline-color has-luminous-vivid-orange-color\">Episode 2: &#8216;Emergencia&#8217;.<\/mark><br><br>Director: Ra\u00fal Ar\u00e9valo.<br>Script: Alberto Marini, Ra\u00fal Ar\u00e9valo y Fran Ara\u00fajo.<br><\/strong><\/strong><\/p>\n\n\n<div class=\"wp-block-image\">\n<figure class=\"aligncenter size-full\"><img loading=\"lazy\" decoding=\"async\" width=\"1024\" height=\"683\" src=\"https:\/\/buendiaestudios.com\/media\/2022\/07\/3-Apagon-cEmilio-Pereda-9-1024x683-1.jpg\" alt=\"\" class=\"wp-image-2632\" srcset=\"https:\/\/buendiaestudios.com\/media\/2022\/07\/3-Apagon-cEmilio-Pereda-9-1024x683-1.jpg 1024w, https:\/\/buendiaestudios.com\/media\/2022\/07\/3-Apagon-cEmilio-Pereda-9-1024x683-1-300x200.jpg 300w, https:\/\/buendiaestudios.com\/media\/2022\/07\/3-Apagon-cEmilio-Pereda-9-1024x683-1-768x512.jpg 768w\" sizes=\"auto, (max-width: 1024px) 100vw, 1024px\" \/><\/figure>\n<\/div>\n\n\n<p><strong><strong><mark style=\"background-color:rgba(0, 0, 0, 0)\" class=\"has-inline-color has-luminous-vivid-orange-color\">Episode 3: &#8216;Confrontaci\u00f3n&#8217;.<\/mark><br><br>Director: Isa Campo.<br>Script: Isa Campo y Fran Ara\u00fajo.<br><\/strong><\/strong><\/p>\n\n\n<div class=\"wp-block-image\">\n<figure class=\"aligncenter size-full\"><img loading=\"lazy\" decoding=\"async\" width=\"1024\" height=\"681\" src=\"https:\/\/buendiaestudios.com\/media\/2022\/07\/4-APAGON-EPISODIO-ALBERTO-RODRIGUEZ-1-1024x681-1.jpg\" alt=\"\" class=\"wp-image-2634\" srcset=\"https:\/\/buendiaestudios.com\/media\/2022\/07\/4-APAGON-EPISODIO-ALBERTO-RODRIGUEZ-1-1024x681-1.jpg 1024w, https:\/\/buendiaestudios.com\/media\/2022\/07\/4-APAGON-EPISODIO-ALBERTO-RODRIGUEZ-1-1024x681-1-300x200.jpg 300w, https:\/\/buendiaestudios.com\/media\/2022\/07\/4-APAGON-EPISODIO-ALBERTO-RODRIGUEZ-1-1024x681-1-768x511.jpg 768w\" sizes=\"auto, (max-width: 1024px) 100vw, 1024px\" \/><\/figure>\n<\/div>\n\n\n<p><strong><strong><mark style=\"background-color:rgba(0, 0, 0, 0)\" class=\"has-inline-color has-luminous-vivid-orange-color\">Episode 4: &#8216;Supervivencia&#8217;.<\/mark><br><br>Director: Alberto Rodr\u00edguez.<br>Script: Rafael Cobos.<br><\/strong><\/strong><\/p>\n\n\n<div class=\"wp-block-image\">\n<figure class=\"aligncenter size-full\"><img loading=\"lazy\" decoding=\"async\" width=\"1024\" height=\"683\" src=\"http:\/\/buendiaestudios.com\/media\/2022\/07\/5-APAGO\u0301N_EP5_T1_STILLS_27-1024x683-1.jpg\" alt=\"Apag\u00f3n\" class=\"wp-image-2636\" srcset=\"https:\/\/buendiaestudios.com\/media\/2022\/07\/5-APAGO\u0301N_EP5_T1_STILLS_27-1024x683-1.jpg 1024w, https:\/\/buendiaestudios.com\/media\/2022\/07\/5-APAGO\u0301N_EP5_T1_STILLS_27-1024x683-1-300x200.jpg 300w, https:\/\/buendiaestudios.com\/media\/2022\/07\/5-APAGO\u0301N_EP5_T1_STILLS_27-1024x683-1-768x512.jpg 768w\" sizes=\"auto, (max-width: 1024px) 100vw, 1024px\" \/><\/figure>\n<\/div>\n\n\n<p><strong><strong><mark style=\"background-color:rgba(0, 0, 0, 0)\" class=\"has-inline-color has-luminous-vivid-orange-color\">Episode 5: &#8216;Equilibrio&#8217;.<\/mark><br><br>Director: Isaki Lacuesta.<br>Script: Isa Campo y Fran Ara\u00fajo.<br><\/strong><\/strong><\/p>\n","protected":false},"excerpt":{"rendered":"<p>&#8216;Apag\u00f3n&#8217;, the next original series by Movistar Plus+ produced by Buend\u00eda Estudios, will consist in five episodes, in which the connection point is a solar storm that causes a total blackout in the planet.<\/p>\n","protected":false},"author":7,"featured_media":2639,"comment_status":"closed","ping_status":"closed","sticky":false,"template":"","format":"standard","meta":{"_acf_changed":false,"footnotes":""},"categories":[1],"tags":[],"class_list":["post-2643","post","type-post","status-publish","format-standard","has-post-thumbnail","hentry","category-sin-categorizar"],"acf":[],"yoast_head":"<!-- This site is optimized with the Yoast SEO plugin v27.4 - https:\/\/yoast.com\/product\/yoast-seo-wordpress\/ -->\n<title>\u2018Apag\u00f3n\u2019, the long-awaited series produced by Buend\u00eda Estudios for Movistar Plus+, will be released on September 29th. - Buend\u00eda Estudios<\/title>\n<meta name=\"robots\" content=\"index, follow, max-snippet:-1, max-image-preview:large, max-video-preview:-1\" \/>\n<link rel=\"canonical\" href=\"https:\/\/buendiaestudios.com\/en\/2022\/07\/04\/apagon-la-esperada-serie-producida-por-buendia-estudios-para-movistar-plus-se-estrena-el-29-de-septiembre\/\" \/>\n<meta property=\"og:locale\" content=\"en_US\" \/>\n<meta property=\"og:type\" content=\"article\" \/>\n<meta property=\"og:title\" content=\"\u2018Apag\u00f3n\u2019, the long-awaited series produced by Buend\u00eda Estudios for Movistar Plus+, will be released on September 29th. - Buend\u00eda Estudios\" \/>\n<meta property=\"og:description\" content=\"&#039;Apag\u00f3n&#039;, the next original series by Movistar Plus+ produced by Buend\u00eda Estudios, will consist in five episodes, in which the connection point is a solar storm that causes a total blackout in the planet.\" \/>\n<meta property=\"og:url\" content=\"https:\/\/buendiaestudios.com\/en\/2022\/07\/04\/apagon-la-esperada-serie-producida-por-buendia-estudios-para-movistar-plus-se-estrena-el-29-de-septiembre\/\" \/>\n<meta property=\"og:site_name\" content=\"Buend\u00eda Estudios\" \/>\n<meta property=\"article:publisher\" content=\"https:\/\/www.facebook.com\/buendiaestudios\" \/>\n<meta property=\"article:published_time\" content=\"2022-07-04T11:36:12+00:00\" \/>\n<meta property=\"article:modified_time\" content=\"2022-07-11T10:55:27+00:00\" \/>\n<meta property=\"og:image\" content=\"https:\/\/buendiaestudios.com\/media\/2022\/07\/apagon_cartela_notaprensa-scaled.jpg\" \/>\n\t<meta property=\"og:image:width\" content=\"2048\" \/>\n\t<meta property=\"og:image:height\" content=\"1152\" \/>\n\t<meta property=\"og:image:type\" content=\"image\/jpeg\" \/>\n<meta name=\"author\" content=\"marta\" \/>\n<meta name=\"twitter:card\" content=\"summary_large_image\" \/>\n<meta name=\"twitter:creator\" content=\"@BuendiaEstudios\" \/>\n<meta name=\"twitter:site\" content=\"@BuendiaEstudios\" \/>\n<meta name=\"twitter:label1\" content=\"Written by\" \/>\n\t<meta name=\"twitter:data1\" content=\"marta\" \/>\n\t<meta name=\"twitter:label2\" content=\"Est. reading time\" \/>\n\t<meta name=\"twitter:data2\" content=\"2 minutes\" \/>\n<script type=\"application\/ld+json\" class=\"yoast-schema-graph\">{\"@context\":\"https:\\\/\\\/schema.org\",\"@graph\":[{\"@type\":\"Article\",\"@id\":\"https:\\\/\\\/buendiaestudios.com\\\/en\\\/2022\\\/07\\\/04\\\/apagon-la-esperada-serie-producida-por-buendia-estudios-para-movistar-plus-se-estrena-el-29-de-septiembre\\\/#article\",\"isPartOf\":{\"@id\":\"https:\\\/\\\/buendiaestudios.com\\\/en\\\/2022\\\/07\\\/04\\\/apagon-la-esperada-serie-producida-por-buendia-estudios-para-movistar-plus-se-estrena-el-29-de-septiembre\\\/\"},\"author\":{\"name\":\"marta\",\"@id\":\"https:\\\/\\\/buendiaestudios.com\\\/#\\\/schema\\\/person\\\/192bd02e2f753421ea259f0f385c594a\"},\"headline\":\"\u2018Apag\u00f3n\u2019, the long-awaited series produced by Buend\u00eda Estudios for Movistar Plus+, will be released on September 29th.\",\"datePublished\":\"2022-07-04T11:36:12+00:00\",\"dateModified\":\"2022-07-11T10:55:27+00:00\",\"mainEntityOfPage\":{\"@id\":\"https:\\\/\\\/buendiaestudios.com\\\/en\\\/2022\\\/07\\\/04\\\/apagon-la-esperada-serie-producida-por-buendia-estudios-para-movistar-plus-se-estrena-el-29-de-septiembre\\\/\"},\"wordCount\":217,\"publisher\":{\"@id\":\"https:\\\/\\\/buendiaestudios.com\\\/#organization\"},\"image\":{\"@id\":\"https:\\\/\\\/buendiaestudios.com\\\/en\\\/2022\\\/07\\\/04\\\/apagon-la-esperada-serie-producida-por-buendia-estudios-para-movistar-plus-se-estrena-el-29-de-septiembre\\\/#primaryimage\"},\"thumbnailUrl\":\"https:\\\/\\\/buendiaestudios.com\\\/wp-content\\\/uploads\\\/2022\\\/07\\\/apagon_cartela_notaprensa-scaled.jpg\",\"articleSection\":[\"Sin categorizar\"],\"inLanguage\":\"en-US\"},{\"@type\":\"WebPage\",\"@id\":\"https:\\\/\\\/buendiaestudios.com\\\/en\\\/2022\\\/07\\\/04\\\/apagon-la-esperada-serie-producida-por-buendia-estudios-para-movistar-plus-se-estrena-el-29-de-septiembre\\\/\",\"url\":\"https:\\\/\\\/buendiaestudios.com\\\/en\\\/2022\\\/07\\\/04\\\/apagon-la-esperada-serie-producida-por-buendia-estudios-para-movistar-plus-se-estrena-el-29-de-septiembre\\\/\",\"name\":\"\u2018Apag\u00f3n\u2019, the long-awaited series produced by Buend\u00eda Estudios for Movistar Plus+, will be released on September 29th. - Buend\u00eda Estudios\",\"isPartOf\":{\"@id\":\"https:\\\/\\\/buendiaestudios.com\\\/#website\"},\"primaryImageOfPage\":{\"@id\":\"https:\\\/\\\/buendiaestudios.com\\\/en\\\/2022\\\/07\\\/04\\\/apagon-la-esperada-serie-producida-por-buendia-estudios-para-movistar-plus-se-estrena-el-29-de-septiembre\\\/#primaryimage\"},\"image\":{\"@id\":\"https:\\\/\\\/buendiaestudios.com\\\/en\\\/2022\\\/07\\\/04\\\/apagon-la-esperada-serie-producida-por-buendia-estudios-para-movistar-plus-se-estrena-el-29-de-septiembre\\\/#primaryimage\"},\"thumbnailUrl\":\"https:\\\/\\\/buendiaestudios.com\\\/wp-content\\\/uploads\\\/2022\\\/07\\\/apagon_cartela_notaprensa-scaled.jpg\",\"datePublished\":\"2022-07-04T11:36:12+00:00\",\"dateModified\":\"2022-07-11T10:55:27+00:00\",\"breadcrumb\":{\"@id\":\"https:\\\/\\\/buendiaestudios.com\\\/en\\\/2022\\\/07\\\/04\\\/apagon-la-esperada-serie-producida-por-buendia-estudios-para-movistar-plus-se-estrena-el-29-de-septiembre\\\/#breadcrumb\"},\"inLanguage\":\"en-US\",\"potentialAction\":[{\"@type\":\"ReadAction\",\"target\":[\"https:\\\/\\\/buendiaestudios.com\\\/en\\\/2022\\\/07\\\/04\\\/apagon-la-esperada-serie-producida-por-buendia-estudios-para-movistar-plus-se-estrena-el-29-de-septiembre\\\/\"]}]},{\"@type\":\"ImageObject\",\"inLanguage\":\"en-US\",\"@id\":\"https:\\\/\\\/buendiaestudios.com\\\/en\\\/2022\\\/07\\\/04\\\/apagon-la-esperada-serie-producida-por-buendia-estudios-para-movistar-plus-se-estrena-el-29-de-septiembre\\\/#primaryimage\",\"url\":\"https:\\\/\\\/buendiaestudios.com\\\/wp-content\\\/uploads\\\/2022\\\/07\\\/apagon_cartela_notaprensa-scaled.jpg\",\"contentUrl\":\"https:\\\/\\\/buendiaestudios.com\\\/wp-content\\\/uploads\\\/2022\\\/07\\\/apagon_cartela_notaprensa-scaled.jpg\",\"width\":2048,\"height\":1152,\"caption\":\"Apag\u00f3n\"},{\"@type\":\"BreadcrumbList\",\"@id\":\"https:\\\/\\\/buendiaestudios.com\\\/en\\\/2022\\\/07\\\/04\\\/apagon-la-esperada-serie-producida-por-buendia-estudios-para-movistar-plus-se-estrena-el-29-de-septiembre\\\/#breadcrumb\",\"itemListElement\":[{\"@type\":\"ListItem\",\"position\":1,\"name\":\"Portada\",\"item\":\"https:\\\/\\\/buendiaestudios.com\\\/en\\\/\"},{\"@type\":\"ListItem\",\"position\":2,\"name\":\"\u2018Apag\u00f3n\u2019, the long-awaited series produced by Buend\u00eda Estudios for Movistar Plus+, will be released on September 29th.\"}]},{\"@type\":\"WebSite\",\"@id\":\"https:\\\/\\\/buendiaestudios.com\\\/#website\",\"url\":\"https:\\\/\\\/buendiaestudios.com\\\/\",\"name\":\"Buend\u00eda Estudios\",\"description\":\"BUEND\u00cdA ESTUDIOS is an independent production company of audiovisual content created by ATRESMEDIA and TELEFONICA (through Movistar+), in a strategic alliance.\",\"publisher\":{\"@id\":\"https:\\\/\\\/buendiaestudios.com\\\/#organization\"},\"potentialAction\":[{\"@type\":\"SearchAction\",\"target\":{\"@type\":\"EntryPoint\",\"urlTemplate\":\"https:\\\/\\\/buendiaestudios.com\\\/?s={search_term_string}\"},\"query-input\":{\"@type\":\"PropertyValueSpecification\",\"valueRequired\":true,\"valueName\":\"search_term_string\"}}],\"inLanguage\":\"en-US\"},{\"@type\":\"Organization\",\"@id\":\"https:\\\/\\\/buendiaestudios.com\\\/#organization\",\"name\":\"Buend\u00eda Estudios\",\"url\":\"https:\\\/\\\/buendiaestudios.com\\\/\",\"logo\":{\"@type\":\"ImageObject\",\"inLanguage\":\"en-US\",\"@id\":\"https:\\\/\\\/buendiaestudios.com\\\/#\\\/schema\\\/logo\\\/image\\\/\",\"url\":\"https:\\\/\\\/buendiaestudios.com\\\/wp-content\\\/uploads\\\/2021\\\/02\\\/logo-buendia-estudios.jpg\",\"contentUrl\":\"https:\\\/\\\/buendiaestudios.com\\\/wp-content\\\/uploads\\\/2021\\\/02\\\/logo-buendia-estudios.jpg\",\"width\":988,\"height\":325,\"caption\":\"Buend\u00eda Estudios\"},\"image\":{\"@id\":\"https:\\\/\\\/buendiaestudios.com\\\/#\\\/schema\\\/logo\\\/image\\\/\"},\"sameAs\":[\"https:\\\/\\\/www.facebook.com\\\/buendiaestudios\",\"https:\\\/\\\/x.com\\\/BuendiaEstudios\",\"https:\\\/\\\/www.instagram.com\\\/buendiaestudios\\\/\",\"https:\\\/\\\/www.linkedin.com\\\/company\\\/buend\u00eda-estudios\\\/\"]},{\"@type\":\"Person\",\"@id\":\"https:\\\/\\\/buendiaestudios.com\\\/#\\\/schema\\\/person\\\/192bd02e2f753421ea259f0f385c594a\",\"name\":\"marta\",\"image\":{\"@type\":\"ImageObject\",\"inLanguage\":\"en-US\",\"@id\":\"https:\\\/\\\/secure.gravatar.com\\\/avatar\\\/fd1aad5206beed12165c47b25a60bc78225dd9bee5c531dbfed1e9cc445e712c?s=96&d=mm&r=g\",\"url\":\"https:\\\/\\\/secure.gravatar.com\\\/avatar\\\/fd1aad5206beed12165c47b25a60bc78225dd9bee5c531dbfed1e9cc445e712c?s=96&d=mm&r=g\",\"contentUrl\":\"https:\\\/\\\/secure.gravatar.com\\\/avatar\\\/fd1aad5206beed12165c47b25a60bc78225dd9bee5c531dbfed1e9cc445e712c?s=96&d=mm&r=g\",\"caption\":\"marta\"}}]}<\/script>\n<!-- \/ Yoast SEO plugin. -->","yoast_head_json":{"title":"\u2018Apag\u00f3n\u2019, the long-awaited series produced by Buend\u00eda Estudios for Movistar Plus+, will be released on September 29th. - Buend\u00eda Estudios","robots":{"index":"index","follow":"follow","max-snippet":"max-snippet:-1","max-image-preview":"max-image-preview:large","max-video-preview":"max-video-preview:-1"},"canonical":"https:\/\/buendiaestudios.com\/en\/2022\/07\/04\/apagon-la-esperada-serie-producida-por-buendia-estudios-para-movistar-plus-se-estrena-el-29-de-septiembre\/","og_locale":"en_US","og_type":"article","og_title":"\u2018Apag\u00f3n\u2019, the long-awaited series produced by Buend\u00eda Estudios for Movistar Plus+, will be released on September 29th. - Buend\u00eda Estudios","og_description":"'Apag\u00f3n', the next original series by Movistar Plus+ produced by Buend\u00eda Estudios, will consist in five episodes, in which the connection point is a solar storm that causes a total blackout in the planet.","og_url":"https:\/\/buendiaestudios.com\/en\/2022\/07\/04\/apagon-la-esperada-serie-producida-por-buendia-estudios-para-movistar-plus-se-estrena-el-29-de-septiembre\/","og_site_name":"Buend\u00eda Estudios","article_publisher":"https:\/\/www.facebook.com\/buendiaestudios","article_published_time":"2022-07-04T11:36:12+00:00","article_modified_time":"2022-07-11T10:55:27+00:00","og_image":[{"width":2048,"height":1152,"url":"https:\/\/buendiaestudios.com\/media\/2022\/07\/apagon_cartela_notaprensa-scaled.jpg","type":"image\/jpeg"}],"author":"marta","twitter_card":"summary_large_image","twitter_creator":"@BuendiaEstudios","twitter_site":"@BuendiaEstudios","twitter_misc":{"Written by":"marta","Est. reading time":"2 minutes"},"schema":{"@context":"https:\/\/schema.org","@graph":[{"@type":"Article","@id":"https:\/\/buendiaestudios.com\/en\/2022\/07\/04\/apagon-la-esperada-serie-producida-por-buendia-estudios-para-movistar-plus-se-estrena-el-29-de-septiembre\/#article","isPartOf":{"@id":"https:\/\/buendiaestudios.com\/en\/2022\/07\/04\/apagon-la-esperada-serie-producida-por-buendia-estudios-para-movistar-plus-se-estrena-el-29-de-septiembre\/"},"author":{"name":"marta","@id":"https:\/\/buendiaestudios.com\/#\/schema\/person\/192bd02e2f753421ea259f0f385c594a"},"headline":"\u2018Apag\u00f3n\u2019, the long-awaited series produced by Buend\u00eda Estudios for Movistar Plus+, will be released on September 29th.","datePublished":"2022-07-04T11:36:12+00:00","dateModified":"2022-07-11T10:55:27+00:00","mainEntityOfPage":{"@id":"https:\/\/buendiaestudios.com\/en\/2022\/07\/04\/apagon-la-esperada-serie-producida-por-buendia-estudios-para-movistar-plus-se-estrena-el-29-de-septiembre\/"},"wordCount":217,"publisher":{"@id":"https:\/\/buendiaestudios.com\/#organization"},"image":{"@id":"https:\/\/buendiaestudios.com\/en\/2022\/07\/04\/apagon-la-esperada-serie-producida-por-buendia-estudios-para-movistar-plus-se-estrena-el-29-de-septiembre\/#primaryimage"},"thumbnailUrl":"https:\/\/buendiaestudios.com\/media\/2022\/07\/apagon_cartela_notaprensa-scaled.jpg","articleSection":["Sin categorizar"],"inLanguage":"en-US"},{"@type":"WebPage","@id":"https:\/\/buendiaestudios.com\/en\/2022\/07\/04\/apagon-la-esperada-serie-producida-por-buendia-estudios-para-movistar-plus-se-estrena-el-29-de-septiembre\/","url":"https:\/\/buendiaestudios.com\/en\/2022\/07\/04\/apagon-la-esperada-serie-producida-por-buendia-estudios-para-movistar-plus-se-estrena-el-29-de-septiembre\/","name":"\u2018Apag\u00f3n\u2019, the long-awaited series produced by Buend\u00eda Estudios for Movistar Plus+, will be released on September 29th. - Buend\u00eda Estudios","isPartOf":{"@id":"https:\/\/buendiaestudios.com\/#website"},"primaryImageOfPage":{"@id":"https:\/\/buendiaestudios.com\/en\/2022\/07\/04\/apagon-la-esperada-serie-producida-por-buendia-estudios-para-movistar-plus-se-estrena-el-29-de-septiembre\/#primaryimage"},"image":{"@id":"https:\/\/buendiaestudios.com\/en\/2022\/07\/04\/apagon-la-esperada-serie-producida-por-buendia-estudios-para-movistar-plus-se-estrena-el-29-de-septiembre\/#primaryimage"},"thumbnailUrl":"https:\/\/buendiaestudios.com\/media\/2022\/07\/apagon_cartela_notaprensa-scaled.jpg","datePublished":"2022-07-04T11:36:12+00:00","dateModified":"2022-07-11T10:55:27+00:00","breadcrumb":{"@id":"https:\/\/buendiaestudios.com\/en\/2022\/07\/04\/apagon-la-esperada-serie-producida-por-buendia-estudios-para-movistar-plus-se-estrena-el-29-de-septiembre\/#breadcrumb"},"inLanguage":"en-US","potentialAction":[{"@type":"ReadAction","target":["https:\/\/buendiaestudios.com\/en\/2022\/07\/04\/apagon-la-esperada-serie-producida-por-buendia-estudios-para-movistar-plus-se-estrena-el-29-de-septiembre\/"]}]},{"@type":"ImageObject","inLanguage":"en-US","@id":"https:\/\/buendiaestudios.com\/en\/2022\/07\/04\/apagon-la-esperada-serie-producida-por-buendia-estudios-para-movistar-plus-se-estrena-el-29-de-septiembre\/#primaryimage","url":"https:\/\/buendiaestudios.com\/media\/2022\/07\/apagon_cartela_notaprensa-scaled.jpg","contentUrl":"https:\/\/buendiaestudios.com\/media\/2022\/07\/apagon_cartela_notaprensa-scaled.jpg","width":2048,"height":1152,"caption":"Apag\u00f3n"},{"@type":"BreadcrumbList","@id":"https:\/\/buendiaestudios.com\/en\/2022\/07\/04\/apagon-la-esperada-serie-producida-por-buendia-estudios-para-movistar-plus-se-estrena-el-29-de-septiembre\/#breadcrumb","itemListElement":[{"@type":"ListItem","position":1,"name":"Portada","item":"https:\/\/buendiaestudios.com\/en\/"},{"@type":"ListItem","position":2,"name":"\u2018Apag\u00f3n\u2019, the long-awaited series produced by Buend\u00eda Estudios for Movistar Plus+, will be released on September 29th."}]},{"@type":"WebSite","@id":"https:\/\/buendiaestudios.com\/#website","url":"https:\/\/buendiaestudios.com\/","name":"Buend\u00eda Estudios","description":"BUEND\u00cdA ESTUDIOS is an independent production company of audiovisual content created by ATRESMEDIA and TELEFONICA (through Movistar+), in a strategic alliance.","publisher":{"@id":"https:\/\/buendiaestudios.com\/#organization"},"potentialAction":[{"@type":"SearchAction","target":{"@type":"EntryPoint","urlTemplate":"https:\/\/buendiaestudios.com\/?s={search_term_string}"},"query-input":{"@type":"PropertyValueSpecification","valueRequired":true,"valueName":"search_term_string"}}],"inLanguage":"en-US"},{"@type":"Organization","@id":"https:\/\/buendiaestudios.com\/#organization","name":"Buend\u00eda Estudios","url":"https:\/\/buendiaestudios.com\/","logo":{"@type":"ImageObject","inLanguage":"en-US","@id":"https:\/\/buendiaestudios.com\/#\/schema\/logo\/image\/","url":"https:\/\/buendiaestudios.com\/media\/2021\/02\/logo-buendia-estudios.jpg","contentUrl":"https:\/\/buendiaestudios.com\/media\/2021\/02\/logo-buendia-estudios.jpg","width":988,"height":325,"caption":"Buend\u00eda Estudios"},"image":{"@id":"https:\/\/buendiaestudios.com\/#\/schema\/logo\/image\/"},"sameAs":["https:\/\/www.facebook.com\/buendiaestudios","https:\/\/x.com\/BuendiaEstudios","https:\/\/www.instagram.com\/buendiaestudios\/","https:\/\/www.linkedin.com\/company\/buend\u00eda-estudios\/"]},{"@type":"Person","@id":"https:\/\/buendiaestudios.com\/#\/schema\/person\/192bd02e2f753421ea259f0f385c594a","name":"marta","image":{"@type":"ImageObject","inLanguage":"en-US","@id":"https:\/\/secure.gravatar.com\/avatar\/fd1aad5206beed12165c47b25a60bc78225dd9bee5c531dbfed1e9cc445e712c?s=96&d=mm&r=g","url":"https:\/\/secure.gravatar.com\/avatar\/fd1aad5206beed12165c47b25a60bc78225dd9bee5c531dbfed1e9cc445e712c?s=96&d=mm&r=g","contentUrl":"https:\/\/secure.gravatar.com\/avatar\/fd1aad5206beed12165c47b25a60bc78225dd9bee5c531dbfed1e9cc445e712c?s=96&d=mm&r=g","caption":"marta"}}]}},"_links":{"self":[{"href":"https:\/\/buendiaestudios.com\/en\/wp-json\/wp\/v2\/posts\/2643","targetHints":{"allow":["GET"]}}],"collection":[{"href":"https:\/\/buendiaestudios.com\/en\/wp-json\/wp\/v2\/posts"}],"about":[{"href":"https:\/\/buendiaestudios.com\/en\/wp-json\/wp\/v2\/types\/post"}],"author":[{"embeddable":true,"href":"https:\/\/buendiaestudios.com\/en\/wp-json\/wp\/v2\/users\/7"}],"replies":[{"embeddable":true,"href":"https:\/\/buendiaestudios.com\/en\/wp-json\/wp\/v2\/comments?post=2643"}],"version-history":[{"count":1,"href":"https:\/\/buendiaestudios.com\/en\/wp-json\/wp\/v2\/posts\/2643\/revisions"}],"predecessor-version":[{"id":2645,"href":"https:\/\/buendiaestudios.com\/en\/wp-json\/wp\/v2\/posts\/2643\/revisions\/2645"}],"wp:featuredmedia":[{"embeddable":true,"href":"https:\/\/buendiaestudios.com\/en\/wp-json\/wp\/v2\/media\/2639"}],"wp:attachment":[{"href":"https:\/\/buendiaestudios.com\/en\/wp-json\/wp\/v2\/media?parent=2643"}],"wp:term":[{"taxonomy":"category","embeddable":true,"href":"https:\/\/buendiaestudios.com\/en\/wp-json\/wp\/v2\/categories?post=2643"},{"taxonomy":"post_tag","embeddable":true,"href":"https:\/\/buendiaestudios.com\/en\/wp-json\/wp\/v2\/tags?post=2643"}],"curies":[{"name":"wp","href":"https:\/\/api.w.org\/{rel}","templated":true}]}}