{"id":2598,"date":"2022-06-16T13:00:00","date_gmt":"2022-06-16T13:00:00","guid":{"rendered":"https:\/\/buendiaestudios.com\/2022\/06\/16\/confirmada-la-tercera-temporada-de-drag-race-espana-tras-el-exito-de-su-segunda-edicion\/"},"modified":"2022-06-28T18:22:04","modified_gmt":"2022-06-28T18:22:04","slug":"confirmada-la-tercera-temporada-de-drag-race-espana-tras-el-exito-de-su-segunda-edicion","status":"publish","type":"post","link":"https:\/\/buendiaestudios.com\/en\/2022\/06\/16\/confirmada-la-tercera-temporada-de-drag-race-espana-tras-el-exito-de-su-segunda-edicion\/","title":{"rendered":"A third season has been confirmed for \u2018Drag Race Espa\u00f1a\u2019 after the success of the second edition"},"content":{"rendered":"\n<p><strong>\u2018Drag Race Espa\u00f1a\u2019 will continue in ATRESplayer PREMIUM.&nbsp;<\/strong>After the success of the second edition, which finished last Sunday with the broadcast of the special \u201cThe coronation\u201d, <strong>the talent show that has shaken up television will return to the Atresmedia platform with a third edition<\/strong> that will put on the catwalk a new promotion of queens.<\/p>\n\n\n\n<p><strong>The \u2018Drag Race Espa\u00f1a\u2019 workshop will open its doors again shortly.<\/strong> The casting to find the new queens of this third edition will start very soon. A new cast that will take over for the previous two generations of queens that already triumph on the stages of Spain and around the world.<\/p>\n\n\n\n<p><strong>Since its arrival to ATRESplayer PREMIUM, \u2018Drag Race Espa\u00f1a\u2019 has become a worldwide phenomenon.&nbsp;<\/strong>The second edition of the talent show has achieved the unanimous applause of audience and critics, receiving multiple positive comments from all over the world.<\/p>\n\n\n\n<p><strong>\u2018Drag Race Espa\u00f1a\u2019 looks for the best Spanish drag superstar through a challenge race.\u00a0<\/strong>In each program, the contestants will have to pass the different tests proposed by the team to avoid being eliminated and be crowned as the winner. The queens will face photo shoots, dancing, artistic challenges or musical performances to show that they are the best in their field. Every week there will be maxi and mini challenges to test all their abilities. The final test always consists of a big catwalk where participants show their best looks according to the weekly category.<\/p>\n","protected":false},"excerpt":{"rendered":"<p>The program is produced by Atresmedia Televisi\u00f3n in collaboration with Buend\u00eda Estudios after the agreement with Passion Distribution in favor of WOW (World of Wonder).<\/p>\n","protected":false},"author":7,"featured_media":2561,"comment_status":"closed","ping_status":"closed","sticky":false,"template":"","format":"standard","meta":{"_acf_changed":false,"footnotes":""},"categories":[1],"tags":[],"class_list":["post-2598","post","type-post","status-publish","format-standard","has-post-thumbnail","hentry","category-sin-categorizar"],"acf":[],"yoast_head":"<!-- This site is optimized with the Yoast SEO plugin v27.4 - https:\/\/yoast.com\/product\/yoast-seo-wordpress\/ -->\n<title>A third season has been confirmed for \u2018Drag Race Espa\u00f1a\u2019 after the success of the second edition - Buend\u00eda Estudios<\/title>\n<meta name=\"robots\" content=\"index, follow, max-snippet:-1, max-image-preview:large, max-video-preview:-1\" \/>\n<link rel=\"canonical\" href=\"https:\/\/buendiaestudios.com\/en\/2022\/06\/16\/confirmada-la-tercera-temporada-de-drag-race-espana-tras-el-exito-de-su-segunda-edicion\/\" \/>\n<meta property=\"og:locale\" content=\"en_US\" \/>\n<meta property=\"og:type\" content=\"article\" \/>\n<meta property=\"og:title\" content=\"A third season has been confirmed for \u2018Drag Race Espa\u00f1a\u2019 after the success of the second edition - Buend\u00eda Estudios\" \/>\n<meta property=\"og:description\" content=\"The program is produced by Atresmedia Televisi\u00f3n in collaboration with Buend\u00eda Estudios after the agreement with Passion Distribution in favor of WOW (World of Wonder).\" \/>\n<meta property=\"og:url\" content=\"https:\/\/buendiaestudios.com\/en\/2022\/06\/16\/confirmada-la-tercera-temporada-de-drag-race-espana-tras-el-exito-de-su-segunda-edicion\/\" \/>\n<meta property=\"og:site_name\" content=\"Buend\u00eda Estudios\" \/>\n<meta property=\"article:publisher\" content=\"https:\/\/www.facebook.com\/buendiaestudios\" \/>\n<meta property=\"article:published_time\" content=\"2022-06-16T13:00:00+00:00\" \/>\n<meta property=\"article:modified_time\" content=\"2022-06-28T18:22:04+00:00\" \/>\n<meta property=\"og:image\" content=\"https:\/\/buendiaestudios.com\/media\/2022\/06\/dre-t3.png\" \/>\n\t<meta property=\"og:image:width\" content=\"1080\" \/>\n\t<meta property=\"og:image:height\" content=\"1080\" \/>\n\t<meta property=\"og:image:type\" content=\"image\/png\" \/>\n<meta name=\"author\" content=\"marta\" \/>\n<meta name=\"twitter:card\" content=\"summary_large_image\" \/>\n<meta name=\"twitter:creator\" content=\"@BuendiaEstudios\" \/>\n<meta name=\"twitter:site\" content=\"@BuendiaEstudios\" \/>\n<meta name=\"twitter:label1\" content=\"Written by\" \/>\n\t<meta name=\"twitter:data1\" content=\"marta\" \/>\n\t<meta name=\"twitter:label2\" content=\"Est. reading time\" \/>\n\t<meta name=\"twitter:data2\" content=\"2 minutes\" \/>\n<script type=\"application\/ld+json\" class=\"yoast-schema-graph\">{\"@context\":\"https:\\\/\\\/schema.org\",\"@graph\":[{\"@type\":\"Article\",\"@id\":\"https:\\\/\\\/buendiaestudios.com\\\/en\\\/2022\\\/06\\\/16\\\/confirmada-la-tercera-temporada-de-drag-race-espana-tras-el-exito-de-su-segunda-edicion\\\/#article\",\"isPartOf\":{\"@id\":\"https:\\\/\\\/buendiaestudios.com\\\/en\\\/2022\\\/06\\\/16\\\/confirmada-la-tercera-temporada-de-drag-race-espana-tras-el-exito-de-su-segunda-edicion\\\/\"},\"author\":{\"name\":\"marta\",\"@id\":\"https:\\\/\\\/buendiaestudios.com\\\/#\\\/schema\\\/person\\\/192bd02e2f753421ea259f0f385c594a\"},\"headline\":\"A third season has been confirmed for \u2018Drag Race Espa\u00f1a\u2019 after the success of the second edition\",\"datePublished\":\"2022-06-16T13:00:00+00:00\",\"dateModified\":\"2022-06-28T18:22:04+00:00\",\"mainEntityOfPage\":{\"@id\":\"https:\\\/\\\/buendiaestudios.com\\\/en\\\/2022\\\/06\\\/16\\\/confirmada-la-tercera-temporada-de-drag-race-espana-tras-el-exito-de-su-segunda-edicion\\\/\"},\"wordCount\":267,\"publisher\":{\"@id\":\"https:\\\/\\\/buendiaestudios.com\\\/#organization\"},\"image\":{\"@id\":\"https:\\\/\\\/buendiaestudios.com\\\/en\\\/2022\\\/06\\\/16\\\/confirmada-la-tercera-temporada-de-drag-race-espana-tras-el-exito-de-su-segunda-edicion\\\/#primaryimage\"},\"thumbnailUrl\":\"https:\\\/\\\/buendiaestudios.com\\\/wp-content\\\/uploads\\\/2022\\\/06\\\/dre-t3.png\",\"articleSection\":[\"Sin categorizar\"],\"inLanguage\":\"en-US\"},{\"@type\":\"WebPage\",\"@id\":\"https:\\\/\\\/buendiaestudios.com\\\/en\\\/2022\\\/06\\\/16\\\/confirmada-la-tercera-temporada-de-drag-race-espana-tras-el-exito-de-su-segunda-edicion\\\/\",\"url\":\"https:\\\/\\\/buendiaestudios.com\\\/en\\\/2022\\\/06\\\/16\\\/confirmada-la-tercera-temporada-de-drag-race-espana-tras-el-exito-de-su-segunda-edicion\\\/\",\"name\":\"A third season has been confirmed for \u2018Drag Race Espa\u00f1a\u2019 after the success of the second edition - Buend\u00eda Estudios\",\"isPartOf\":{\"@id\":\"https:\\\/\\\/buendiaestudios.com\\\/#website\"},\"primaryImageOfPage\":{\"@id\":\"https:\\\/\\\/buendiaestudios.com\\\/en\\\/2022\\\/06\\\/16\\\/confirmada-la-tercera-temporada-de-drag-race-espana-tras-el-exito-de-su-segunda-edicion\\\/#primaryimage\"},\"image\":{\"@id\":\"https:\\\/\\\/buendiaestudios.com\\\/en\\\/2022\\\/06\\\/16\\\/confirmada-la-tercera-temporada-de-drag-race-espana-tras-el-exito-de-su-segunda-edicion\\\/#primaryimage\"},\"thumbnailUrl\":\"https:\\\/\\\/buendiaestudios.com\\\/wp-content\\\/uploads\\\/2022\\\/06\\\/dre-t3.png\",\"datePublished\":\"2022-06-16T13:00:00+00:00\",\"dateModified\":\"2022-06-28T18:22:04+00:00\",\"breadcrumb\":{\"@id\":\"https:\\\/\\\/buendiaestudios.com\\\/en\\\/2022\\\/06\\\/16\\\/confirmada-la-tercera-temporada-de-drag-race-espana-tras-el-exito-de-su-segunda-edicion\\\/#breadcrumb\"},\"inLanguage\":\"en-US\",\"potentialAction\":[{\"@type\":\"ReadAction\",\"target\":[\"https:\\\/\\\/buendiaestudios.com\\\/en\\\/2022\\\/06\\\/16\\\/confirmada-la-tercera-temporada-de-drag-race-espana-tras-el-exito-de-su-segunda-edicion\\\/\"]}]},{\"@type\":\"ImageObject\",\"inLanguage\":\"en-US\",\"@id\":\"https:\\\/\\\/buendiaestudios.com\\\/en\\\/2022\\\/06\\\/16\\\/confirmada-la-tercera-temporada-de-drag-race-espana-tras-el-exito-de-su-segunda-edicion\\\/#primaryimage\",\"url\":\"https:\\\/\\\/buendiaestudios.com\\\/wp-content\\\/uploads\\\/2022\\\/06\\\/dre-t3.png\",\"contentUrl\":\"https:\\\/\\\/buendiaestudios.com\\\/wp-content\\\/uploads\\\/2022\\\/06\\\/dre-t3.png\",\"width\":1080,\"height\":1080},{\"@type\":\"BreadcrumbList\",\"@id\":\"https:\\\/\\\/buendiaestudios.com\\\/en\\\/2022\\\/06\\\/16\\\/confirmada-la-tercera-temporada-de-drag-race-espana-tras-el-exito-de-su-segunda-edicion\\\/#breadcrumb\",\"itemListElement\":[{\"@type\":\"ListItem\",\"position\":1,\"name\":\"Portada\",\"item\":\"https:\\\/\\\/buendiaestudios.com\\\/en\\\/\"},{\"@type\":\"ListItem\",\"position\":2,\"name\":\"A third season has been confirmed for \u2018Drag Race Espa\u00f1a\u2019 after the success of the second edition\"}]},{\"@type\":\"WebSite\",\"@id\":\"https:\\\/\\\/buendiaestudios.com\\\/#website\",\"url\":\"https:\\\/\\\/buendiaestudios.com\\\/\",\"name\":\"Buend\u00eda Estudios\",\"description\":\"BUEND\u00cdA ESTUDIOS is an independent production company of audiovisual content created by ATRESMEDIA and TELEFONICA (through Movistar+), in a strategic alliance.\",\"publisher\":{\"@id\":\"https:\\\/\\\/buendiaestudios.com\\\/#organization\"},\"potentialAction\":[{\"@type\":\"SearchAction\",\"target\":{\"@type\":\"EntryPoint\",\"urlTemplate\":\"https:\\\/\\\/buendiaestudios.com\\\/?s={search_term_string}\"},\"query-input\":{\"@type\":\"PropertyValueSpecification\",\"valueRequired\":true,\"valueName\":\"search_term_string\"}}],\"inLanguage\":\"en-US\"},{\"@type\":\"Organization\",\"@id\":\"https:\\\/\\\/buendiaestudios.com\\\/#organization\",\"name\":\"Buend\u00eda Estudios\",\"url\":\"https:\\\/\\\/buendiaestudios.com\\\/\",\"logo\":{\"@type\":\"ImageObject\",\"inLanguage\":\"en-US\",\"@id\":\"https:\\\/\\\/buendiaestudios.com\\\/#\\\/schema\\\/logo\\\/image\\\/\",\"url\":\"https:\\\/\\\/buendiaestudios.com\\\/wp-content\\\/uploads\\\/2021\\\/02\\\/logo-buendia-estudios.jpg\",\"contentUrl\":\"https:\\\/\\\/buendiaestudios.com\\\/wp-content\\\/uploads\\\/2021\\\/02\\\/logo-buendia-estudios.jpg\",\"width\":988,\"height\":325,\"caption\":\"Buend\u00eda Estudios\"},\"image\":{\"@id\":\"https:\\\/\\\/buendiaestudios.com\\\/#\\\/schema\\\/logo\\\/image\\\/\"},\"sameAs\":[\"https:\\\/\\\/www.facebook.com\\\/buendiaestudios\",\"https:\\\/\\\/x.com\\\/BuendiaEstudios\",\"https:\\\/\\\/www.instagram.com\\\/buendiaestudios\\\/\",\"https:\\\/\\\/www.linkedin.com\\\/company\\\/buend\u00eda-estudios\\\/\"]},{\"@type\":\"Person\",\"@id\":\"https:\\\/\\\/buendiaestudios.com\\\/#\\\/schema\\\/person\\\/192bd02e2f753421ea259f0f385c594a\",\"name\":\"marta\",\"image\":{\"@type\":\"ImageObject\",\"inLanguage\":\"en-US\",\"@id\":\"https:\\\/\\\/secure.gravatar.com\\\/avatar\\\/fd1aad5206beed12165c47b25a60bc78225dd9bee5c531dbfed1e9cc445e712c?s=96&d=mm&r=g\",\"url\":\"https:\\\/\\\/secure.gravatar.com\\\/avatar\\\/fd1aad5206beed12165c47b25a60bc78225dd9bee5c531dbfed1e9cc445e712c?s=96&d=mm&r=g\",\"contentUrl\":\"https:\\\/\\\/secure.gravatar.com\\\/avatar\\\/fd1aad5206beed12165c47b25a60bc78225dd9bee5c531dbfed1e9cc445e712c?s=96&d=mm&r=g\",\"caption\":\"marta\"}}]}<\/script>\n<!-- \/ Yoast SEO plugin. -->","yoast_head_json":{"title":"A third season has been confirmed for \u2018Drag Race Espa\u00f1a\u2019 after the success of the second edition - Buend\u00eda Estudios","robots":{"index":"index","follow":"follow","max-snippet":"max-snippet:-1","max-image-preview":"max-image-preview:large","max-video-preview":"max-video-preview:-1"},"canonical":"https:\/\/buendiaestudios.com\/en\/2022\/06\/16\/confirmada-la-tercera-temporada-de-drag-race-espana-tras-el-exito-de-su-segunda-edicion\/","og_locale":"en_US","og_type":"article","og_title":"A third season has been confirmed for \u2018Drag Race Espa\u00f1a\u2019 after the success of the second edition - Buend\u00eda Estudios","og_description":"The program is produced by Atresmedia Televisi\u00f3n in collaboration with Buend\u00eda Estudios after the agreement with Passion Distribution in favor of WOW (World of Wonder).","og_url":"https:\/\/buendiaestudios.com\/en\/2022\/06\/16\/confirmada-la-tercera-temporada-de-drag-race-espana-tras-el-exito-de-su-segunda-edicion\/","og_site_name":"Buend\u00eda Estudios","article_publisher":"https:\/\/www.facebook.com\/buendiaestudios","article_published_time":"2022-06-16T13:00:00+00:00","article_modified_time":"2022-06-28T18:22:04+00:00","og_image":[{"width":1080,"height":1080,"url":"https:\/\/buendiaestudios.com\/media\/2022\/06\/dre-t3.png","type":"image\/png"}],"author":"marta","twitter_card":"summary_large_image","twitter_creator":"@BuendiaEstudios","twitter_site":"@BuendiaEstudios","twitter_misc":{"Written by":"marta","Est. reading time":"2 minutes"},"schema":{"@context":"https:\/\/schema.org","@graph":[{"@type":"Article","@id":"https:\/\/buendiaestudios.com\/en\/2022\/06\/16\/confirmada-la-tercera-temporada-de-drag-race-espana-tras-el-exito-de-su-segunda-edicion\/#article","isPartOf":{"@id":"https:\/\/buendiaestudios.com\/en\/2022\/06\/16\/confirmada-la-tercera-temporada-de-drag-race-espana-tras-el-exito-de-su-segunda-edicion\/"},"author":{"name":"marta","@id":"https:\/\/buendiaestudios.com\/#\/schema\/person\/192bd02e2f753421ea259f0f385c594a"},"headline":"A third season has been confirmed for \u2018Drag Race Espa\u00f1a\u2019 after the success of the second edition","datePublished":"2022-06-16T13:00:00+00:00","dateModified":"2022-06-28T18:22:04+00:00","mainEntityOfPage":{"@id":"https:\/\/buendiaestudios.com\/en\/2022\/06\/16\/confirmada-la-tercera-temporada-de-drag-race-espana-tras-el-exito-de-su-segunda-edicion\/"},"wordCount":267,"publisher":{"@id":"https:\/\/buendiaestudios.com\/#organization"},"image":{"@id":"https:\/\/buendiaestudios.com\/en\/2022\/06\/16\/confirmada-la-tercera-temporada-de-drag-race-espana-tras-el-exito-de-su-segunda-edicion\/#primaryimage"},"thumbnailUrl":"https:\/\/buendiaestudios.com\/media\/2022\/06\/dre-t3.png","articleSection":["Sin categorizar"],"inLanguage":"en-US"},{"@type":"WebPage","@id":"https:\/\/buendiaestudios.com\/en\/2022\/06\/16\/confirmada-la-tercera-temporada-de-drag-race-espana-tras-el-exito-de-su-segunda-edicion\/","url":"https:\/\/buendiaestudios.com\/en\/2022\/06\/16\/confirmada-la-tercera-temporada-de-drag-race-espana-tras-el-exito-de-su-segunda-edicion\/","name":"A third season has been confirmed for \u2018Drag Race Espa\u00f1a\u2019 after the success of the second edition - Buend\u00eda Estudios","isPartOf":{"@id":"https:\/\/buendiaestudios.com\/#website"},"primaryImageOfPage":{"@id":"https:\/\/buendiaestudios.com\/en\/2022\/06\/16\/confirmada-la-tercera-temporada-de-drag-race-espana-tras-el-exito-de-su-segunda-edicion\/#primaryimage"},"image":{"@id":"https:\/\/buendiaestudios.com\/en\/2022\/06\/16\/confirmada-la-tercera-temporada-de-drag-race-espana-tras-el-exito-de-su-segunda-edicion\/#primaryimage"},"thumbnailUrl":"https:\/\/buendiaestudios.com\/media\/2022\/06\/dre-t3.png","datePublished":"2022-06-16T13:00:00+00:00","dateModified":"2022-06-28T18:22:04+00:00","breadcrumb":{"@id":"https:\/\/buendiaestudios.com\/en\/2022\/06\/16\/confirmada-la-tercera-temporada-de-drag-race-espana-tras-el-exito-de-su-segunda-edicion\/#breadcrumb"},"inLanguage":"en-US","potentialAction":[{"@type":"ReadAction","target":["https:\/\/buendiaestudios.com\/en\/2022\/06\/16\/confirmada-la-tercera-temporada-de-drag-race-espana-tras-el-exito-de-su-segunda-edicion\/"]}]},{"@type":"ImageObject","inLanguage":"en-US","@id":"https:\/\/buendiaestudios.com\/en\/2022\/06\/16\/confirmada-la-tercera-temporada-de-drag-race-espana-tras-el-exito-de-su-segunda-edicion\/#primaryimage","url":"https:\/\/buendiaestudios.com\/media\/2022\/06\/dre-t3.png","contentUrl":"https:\/\/buendiaestudios.com\/media\/2022\/06\/dre-t3.png","width":1080,"height":1080},{"@type":"BreadcrumbList","@id":"https:\/\/buendiaestudios.com\/en\/2022\/06\/16\/confirmada-la-tercera-temporada-de-drag-race-espana-tras-el-exito-de-su-segunda-edicion\/#breadcrumb","itemListElement":[{"@type":"ListItem","position":1,"name":"Portada","item":"https:\/\/buendiaestudios.com\/en\/"},{"@type":"ListItem","position":2,"name":"A third season has been confirmed for \u2018Drag Race Espa\u00f1a\u2019 after the success of the second edition"}]},{"@type":"WebSite","@id":"https:\/\/buendiaestudios.com\/#website","url":"https:\/\/buendiaestudios.com\/","name":"Buend\u00eda Estudios","description":"BUEND\u00cdA ESTUDIOS is an independent production company of audiovisual content created by ATRESMEDIA and TELEFONICA (through Movistar+), in a strategic alliance.","publisher":{"@id":"https:\/\/buendiaestudios.com\/#organization"},"potentialAction":[{"@type":"SearchAction","target":{"@type":"EntryPoint","urlTemplate":"https:\/\/buendiaestudios.com\/?s={search_term_string}"},"query-input":{"@type":"PropertyValueSpecification","valueRequired":true,"valueName":"search_term_string"}}],"inLanguage":"en-US"},{"@type":"Organization","@id":"https:\/\/buendiaestudios.com\/#organization","name":"Buend\u00eda Estudios","url":"https:\/\/buendiaestudios.com\/","logo":{"@type":"ImageObject","inLanguage":"en-US","@id":"https:\/\/buendiaestudios.com\/#\/schema\/logo\/image\/","url":"https:\/\/buendiaestudios.com\/media\/2021\/02\/logo-buendia-estudios.jpg","contentUrl":"https:\/\/buendiaestudios.com\/media\/2021\/02\/logo-buendia-estudios.jpg","width":988,"height":325,"caption":"Buend\u00eda Estudios"},"image":{"@id":"https:\/\/buendiaestudios.com\/#\/schema\/logo\/image\/"},"sameAs":["https:\/\/www.facebook.com\/buendiaestudios","https:\/\/x.com\/BuendiaEstudios","https:\/\/www.instagram.com\/buendiaestudios\/","https:\/\/www.linkedin.com\/company\/buend\u00eda-estudios\/"]},{"@type":"Person","@id":"https:\/\/buendiaestudios.com\/#\/schema\/person\/192bd02e2f753421ea259f0f385c594a","name":"marta","image":{"@type":"ImageObject","inLanguage":"en-US","@id":"https:\/\/secure.gravatar.com\/avatar\/fd1aad5206beed12165c47b25a60bc78225dd9bee5c531dbfed1e9cc445e712c?s=96&d=mm&r=g","url":"https:\/\/secure.gravatar.com\/avatar\/fd1aad5206beed12165c47b25a60bc78225dd9bee5c531dbfed1e9cc445e712c?s=96&d=mm&r=g","contentUrl":"https:\/\/secure.gravatar.com\/avatar\/fd1aad5206beed12165c47b25a60bc78225dd9bee5c531dbfed1e9cc445e712c?s=96&d=mm&r=g","caption":"marta"}}]}},"_links":{"self":[{"href":"https:\/\/buendiaestudios.com\/en\/wp-json\/wp\/v2\/posts\/2598","targetHints":{"allow":["GET"]}}],"collection":[{"href":"https:\/\/buendiaestudios.com\/en\/wp-json\/wp\/v2\/posts"}],"about":[{"href":"https:\/\/buendiaestudios.com\/en\/wp-json\/wp\/v2\/types\/post"}],"author":[{"embeddable":true,"href":"https:\/\/buendiaestudios.com\/en\/wp-json\/wp\/v2\/users\/7"}],"replies":[{"embeddable":true,"href":"https:\/\/buendiaestudios.com\/en\/wp-json\/wp\/v2\/comments?post=2598"}],"version-history":[{"count":1,"href":"https:\/\/buendiaestudios.com\/en\/wp-json\/wp\/v2\/posts\/2598\/revisions"}],"predecessor-version":[{"id":2601,"href":"https:\/\/buendiaestudios.com\/en\/wp-json\/wp\/v2\/posts\/2598\/revisions\/2601"}],"wp:featuredmedia":[{"embeddable":true,"href":"https:\/\/buendiaestudios.com\/en\/wp-json\/wp\/v2\/media\/2561"}],"wp:attachment":[{"href":"https:\/\/buendiaestudios.com\/en\/wp-json\/wp\/v2\/media?parent=2598"}],"wp:term":[{"taxonomy":"category","embeddable":true,"href":"https:\/\/buendiaestudios.com\/en\/wp-json\/wp\/v2\/categories?post=2598"},{"taxonomy":"post_tag","embeddable":true,"href":"https:\/\/buendiaestudios.com\/en\/wp-json\/wp\/v2\/tags?post=2598"}],"curies":[{"name":"wp","href":"https:\/\/api.w.org\/{rel}","templated":true}]}}