{"id":2322,"date":"2022-03-31T15:48:55","date_gmt":"2022-03-31T15:48:55","guid":{"rendered":"https:\/\/buendiaestudios.com\/2022\/03\/31\/primeras-imagenes-del-episodio-dirigido-por-isaki-lacuesta-de-apagon-producida-por-buendia-estudios\/"},"modified":"2022-04-07T09:27:07","modified_gmt":"2022-04-07T09:27:07","slug":"primeras-imagenes-del-episodio-dirigido-por-isaki-lacuesta-de-apagon-producida-por-buendia-estudios","status":"publish","type":"post","link":"https:\/\/buendiaestudios.com\/en\/2022\/03\/31\/primeras-imagenes-del-episodio-dirigido-por-isaki-lacuesta-de-apagon-producida-por-buendia-estudios\/","title":{"rendered":"First pictures of the episode directed by Isaki Lacuesta of \u2018Apag\u00f3n\u2019, produced by Buend\u00eda Estudios"},"content":{"rendered":"\n<p><strong>\u2018Apag\u00f3n\u2019, the new original series by Movistar Plus+ produced by Buend\u00eda Estudios,<\/strong>\u00a0has already finished filming the last episode of the series,\u00a0<strong>directed by Isaki Lacuesta\u00a0(\u2018Un a\u00f1o, una noche\u2019, \u2018Entre dos aguas\u2019)<\/strong>.\u00a0<strong>The scriptwriters are\u00a0Isa Campo\u00a0(\u2018La pr\u00f3xima piel\u2019) and Fran Ara\u00fajo (\u2018Hierro\u2019).<\/strong><\/p>\n\n\n\n<div class=\"wp-block-image\"><figure class=\"aligncenter size-large\"><img loading=\"lazy\" decoding=\"async\" width=\"1024\" height=\"681\" src=\"http:\/\/buendiaestudios.com\/media\/2022\/03\/APAGON-EPISODIO-4-ISAKI-LACUESTA20220317_0-scaled-1-1024x681.jpg\" alt=\"La Unidad\" class=\"wp-image-2295\" srcset=\"https:\/\/buendiaestudios.com\/media\/2022\/03\/APAGON-EPISODIO-4-ISAKI-LACUESTA20220317_0-scaled-1-1024x681.jpg 1024w, https:\/\/buendiaestudios.com\/media\/2022\/03\/APAGON-EPISODIO-4-ISAKI-LACUESTA20220317_0-scaled-1-300x200.jpg 300w, https:\/\/buendiaestudios.com\/media\/2022\/03\/APAGON-EPISODIO-4-ISAKI-LACUESTA20220317_0-scaled-1-768x511.jpg 768w, https:\/\/buendiaestudios.com\/media\/2022\/03\/APAGON-EPISODIO-4-ISAKI-LACUESTA20220317_0-scaled-1-1536x1022.jpg 1536w, https:\/\/buendiaestudios.com\/media\/2022\/03\/APAGON-EPISODIO-4-ISAKI-LACUESTA20220317_0-scaled-1-scaled.jpg 2048w\" sizes=\"auto, (max-width: 1024px) 100vw, 1024px\" \/><\/figure><\/div>\n\n\n\n<p><strong>Rodrigo Sorogoyen\u00a0<\/strong>(\u2018Antidisturbios\u2019),\u00a0<strong>Ra\u00fal Ar\u00e9valo\u00a0<\/strong>(\u2018Tarde para la ira\u2019),\u00a0<strong>Alberto Rodr\u00edguez<\/strong>\u00a0(\u2018La Peste\u2019) and\u00a0<strong>Isa Campo<\/strong>\u00a0(\u2018La pr\u00f3xima piel\u2019) direct the rest of episodes of this series. These other episodes are written by Isabel Pe\u00f1a, Alberto Marini, Rafael Cobos, Fran Ara\u00fajo and Isa Campo, under the creative coordination of Fran Ara\u00fajo.<\/p>\n\n\n\n<div class=\"wp-block-image\"><figure class=\"aligncenter size-large\"><img loading=\"lazy\" decoding=\"async\" width=\"1024\" height=\"681\" src=\"http:\/\/buendiaestudios.com\/media\/2022\/03\/APAGON-EPISODIO-4-ISAKI-LACUESTA20220317_8-scaled-1-1024x681.jpg\" alt=\"Apag\u00f3n\" class=\"wp-image-2303\" srcset=\"https:\/\/buendiaestudios.com\/media\/2022\/03\/APAGON-EPISODIO-4-ISAKI-LACUESTA20220317_8-scaled-1-1024x681.jpg 1024w, https:\/\/buendiaestudios.com\/media\/2022\/03\/APAGON-EPISODIO-4-ISAKI-LACUESTA20220317_8-scaled-1-300x200.jpg 300w, https:\/\/buendiaestudios.com\/media\/2022\/03\/APAGON-EPISODIO-4-ISAKI-LACUESTA20220317_8-scaled-1-768x511.jpg 768w, https:\/\/buendiaestudios.com\/media\/2022\/03\/APAGON-EPISODIO-4-ISAKI-LACUESTA20220317_8-scaled-1-1536x1022.jpg 1536w, https:\/\/buendiaestudios.com\/media\/2022\/03\/APAGON-EPISODIO-4-ISAKI-LACUESTA20220317_8-scaled-1-scaled.jpg 2048w\" sizes=\"auto, (max-width: 1024px) 100vw, 1024px\" \/><\/figure><\/div>\n\n\n\n<p>A solar storm that causes a big blackout in the planet\u2019s energy and technology is the connecting point of these five stories.<\/p>\n\n\n\n<p>The original series by\u00a0<strong>Movistar Plus+ produced by Buend\u00eda Estudios\u00a0<\/strong>will be released in 2022.<\/p>\n\n\n\n<div class=\"wp-block-image\"><figure class=\"aligncenter size-large\"><img loading=\"lazy\" decoding=\"async\" width=\"1024\" height=\"681\" src=\"http:\/\/buendiaestudios.com\/media\/2022\/03\/APAGON-EPISODIO-4-ISAKI-LACUESTA20220317_1-2-scaled-1-1024x681.jpg\" alt=\"Apag\u00f3n\" class=\"wp-image-2297\" srcset=\"https:\/\/buendiaestudios.com\/media\/2022\/03\/APAGON-EPISODIO-4-ISAKI-LACUESTA20220317_1-2-scaled-1-1024x681.jpg 1024w, https:\/\/buendiaestudios.com\/media\/2022\/03\/APAGON-EPISODIO-4-ISAKI-LACUESTA20220317_1-2-scaled-1-300x200.jpg 300w, https:\/\/buendiaestudios.com\/media\/2022\/03\/APAGON-EPISODIO-4-ISAKI-LACUESTA20220317_1-2-scaled-1-768x511.jpg 768w, https:\/\/buendiaestudios.com\/media\/2022\/03\/APAGON-EPISODIO-4-ISAKI-LACUESTA20220317_1-2-scaled-1-1536x1022.jpg 1536w, https:\/\/buendiaestudios.com\/media\/2022\/03\/APAGON-EPISODIO-4-ISAKI-LACUESTA20220317_1-2-scaled-1-scaled.jpg 2048w\" sizes=\"auto, (max-width: 1024px) 100vw, 1024px\" \/><\/figure><\/div>\n","protected":false},"excerpt":{"rendered":"<p>&#8216;Apag\u00f3n&#8217; filming continues with the episode directed by Isaki Lacuesta (&#8216;Entre dos aguas&#8217;) written by Isa Campo (&#8216;Maixabel&#8217;) and Fran Ara\u00fajo (&#8216;Hierro&#8217;).<\/p>\n","protected":false},"author":7,"featured_media":2302,"comment_status":"closed","ping_status":"closed","sticky":false,"template":"","format":"standard","meta":{"_acf_changed":false,"footnotes":""},"categories":[18],"tags":[],"class_list":["post-2322","post","type-post","status-publish","format-standard","has-post-thumbnail","hentry","category-uncategorized"],"acf":[],"yoast_head":"<!-- This site is optimized with the Yoast SEO plugin v27.4 - https:\/\/yoast.com\/product\/yoast-seo-wordpress\/ -->\n<title>First pictures of the episode directed by Isaki Lacuesta of \u2018Apag\u00f3n\u2019, produced by Buend\u00eda Estudios - Buend\u00eda Estudios<\/title>\n<meta name=\"robots\" content=\"index, follow, max-snippet:-1, max-image-preview:large, max-video-preview:-1\" \/>\n<link rel=\"canonical\" href=\"https:\/\/buendiaestudios.com\/en\/2022\/03\/31\/primeras-imagenes-del-episodio-dirigido-por-isaki-lacuesta-de-apagon-producida-por-buendia-estudios\/\" \/>\n<meta property=\"og:locale\" content=\"en_US\" \/>\n<meta property=\"og:type\" content=\"article\" \/>\n<meta property=\"og:title\" content=\"First pictures of the episode directed by Isaki Lacuesta of \u2018Apag\u00f3n\u2019, produced by Buend\u00eda Estudios - Buend\u00eda Estudios\" \/>\n<meta property=\"og:description\" content=\"&#039;Apag\u00f3n&#039; filming continues with the episode directed by Isaki Lacuesta (&#039;Entre dos aguas&#039;) written by Isa Campo (&#039;Maixabel&#039;) and Fran Ara\u00fajo (&#039;Hierro&#039;).\" \/>\n<meta property=\"og:url\" content=\"https:\/\/buendiaestudios.com\/en\/2022\/03\/31\/primeras-imagenes-del-episodio-dirigido-por-isaki-lacuesta-de-apagon-producida-por-buendia-estudios\/\" \/>\n<meta property=\"og:site_name\" content=\"Buend\u00eda Estudios\" \/>\n<meta property=\"article:publisher\" content=\"https:\/\/www.facebook.com\/buendiaestudios\" \/>\n<meta property=\"article:published_time\" content=\"2022-03-31T15:48:55+00:00\" \/>\n<meta property=\"article:modified_time\" content=\"2022-04-07T09:27:07+00:00\" \/>\n<meta property=\"og:image\" content=\"https:\/\/buendiaestudios.com\/media\/2022\/03\/APAGON-EPISODIO-4-ISAKI-LACUESTA20220317_8-1-scaled-1-scaled.jpg\" \/>\n\t<meta property=\"og:image:width\" content=\"2048\" \/>\n\t<meta property=\"og:image:height\" content=\"1362\" \/>\n\t<meta property=\"og:image:type\" content=\"image\/jpeg\" \/>\n<meta name=\"author\" content=\"marta\" \/>\n<meta name=\"twitter:card\" content=\"summary_large_image\" \/>\n<meta name=\"twitter:creator\" content=\"@BuendiaEstudios\" \/>\n<meta name=\"twitter:site\" content=\"@BuendiaEstudios\" \/>\n<meta name=\"twitter:label1\" content=\"Written by\" \/>\n\t<meta name=\"twitter:data1\" content=\"marta\" \/>\n\t<meta name=\"twitter:label2\" content=\"Est. reading time\" \/>\n\t<meta name=\"twitter:data2\" content=\"2 minutes\" \/>\n<script type=\"application\/ld+json\" class=\"yoast-schema-graph\">{\"@context\":\"https:\\\/\\\/schema.org\",\"@graph\":[{\"@type\":\"Article\",\"@id\":\"https:\\\/\\\/buendiaestudios.com\\\/en\\\/2022\\\/03\\\/31\\\/primeras-imagenes-del-episodio-dirigido-por-isaki-lacuesta-de-apagon-producida-por-buendia-estudios\\\/#article\",\"isPartOf\":{\"@id\":\"https:\\\/\\\/buendiaestudios.com\\\/en\\\/2022\\\/03\\\/31\\\/primeras-imagenes-del-episodio-dirigido-por-isaki-lacuesta-de-apagon-producida-por-buendia-estudios\\\/\"},\"author\":{\"name\":\"marta\",\"@id\":\"https:\\\/\\\/buendiaestudios.com\\\/#\\\/schema\\\/person\\\/192bd02e2f753421ea259f0f385c594a\"},\"headline\":\"First pictures of the episode directed by Isaki Lacuesta of \u2018Apag\u00f3n\u2019, produced by Buend\u00eda Estudios\",\"datePublished\":\"2022-03-31T15:48:55+00:00\",\"dateModified\":\"2022-04-07T09:27:07+00:00\",\"mainEntityOfPage\":{\"@id\":\"https:\\\/\\\/buendiaestudios.com\\\/en\\\/2022\\\/03\\\/31\\\/primeras-imagenes-del-episodio-dirigido-por-isaki-lacuesta-de-apagon-producida-por-buendia-estudios\\\/\"},\"wordCount\":163,\"publisher\":{\"@id\":\"https:\\\/\\\/buendiaestudios.com\\\/#organization\"},\"image\":{\"@id\":\"https:\\\/\\\/buendiaestudios.com\\\/en\\\/2022\\\/03\\\/31\\\/primeras-imagenes-del-episodio-dirigido-por-isaki-lacuesta-de-apagon-producida-por-buendia-estudios\\\/#primaryimage\"},\"thumbnailUrl\":\"https:\\\/\\\/buendiaestudios.com\\\/wp-content\\\/uploads\\\/2022\\\/03\\\/APAGON-EPISODIO-4-ISAKI-LACUESTA20220317_8-1-scaled-1-scaled.jpg\",\"inLanguage\":\"en-US\"},{\"@type\":\"WebPage\",\"@id\":\"https:\\\/\\\/buendiaestudios.com\\\/en\\\/2022\\\/03\\\/31\\\/primeras-imagenes-del-episodio-dirigido-por-isaki-lacuesta-de-apagon-producida-por-buendia-estudios\\\/\",\"url\":\"https:\\\/\\\/buendiaestudios.com\\\/en\\\/2022\\\/03\\\/31\\\/primeras-imagenes-del-episodio-dirigido-por-isaki-lacuesta-de-apagon-producida-por-buendia-estudios\\\/\",\"name\":\"First pictures of the episode directed by Isaki Lacuesta of \u2018Apag\u00f3n\u2019, produced by Buend\u00eda Estudios - Buend\u00eda Estudios\",\"isPartOf\":{\"@id\":\"https:\\\/\\\/buendiaestudios.com\\\/#website\"},\"primaryImageOfPage\":{\"@id\":\"https:\\\/\\\/buendiaestudios.com\\\/en\\\/2022\\\/03\\\/31\\\/primeras-imagenes-del-episodio-dirigido-por-isaki-lacuesta-de-apagon-producida-por-buendia-estudios\\\/#primaryimage\"},\"image\":{\"@id\":\"https:\\\/\\\/buendiaestudios.com\\\/en\\\/2022\\\/03\\\/31\\\/primeras-imagenes-del-episodio-dirigido-por-isaki-lacuesta-de-apagon-producida-por-buendia-estudios\\\/#primaryimage\"},\"thumbnailUrl\":\"https:\\\/\\\/buendiaestudios.com\\\/wp-content\\\/uploads\\\/2022\\\/03\\\/APAGON-EPISODIO-4-ISAKI-LACUESTA20220317_8-1-scaled-1-scaled.jpg\",\"datePublished\":\"2022-03-31T15:48:55+00:00\",\"dateModified\":\"2022-04-07T09:27:07+00:00\",\"breadcrumb\":{\"@id\":\"https:\\\/\\\/buendiaestudios.com\\\/en\\\/2022\\\/03\\\/31\\\/primeras-imagenes-del-episodio-dirigido-por-isaki-lacuesta-de-apagon-producida-por-buendia-estudios\\\/#breadcrumb\"},\"inLanguage\":\"en-US\",\"potentialAction\":[{\"@type\":\"ReadAction\",\"target\":[\"https:\\\/\\\/buendiaestudios.com\\\/en\\\/2022\\\/03\\\/31\\\/primeras-imagenes-del-episodio-dirigido-por-isaki-lacuesta-de-apagon-producida-por-buendia-estudios\\\/\"]}]},{\"@type\":\"ImageObject\",\"inLanguage\":\"en-US\",\"@id\":\"https:\\\/\\\/buendiaestudios.com\\\/en\\\/2022\\\/03\\\/31\\\/primeras-imagenes-del-episodio-dirigido-por-isaki-lacuesta-de-apagon-producida-por-buendia-estudios\\\/#primaryimage\",\"url\":\"https:\\\/\\\/buendiaestudios.com\\\/wp-content\\\/uploads\\\/2022\\\/03\\\/APAGON-EPISODIO-4-ISAKI-LACUESTA20220317_8-1-scaled-1-scaled.jpg\",\"contentUrl\":\"https:\\\/\\\/buendiaestudios.com\\\/wp-content\\\/uploads\\\/2022\\\/03\\\/APAGON-EPISODIO-4-ISAKI-LACUESTA20220317_8-1-scaled-1-scaled.jpg\",\"width\":2048,\"height\":1362,\"caption\":\"La Unidad\"},{\"@type\":\"BreadcrumbList\",\"@id\":\"https:\\\/\\\/buendiaestudios.com\\\/en\\\/2022\\\/03\\\/31\\\/primeras-imagenes-del-episodio-dirigido-por-isaki-lacuesta-de-apagon-producida-por-buendia-estudios\\\/#breadcrumb\",\"itemListElement\":[{\"@type\":\"ListItem\",\"position\":1,\"name\":\"Portada\",\"item\":\"https:\\\/\\\/buendiaestudios.com\\\/en\\\/\"},{\"@type\":\"ListItem\",\"position\":2,\"name\":\"First pictures of the episode directed by Isaki Lacuesta of \u2018Apag\u00f3n\u2019, produced by Buend\u00eda Estudios\"}]},{\"@type\":\"WebSite\",\"@id\":\"https:\\\/\\\/buendiaestudios.com\\\/#website\",\"url\":\"https:\\\/\\\/buendiaestudios.com\\\/\",\"name\":\"Buend\u00eda Estudios\",\"description\":\"BUEND\u00cdA ESTUDIOS is an independent production company of audiovisual content created by ATRESMEDIA and TELEFONICA (through Movistar+), in a strategic alliance.\",\"publisher\":{\"@id\":\"https:\\\/\\\/buendiaestudios.com\\\/#organization\"},\"potentialAction\":[{\"@type\":\"SearchAction\",\"target\":{\"@type\":\"EntryPoint\",\"urlTemplate\":\"https:\\\/\\\/buendiaestudios.com\\\/?s={search_term_string}\"},\"query-input\":{\"@type\":\"PropertyValueSpecification\",\"valueRequired\":true,\"valueName\":\"search_term_string\"}}],\"inLanguage\":\"en-US\"},{\"@type\":\"Organization\",\"@id\":\"https:\\\/\\\/buendiaestudios.com\\\/#organization\",\"name\":\"Buend\u00eda Estudios\",\"url\":\"https:\\\/\\\/buendiaestudios.com\\\/\",\"logo\":{\"@type\":\"ImageObject\",\"inLanguage\":\"en-US\",\"@id\":\"https:\\\/\\\/buendiaestudios.com\\\/#\\\/schema\\\/logo\\\/image\\\/\",\"url\":\"https:\\\/\\\/buendiaestudios.com\\\/wp-content\\\/uploads\\\/2021\\\/02\\\/logo-buendia-estudios.jpg\",\"contentUrl\":\"https:\\\/\\\/buendiaestudios.com\\\/wp-content\\\/uploads\\\/2021\\\/02\\\/logo-buendia-estudios.jpg\",\"width\":988,\"height\":325,\"caption\":\"Buend\u00eda Estudios\"},\"image\":{\"@id\":\"https:\\\/\\\/buendiaestudios.com\\\/#\\\/schema\\\/logo\\\/image\\\/\"},\"sameAs\":[\"https:\\\/\\\/www.facebook.com\\\/buendiaestudios\",\"https:\\\/\\\/x.com\\\/BuendiaEstudios\",\"https:\\\/\\\/www.instagram.com\\\/buendiaestudios\\\/\",\"https:\\\/\\\/www.linkedin.com\\\/company\\\/buend\u00eda-estudios\\\/\"]},{\"@type\":\"Person\",\"@id\":\"https:\\\/\\\/buendiaestudios.com\\\/#\\\/schema\\\/person\\\/192bd02e2f753421ea259f0f385c594a\",\"name\":\"marta\",\"image\":{\"@type\":\"ImageObject\",\"inLanguage\":\"en-US\",\"@id\":\"https:\\\/\\\/secure.gravatar.com\\\/avatar\\\/fd1aad5206beed12165c47b25a60bc78225dd9bee5c531dbfed1e9cc445e712c?s=96&d=mm&r=g\",\"url\":\"https:\\\/\\\/secure.gravatar.com\\\/avatar\\\/fd1aad5206beed12165c47b25a60bc78225dd9bee5c531dbfed1e9cc445e712c?s=96&d=mm&r=g\",\"contentUrl\":\"https:\\\/\\\/secure.gravatar.com\\\/avatar\\\/fd1aad5206beed12165c47b25a60bc78225dd9bee5c531dbfed1e9cc445e712c?s=96&d=mm&r=g\",\"caption\":\"marta\"}}]}<\/script>\n<!-- \/ Yoast SEO plugin. -->","yoast_head_json":{"title":"First pictures of the episode directed by Isaki Lacuesta of \u2018Apag\u00f3n\u2019, produced by Buend\u00eda Estudios - Buend\u00eda Estudios","robots":{"index":"index","follow":"follow","max-snippet":"max-snippet:-1","max-image-preview":"max-image-preview:large","max-video-preview":"max-video-preview:-1"},"canonical":"https:\/\/buendiaestudios.com\/en\/2022\/03\/31\/primeras-imagenes-del-episodio-dirigido-por-isaki-lacuesta-de-apagon-producida-por-buendia-estudios\/","og_locale":"en_US","og_type":"article","og_title":"First pictures of the episode directed by Isaki Lacuesta of \u2018Apag\u00f3n\u2019, produced by Buend\u00eda Estudios - Buend\u00eda Estudios","og_description":"'Apag\u00f3n' filming continues with the episode directed by Isaki Lacuesta ('Entre dos aguas') written by Isa Campo ('Maixabel') and Fran Ara\u00fajo ('Hierro').","og_url":"https:\/\/buendiaestudios.com\/en\/2022\/03\/31\/primeras-imagenes-del-episodio-dirigido-por-isaki-lacuesta-de-apagon-producida-por-buendia-estudios\/","og_site_name":"Buend\u00eda Estudios","article_publisher":"https:\/\/www.facebook.com\/buendiaestudios","article_published_time":"2022-03-31T15:48:55+00:00","article_modified_time":"2022-04-07T09:27:07+00:00","og_image":[{"width":2048,"height":1362,"url":"https:\/\/buendiaestudios.com\/media\/2022\/03\/APAGON-EPISODIO-4-ISAKI-LACUESTA20220317_8-1-scaled-1-scaled.jpg","type":"image\/jpeg"}],"author":"marta","twitter_card":"summary_large_image","twitter_creator":"@BuendiaEstudios","twitter_site":"@BuendiaEstudios","twitter_misc":{"Written by":"marta","Est. reading time":"2 minutes"},"schema":{"@context":"https:\/\/schema.org","@graph":[{"@type":"Article","@id":"https:\/\/buendiaestudios.com\/en\/2022\/03\/31\/primeras-imagenes-del-episodio-dirigido-por-isaki-lacuesta-de-apagon-producida-por-buendia-estudios\/#article","isPartOf":{"@id":"https:\/\/buendiaestudios.com\/en\/2022\/03\/31\/primeras-imagenes-del-episodio-dirigido-por-isaki-lacuesta-de-apagon-producida-por-buendia-estudios\/"},"author":{"name":"marta","@id":"https:\/\/buendiaestudios.com\/#\/schema\/person\/192bd02e2f753421ea259f0f385c594a"},"headline":"First pictures of the episode directed by Isaki Lacuesta of \u2018Apag\u00f3n\u2019, produced by Buend\u00eda Estudios","datePublished":"2022-03-31T15:48:55+00:00","dateModified":"2022-04-07T09:27:07+00:00","mainEntityOfPage":{"@id":"https:\/\/buendiaestudios.com\/en\/2022\/03\/31\/primeras-imagenes-del-episodio-dirigido-por-isaki-lacuesta-de-apagon-producida-por-buendia-estudios\/"},"wordCount":163,"publisher":{"@id":"https:\/\/buendiaestudios.com\/#organization"},"image":{"@id":"https:\/\/buendiaestudios.com\/en\/2022\/03\/31\/primeras-imagenes-del-episodio-dirigido-por-isaki-lacuesta-de-apagon-producida-por-buendia-estudios\/#primaryimage"},"thumbnailUrl":"https:\/\/buendiaestudios.com\/media\/2022\/03\/APAGON-EPISODIO-4-ISAKI-LACUESTA20220317_8-1-scaled-1-scaled.jpg","inLanguage":"en-US"},{"@type":"WebPage","@id":"https:\/\/buendiaestudios.com\/en\/2022\/03\/31\/primeras-imagenes-del-episodio-dirigido-por-isaki-lacuesta-de-apagon-producida-por-buendia-estudios\/","url":"https:\/\/buendiaestudios.com\/en\/2022\/03\/31\/primeras-imagenes-del-episodio-dirigido-por-isaki-lacuesta-de-apagon-producida-por-buendia-estudios\/","name":"First pictures of the episode directed by Isaki Lacuesta of \u2018Apag\u00f3n\u2019, produced by Buend\u00eda Estudios - Buend\u00eda Estudios","isPartOf":{"@id":"https:\/\/buendiaestudios.com\/#website"},"primaryImageOfPage":{"@id":"https:\/\/buendiaestudios.com\/en\/2022\/03\/31\/primeras-imagenes-del-episodio-dirigido-por-isaki-lacuesta-de-apagon-producida-por-buendia-estudios\/#primaryimage"},"image":{"@id":"https:\/\/buendiaestudios.com\/en\/2022\/03\/31\/primeras-imagenes-del-episodio-dirigido-por-isaki-lacuesta-de-apagon-producida-por-buendia-estudios\/#primaryimage"},"thumbnailUrl":"https:\/\/buendiaestudios.com\/media\/2022\/03\/APAGON-EPISODIO-4-ISAKI-LACUESTA20220317_8-1-scaled-1-scaled.jpg","datePublished":"2022-03-31T15:48:55+00:00","dateModified":"2022-04-07T09:27:07+00:00","breadcrumb":{"@id":"https:\/\/buendiaestudios.com\/en\/2022\/03\/31\/primeras-imagenes-del-episodio-dirigido-por-isaki-lacuesta-de-apagon-producida-por-buendia-estudios\/#breadcrumb"},"inLanguage":"en-US","potentialAction":[{"@type":"ReadAction","target":["https:\/\/buendiaestudios.com\/en\/2022\/03\/31\/primeras-imagenes-del-episodio-dirigido-por-isaki-lacuesta-de-apagon-producida-por-buendia-estudios\/"]}]},{"@type":"ImageObject","inLanguage":"en-US","@id":"https:\/\/buendiaestudios.com\/en\/2022\/03\/31\/primeras-imagenes-del-episodio-dirigido-por-isaki-lacuesta-de-apagon-producida-por-buendia-estudios\/#primaryimage","url":"https:\/\/buendiaestudios.com\/media\/2022\/03\/APAGON-EPISODIO-4-ISAKI-LACUESTA20220317_8-1-scaled-1-scaled.jpg","contentUrl":"https:\/\/buendiaestudios.com\/media\/2022\/03\/APAGON-EPISODIO-4-ISAKI-LACUESTA20220317_8-1-scaled-1-scaled.jpg","width":2048,"height":1362,"caption":"La Unidad"},{"@type":"BreadcrumbList","@id":"https:\/\/buendiaestudios.com\/en\/2022\/03\/31\/primeras-imagenes-del-episodio-dirigido-por-isaki-lacuesta-de-apagon-producida-por-buendia-estudios\/#breadcrumb","itemListElement":[{"@type":"ListItem","position":1,"name":"Portada","item":"https:\/\/buendiaestudios.com\/en\/"},{"@type":"ListItem","position":2,"name":"First pictures of the episode directed by Isaki Lacuesta of \u2018Apag\u00f3n\u2019, produced by Buend\u00eda Estudios"}]},{"@type":"WebSite","@id":"https:\/\/buendiaestudios.com\/#website","url":"https:\/\/buendiaestudios.com\/","name":"Buend\u00eda Estudios","description":"BUEND\u00cdA ESTUDIOS is an independent production company of audiovisual content created by ATRESMEDIA and TELEFONICA (through Movistar+), in a strategic alliance.","publisher":{"@id":"https:\/\/buendiaestudios.com\/#organization"},"potentialAction":[{"@type":"SearchAction","target":{"@type":"EntryPoint","urlTemplate":"https:\/\/buendiaestudios.com\/?s={search_term_string}"},"query-input":{"@type":"PropertyValueSpecification","valueRequired":true,"valueName":"search_term_string"}}],"inLanguage":"en-US"},{"@type":"Organization","@id":"https:\/\/buendiaestudios.com\/#organization","name":"Buend\u00eda Estudios","url":"https:\/\/buendiaestudios.com\/","logo":{"@type":"ImageObject","inLanguage":"en-US","@id":"https:\/\/buendiaestudios.com\/#\/schema\/logo\/image\/","url":"https:\/\/buendiaestudios.com\/media\/2021\/02\/logo-buendia-estudios.jpg","contentUrl":"https:\/\/buendiaestudios.com\/media\/2021\/02\/logo-buendia-estudios.jpg","width":988,"height":325,"caption":"Buend\u00eda Estudios"},"image":{"@id":"https:\/\/buendiaestudios.com\/#\/schema\/logo\/image\/"},"sameAs":["https:\/\/www.facebook.com\/buendiaestudios","https:\/\/x.com\/BuendiaEstudios","https:\/\/www.instagram.com\/buendiaestudios\/","https:\/\/www.linkedin.com\/company\/buend\u00eda-estudios\/"]},{"@type":"Person","@id":"https:\/\/buendiaestudios.com\/#\/schema\/person\/192bd02e2f753421ea259f0f385c594a","name":"marta","image":{"@type":"ImageObject","inLanguage":"en-US","@id":"https:\/\/secure.gravatar.com\/avatar\/fd1aad5206beed12165c47b25a60bc78225dd9bee5c531dbfed1e9cc445e712c?s=96&d=mm&r=g","url":"https:\/\/secure.gravatar.com\/avatar\/fd1aad5206beed12165c47b25a60bc78225dd9bee5c531dbfed1e9cc445e712c?s=96&d=mm&r=g","contentUrl":"https:\/\/secure.gravatar.com\/avatar\/fd1aad5206beed12165c47b25a60bc78225dd9bee5c531dbfed1e9cc445e712c?s=96&d=mm&r=g","caption":"marta"}}]}},"_links":{"self":[{"href":"https:\/\/buendiaestudios.com\/en\/wp-json\/wp\/v2\/posts\/2322","targetHints":{"allow":["GET"]}}],"collection":[{"href":"https:\/\/buendiaestudios.com\/en\/wp-json\/wp\/v2\/posts"}],"about":[{"href":"https:\/\/buendiaestudios.com\/en\/wp-json\/wp\/v2\/types\/post"}],"author":[{"embeddable":true,"href":"https:\/\/buendiaestudios.com\/en\/wp-json\/wp\/v2\/users\/7"}],"replies":[{"embeddable":true,"href":"https:\/\/buendiaestudios.com\/en\/wp-json\/wp\/v2\/comments?post=2322"}],"version-history":[{"count":1,"href":"https:\/\/buendiaestudios.com\/en\/wp-json\/wp\/v2\/posts\/2322\/revisions"}],"predecessor-version":[{"id":2335,"href":"https:\/\/buendiaestudios.com\/en\/wp-json\/wp\/v2\/posts\/2322\/revisions\/2335"}],"wp:featuredmedia":[{"embeddable":true,"href":"https:\/\/buendiaestudios.com\/en\/wp-json\/wp\/v2\/media\/2302"}],"wp:attachment":[{"href":"https:\/\/buendiaestudios.com\/en\/wp-json\/wp\/v2\/media?parent=2322"}],"wp:term":[{"taxonomy":"category","embeddable":true,"href":"https:\/\/buendiaestudios.com\/en\/wp-json\/wp\/v2\/categories?post=2322"},{"taxonomy":"post_tag","embeddable":true,"href":"https:\/\/buendiaestudios.com\/en\/wp-json\/wp\/v2\/tags?post=2322"}],"curies":[{"name":"wp","href":"https:\/\/api.w.org\/{rel}","templated":true}]}}