{"id":2320,"date":"2022-03-29T16:05:00","date_gmt":"2022-03-29T16:05:00","guid":{"rendered":"https:\/\/buendiaestudios.com\/2022\/03\/29\/atresplayer-premium-estrenara-en-exclusiva-heridas-el-domingo-17-de-abril\/"},"modified":"2022-04-05T12:09:20","modified_gmt":"2022-04-05T12:09:20","slug":"atresplayer-premium-estrenara-en-exclusiva-heridas-el-domingo-17-de-abril","status":"publish","type":"post","link":"https:\/\/buendiaestudios.com\/en\/2022\/03\/29\/atresplayer-premium-estrenara-en-exclusiva-heridas-el-domingo-17-de-abril\/","title":{"rendered":"ATRESplayer PREMIUM will premiere exclusively \u2018Heridas\u2019 on Sunday April 17"},"content":{"rendered":"\n<p><strong>\u2018Heridas\u2019<\/strong>, the new original series by\u00a0<strong>ATRESMEDIA TV<\/strong>\u00a0for Antena 3\u2019s\u00a0<em>prime time<\/em>, will be released exclusively in\u00a0<strong>ATRESplayer PREMIUM<\/strong> next April 17. \u00a0This fiction, that also releases the official trailer, is based on the Japanese series \u2018Mother\u2019 and the latter Turkish remake with a big international success.<\/p>\n\n\n\n<figure class=\"wp-block-embed is-type-video is-provider-youtube wp-block-embed-youtube wp-embed-aspect-16-9 wp-has-aspect-ratio\"><div class=\"wp-block-embed__wrapper\">\n<iframe loading=\"lazy\" title=\"Heridas | Tr\u00e1iler oficial | Estreno exclusivo el 17 de abril solo en ATRESplayer PREMIUM\" width=\"500\" height=\"281\" src=\"https:\/\/www.youtube.com\/embed\/88NIhxKaMW4?feature=oembed\" frameborder=\"0\" allow=\"accelerometer; autoplay; clipboard-write; encrypted-media; gyroscope; picture-in-picture; web-share\" referrerpolicy=\"strict-origin-when-cross-origin\" allowfullscreen><\/iframe>\n<\/div><\/figure>\n\n\n\n<p>The cast of the new&nbsp;<strong>Antena 3<\/strong>&nbsp;series is led by <strong>Adriana Ugarte, Cosette Silguero<\/strong>&nbsp;and&nbsp;<strong>Mar\u00eda Le\u00f3n<\/strong>, who perform the main roles of the story. By their side, the rest of the cast includes&nbsp;<strong>Javier Collado, Elisabet Gelabert, Sonia Almarcha, Pau Dur\u00e1, Xo\u00e1n F\u00f3rneas and Iv\u00e1n Marcos<\/strong>, among others.<\/p>\n\n\n\n<p><strong>\u2018Heridas\u2019<\/strong>&nbsp;is a powerful drama that addresses child neglect and the search for one\u2019s own identity through the present and past experiences of its protagonists. It will consist of 13 episodes that last 50 minutes each. The shooting took place in spectacular locations, both indoor and outdoor, in C\u00e1diz, Tarifa, Cabo de Gata, Madrid, Guadalajara and Toledo.<\/p>\n\n\n\n<p><strong>\u2018Heridas\u2019<\/strong>, that premiered in the 25th Malaga Film Festival, is a production by <strong>Atresmedia TV<\/strong>&nbsp;in collaboration with&nbsp;<strong>Buend\u00eda Estudios<\/strong>.<\/p>\n\n\n\n<p><strong>Montse Garc\u00eda, Sonia Mart\u00ednez&nbsp;<\/strong>and<strong>&nbsp;Eduardo Galdo&nbsp;<\/strong>are the executive producers of this new fiction of the SERIESATRESMEDIA brand.&nbsp;<strong>Luc\u00eda Alonso-Allende<\/strong>&nbsp;is executive co-producer.&nbsp;<strong>\u2018Heridas\u2019<\/strong>&nbsp;will be directed by&nbsp;<strong>Tito L\u00f3pez Amado&nbsp;<\/strong>and<strong>&nbsp;Juanma Pach\u00f3n<\/strong>.&nbsp;<strong>Pepe Ripoll<\/strong>&nbsp;y&nbsp;<strong>Xavi Guallar<\/strong>&nbsp;are Production Directors, while&nbsp;<strong>Juan Le\u00f3n<\/strong>&nbsp;oversees the casting.<\/p>\n\n\n\n<p>The team of screenwriters is formed by&nbsp;<strong>Eduardo Galdo, Lele Portas, Marco T. Socorro, Joana Ortueta, Humberto Ortega&nbsp;<\/strong>and<strong>&nbsp;Natalia Garc\u00eda-Prieto<\/strong>. Leading the cinematography team are&nbsp;<strong>Johnny Yebra&nbsp;<\/strong>and&nbsp;<strong>Juan Molina<\/strong>. The Art Director is <strong>Jorge de Soto<\/strong>.&nbsp;<strong>Bubi Escobar<\/strong>&nbsp;is the Costume Designer and <strong>Pablo Cervantes<\/strong> oversees the music.<\/p>\n\n\n\n<p><strong><mark style=\"background-color:rgba(0, 0, 0, 0)\" class=\"has-inline-color has-luminous-vivid-orange-color\">This is \u2018Heridas\u2019<\/mark><\/strong><\/p>\n\n\n\n<p>Manuela is a young woman who lives by herself in a cabin where she studies the wetlands in Andalusia. At 28, her life revolves around birds, those that live there and those that are just passing by like her.<\/p>\n\n\n\n<p>Alba lives a few kilometres away, she\u2019s a 7-year-old girl who never has someone to make breakfast for her. Her mother, Yolanda, works at night as <em>pole<\/em> <em>dancer&nbsp;<\/em>and sleeps during the day. Her mother\u2019s boyfriend, Lucho, is not willing to take care of a girl who is not his. The house is a turmoil of objects and schedules. Alba goes to school by any means, although many times she hasn\u2019t eaten anything that day.<\/p>\n\n\n\n<p>When Manuela meets little Alba, they will start a journey that will force Manuela to face the demons of her past and to question the backbones of her life.<\/p>\n","protected":false},"excerpt":{"rendered":"<p>Produced by Atresmedia TV in collaboration with Buend\u00eda Estudios, \u2018Heridas\u2019 is a powerful drama that addresses child neglect and the search for one&#8217;s own identity through the present and past experiences of its protagonists.<\/p>\n","protected":false},"author":7,"featured_media":2277,"comment_status":"closed","ping_status":"closed","sticky":false,"template":"","format":"standard","meta":{"_acf_changed":false,"footnotes":""},"categories":[18],"tags":[],"class_list":["post-2320","post","type-post","status-publish","format-standard","has-post-thumbnail","hentry","category-uncategorized"],"acf":[],"yoast_head":"<!-- This site is optimized with the Yoast SEO plugin v27.4 - https:\/\/yoast.com\/product\/yoast-seo-wordpress\/ -->\n<title>ATRESplayer PREMIUM will premiere exclusively \u2018Heridas\u2019 on Sunday April 17 - Buend\u00eda Estudios<\/title>\n<meta name=\"robots\" content=\"index, follow, max-snippet:-1, max-image-preview:large, max-video-preview:-1\" \/>\n<link rel=\"canonical\" href=\"https:\/\/buendiaestudios.com\/en\/2022\/03\/29\/atresplayer-premium-estrenara-en-exclusiva-heridas-el-domingo-17-de-abril\/\" \/>\n<meta property=\"og:locale\" content=\"en_US\" \/>\n<meta property=\"og:type\" content=\"article\" \/>\n<meta property=\"og:title\" content=\"ATRESplayer PREMIUM will premiere exclusively \u2018Heridas\u2019 on Sunday April 17 - Buend\u00eda Estudios\" \/>\n<meta property=\"og:description\" content=\"Produced by Atresmedia TV in collaboration with Buend\u00eda Estudios, \u2018Heridas\u2019 is a powerful drama that addresses child neglect and the search for one&#039;s own identity through the present and past experiences of its protagonists.\" \/>\n<meta property=\"og:url\" content=\"https:\/\/buendiaestudios.com\/en\/2022\/03\/29\/atresplayer-premium-estrenara-en-exclusiva-heridas-el-domingo-17-de-abril\/\" \/>\n<meta property=\"og:site_name\" content=\"Buend\u00eda Estudios\" \/>\n<meta property=\"article:publisher\" content=\"https:\/\/www.facebook.com\/buendiaestudios\" \/>\n<meta property=\"article:published_time\" content=\"2022-03-29T16:05:00+00:00\" \/>\n<meta property=\"article:modified_time\" content=\"2022-04-05T12:09:20+00:00\" \/>\n<meta property=\"og:image\" content=\"https:\/\/buendiaestudios.com\/media\/2022\/03\/HERIDAS-5-scaled.jpg\" \/>\n\t<meta property=\"og:image:width\" content=\"2048\" \/>\n\t<meta property=\"og:image:height\" content=\"1152\" \/>\n\t<meta property=\"og:image:type\" content=\"image\/jpeg\" \/>\n<meta name=\"author\" content=\"marta\" \/>\n<meta name=\"twitter:card\" content=\"summary_large_image\" \/>\n<meta name=\"twitter:creator\" content=\"@BuendiaEstudios\" \/>\n<meta name=\"twitter:site\" content=\"@BuendiaEstudios\" \/>\n<meta name=\"twitter:label1\" content=\"Written by\" \/>\n\t<meta name=\"twitter:data1\" content=\"marta\" \/>\n\t<meta name=\"twitter:label2\" content=\"Est. reading time\" \/>\n\t<meta name=\"twitter:data2\" content=\"2 minutes\" \/>\n<script type=\"application\/ld+json\" class=\"yoast-schema-graph\">{\"@context\":\"https:\\\/\\\/schema.org\",\"@graph\":[{\"@type\":\"Article\",\"@id\":\"https:\\\/\\\/buendiaestudios.com\\\/en\\\/2022\\\/03\\\/29\\\/atresplayer-premium-estrenara-en-exclusiva-heridas-el-domingo-17-de-abril\\\/#article\",\"isPartOf\":{\"@id\":\"https:\\\/\\\/buendiaestudios.com\\\/en\\\/2022\\\/03\\\/29\\\/atresplayer-premium-estrenara-en-exclusiva-heridas-el-domingo-17-de-abril\\\/\"},\"author\":{\"name\":\"marta\",\"@id\":\"https:\\\/\\\/buendiaestudios.com\\\/#\\\/schema\\\/person\\\/192bd02e2f753421ea259f0f385c594a\"},\"headline\":\"ATRESplayer PREMIUM will premiere exclusively \u2018Heridas\u2019 on Sunday April 17\",\"datePublished\":\"2022-03-29T16:05:00+00:00\",\"dateModified\":\"2022-04-05T12:09:20+00:00\",\"mainEntityOfPage\":{\"@id\":\"https:\\\/\\\/buendiaestudios.com\\\/en\\\/2022\\\/03\\\/29\\\/atresplayer-premium-estrenara-en-exclusiva-heridas-el-domingo-17-de-abril\\\/\"},\"wordCount\":482,\"publisher\":{\"@id\":\"https:\\\/\\\/buendiaestudios.com\\\/#organization\"},\"image\":{\"@id\":\"https:\\\/\\\/buendiaestudios.com\\\/en\\\/2022\\\/03\\\/29\\\/atresplayer-premium-estrenara-en-exclusiva-heridas-el-domingo-17-de-abril\\\/#primaryimage\"},\"thumbnailUrl\":\"https:\\\/\\\/buendiaestudios.com\\\/wp-content\\\/uploads\\\/2022\\\/03\\\/HERIDAS-5-scaled.jpg\",\"inLanguage\":\"en-US\"},{\"@type\":\"WebPage\",\"@id\":\"https:\\\/\\\/buendiaestudios.com\\\/en\\\/2022\\\/03\\\/29\\\/atresplayer-premium-estrenara-en-exclusiva-heridas-el-domingo-17-de-abril\\\/\",\"url\":\"https:\\\/\\\/buendiaestudios.com\\\/en\\\/2022\\\/03\\\/29\\\/atresplayer-premium-estrenara-en-exclusiva-heridas-el-domingo-17-de-abril\\\/\",\"name\":\"ATRESplayer PREMIUM will premiere exclusively \u2018Heridas\u2019 on Sunday April 17 - Buend\u00eda Estudios\",\"isPartOf\":{\"@id\":\"https:\\\/\\\/buendiaestudios.com\\\/#website\"},\"primaryImageOfPage\":{\"@id\":\"https:\\\/\\\/buendiaestudios.com\\\/en\\\/2022\\\/03\\\/29\\\/atresplayer-premium-estrenara-en-exclusiva-heridas-el-domingo-17-de-abril\\\/#primaryimage\"},\"image\":{\"@id\":\"https:\\\/\\\/buendiaestudios.com\\\/en\\\/2022\\\/03\\\/29\\\/atresplayer-premium-estrenara-en-exclusiva-heridas-el-domingo-17-de-abril\\\/#primaryimage\"},\"thumbnailUrl\":\"https:\\\/\\\/buendiaestudios.com\\\/wp-content\\\/uploads\\\/2022\\\/03\\\/HERIDAS-5-scaled.jpg\",\"datePublished\":\"2022-03-29T16:05:00+00:00\",\"dateModified\":\"2022-04-05T12:09:20+00:00\",\"breadcrumb\":{\"@id\":\"https:\\\/\\\/buendiaestudios.com\\\/en\\\/2022\\\/03\\\/29\\\/atresplayer-premium-estrenara-en-exclusiva-heridas-el-domingo-17-de-abril\\\/#breadcrumb\"},\"inLanguage\":\"en-US\",\"potentialAction\":[{\"@type\":\"ReadAction\",\"target\":[\"https:\\\/\\\/buendiaestudios.com\\\/en\\\/2022\\\/03\\\/29\\\/atresplayer-premium-estrenara-en-exclusiva-heridas-el-domingo-17-de-abril\\\/\"]}]},{\"@type\":\"ImageObject\",\"inLanguage\":\"en-US\",\"@id\":\"https:\\\/\\\/buendiaestudios.com\\\/en\\\/2022\\\/03\\\/29\\\/atresplayer-premium-estrenara-en-exclusiva-heridas-el-domingo-17-de-abril\\\/#primaryimage\",\"url\":\"https:\\\/\\\/buendiaestudios.com\\\/wp-content\\\/uploads\\\/2022\\\/03\\\/HERIDAS-5-scaled.jpg\",\"contentUrl\":\"https:\\\/\\\/buendiaestudios.com\\\/wp-content\\\/uploads\\\/2022\\\/03\\\/HERIDAS-5-scaled.jpg\",\"width\":2048,\"height\":1152,\"caption\":\"Heridas\"},{\"@type\":\"BreadcrumbList\",\"@id\":\"https:\\\/\\\/buendiaestudios.com\\\/en\\\/2022\\\/03\\\/29\\\/atresplayer-premium-estrenara-en-exclusiva-heridas-el-domingo-17-de-abril\\\/#breadcrumb\",\"itemListElement\":[{\"@type\":\"ListItem\",\"position\":1,\"name\":\"Portada\",\"item\":\"https:\\\/\\\/buendiaestudios.com\\\/en\\\/\"},{\"@type\":\"ListItem\",\"position\":2,\"name\":\"ATRESplayer PREMIUM will premiere exclusively \u2018Heridas\u2019 on Sunday April 17\"}]},{\"@type\":\"WebSite\",\"@id\":\"https:\\\/\\\/buendiaestudios.com\\\/#website\",\"url\":\"https:\\\/\\\/buendiaestudios.com\\\/\",\"name\":\"Buend\u00eda Estudios\",\"description\":\"BUEND\u00cdA ESTUDIOS is an independent production company of audiovisual content created by ATRESMEDIA and TELEFONICA (through Movistar+), in a strategic alliance.\",\"publisher\":{\"@id\":\"https:\\\/\\\/buendiaestudios.com\\\/#organization\"},\"potentialAction\":[{\"@type\":\"SearchAction\",\"target\":{\"@type\":\"EntryPoint\",\"urlTemplate\":\"https:\\\/\\\/buendiaestudios.com\\\/?s={search_term_string}\"},\"query-input\":{\"@type\":\"PropertyValueSpecification\",\"valueRequired\":true,\"valueName\":\"search_term_string\"}}],\"inLanguage\":\"en-US\"},{\"@type\":\"Organization\",\"@id\":\"https:\\\/\\\/buendiaestudios.com\\\/#organization\",\"name\":\"Buend\u00eda Estudios\",\"url\":\"https:\\\/\\\/buendiaestudios.com\\\/\",\"logo\":{\"@type\":\"ImageObject\",\"inLanguage\":\"en-US\",\"@id\":\"https:\\\/\\\/buendiaestudios.com\\\/#\\\/schema\\\/logo\\\/image\\\/\",\"url\":\"https:\\\/\\\/buendiaestudios.com\\\/wp-content\\\/uploads\\\/2021\\\/02\\\/logo-buendia-estudios.jpg\",\"contentUrl\":\"https:\\\/\\\/buendiaestudios.com\\\/wp-content\\\/uploads\\\/2021\\\/02\\\/logo-buendia-estudios.jpg\",\"width\":988,\"height\":325,\"caption\":\"Buend\u00eda Estudios\"},\"image\":{\"@id\":\"https:\\\/\\\/buendiaestudios.com\\\/#\\\/schema\\\/logo\\\/image\\\/\"},\"sameAs\":[\"https:\\\/\\\/www.facebook.com\\\/buendiaestudios\",\"https:\\\/\\\/x.com\\\/BuendiaEstudios\",\"https:\\\/\\\/www.instagram.com\\\/buendiaestudios\\\/\",\"https:\\\/\\\/www.linkedin.com\\\/company\\\/buend\u00eda-estudios\\\/\"]},{\"@type\":\"Person\",\"@id\":\"https:\\\/\\\/buendiaestudios.com\\\/#\\\/schema\\\/person\\\/192bd02e2f753421ea259f0f385c594a\",\"name\":\"marta\",\"image\":{\"@type\":\"ImageObject\",\"inLanguage\":\"en-US\",\"@id\":\"https:\\\/\\\/secure.gravatar.com\\\/avatar\\\/fd1aad5206beed12165c47b25a60bc78225dd9bee5c531dbfed1e9cc445e712c?s=96&d=mm&r=g\",\"url\":\"https:\\\/\\\/secure.gravatar.com\\\/avatar\\\/fd1aad5206beed12165c47b25a60bc78225dd9bee5c531dbfed1e9cc445e712c?s=96&d=mm&r=g\",\"contentUrl\":\"https:\\\/\\\/secure.gravatar.com\\\/avatar\\\/fd1aad5206beed12165c47b25a60bc78225dd9bee5c531dbfed1e9cc445e712c?s=96&d=mm&r=g\",\"caption\":\"marta\"}}]}<\/script>\n<!-- \/ Yoast SEO plugin. -->","yoast_head_json":{"title":"ATRESplayer PREMIUM will premiere exclusively \u2018Heridas\u2019 on Sunday April 17 - Buend\u00eda Estudios","robots":{"index":"index","follow":"follow","max-snippet":"max-snippet:-1","max-image-preview":"max-image-preview:large","max-video-preview":"max-video-preview:-1"},"canonical":"https:\/\/buendiaestudios.com\/en\/2022\/03\/29\/atresplayer-premium-estrenara-en-exclusiva-heridas-el-domingo-17-de-abril\/","og_locale":"en_US","og_type":"article","og_title":"ATRESplayer PREMIUM will premiere exclusively \u2018Heridas\u2019 on Sunday April 17 - Buend\u00eda Estudios","og_description":"Produced by Atresmedia TV in collaboration with Buend\u00eda Estudios, \u2018Heridas\u2019 is a powerful drama that addresses child neglect and the search for one's own identity through the present and past experiences of its protagonists.","og_url":"https:\/\/buendiaestudios.com\/en\/2022\/03\/29\/atresplayer-premium-estrenara-en-exclusiva-heridas-el-domingo-17-de-abril\/","og_site_name":"Buend\u00eda Estudios","article_publisher":"https:\/\/www.facebook.com\/buendiaestudios","article_published_time":"2022-03-29T16:05:00+00:00","article_modified_time":"2022-04-05T12:09:20+00:00","og_image":[{"width":2048,"height":1152,"url":"https:\/\/buendiaestudios.com\/media\/2022\/03\/HERIDAS-5-scaled.jpg","type":"image\/jpeg"}],"author":"marta","twitter_card":"summary_large_image","twitter_creator":"@BuendiaEstudios","twitter_site":"@BuendiaEstudios","twitter_misc":{"Written by":"marta","Est. reading time":"2 minutes"},"schema":{"@context":"https:\/\/schema.org","@graph":[{"@type":"Article","@id":"https:\/\/buendiaestudios.com\/en\/2022\/03\/29\/atresplayer-premium-estrenara-en-exclusiva-heridas-el-domingo-17-de-abril\/#article","isPartOf":{"@id":"https:\/\/buendiaestudios.com\/en\/2022\/03\/29\/atresplayer-premium-estrenara-en-exclusiva-heridas-el-domingo-17-de-abril\/"},"author":{"name":"marta","@id":"https:\/\/buendiaestudios.com\/#\/schema\/person\/192bd02e2f753421ea259f0f385c594a"},"headline":"ATRESplayer PREMIUM will premiere exclusively \u2018Heridas\u2019 on Sunday April 17","datePublished":"2022-03-29T16:05:00+00:00","dateModified":"2022-04-05T12:09:20+00:00","mainEntityOfPage":{"@id":"https:\/\/buendiaestudios.com\/en\/2022\/03\/29\/atresplayer-premium-estrenara-en-exclusiva-heridas-el-domingo-17-de-abril\/"},"wordCount":482,"publisher":{"@id":"https:\/\/buendiaestudios.com\/#organization"},"image":{"@id":"https:\/\/buendiaestudios.com\/en\/2022\/03\/29\/atresplayer-premium-estrenara-en-exclusiva-heridas-el-domingo-17-de-abril\/#primaryimage"},"thumbnailUrl":"https:\/\/buendiaestudios.com\/media\/2022\/03\/HERIDAS-5-scaled.jpg","inLanguage":"en-US"},{"@type":"WebPage","@id":"https:\/\/buendiaestudios.com\/en\/2022\/03\/29\/atresplayer-premium-estrenara-en-exclusiva-heridas-el-domingo-17-de-abril\/","url":"https:\/\/buendiaestudios.com\/en\/2022\/03\/29\/atresplayer-premium-estrenara-en-exclusiva-heridas-el-domingo-17-de-abril\/","name":"ATRESplayer PREMIUM will premiere exclusively \u2018Heridas\u2019 on Sunday April 17 - Buend\u00eda Estudios","isPartOf":{"@id":"https:\/\/buendiaestudios.com\/#website"},"primaryImageOfPage":{"@id":"https:\/\/buendiaestudios.com\/en\/2022\/03\/29\/atresplayer-premium-estrenara-en-exclusiva-heridas-el-domingo-17-de-abril\/#primaryimage"},"image":{"@id":"https:\/\/buendiaestudios.com\/en\/2022\/03\/29\/atresplayer-premium-estrenara-en-exclusiva-heridas-el-domingo-17-de-abril\/#primaryimage"},"thumbnailUrl":"https:\/\/buendiaestudios.com\/media\/2022\/03\/HERIDAS-5-scaled.jpg","datePublished":"2022-03-29T16:05:00+00:00","dateModified":"2022-04-05T12:09:20+00:00","breadcrumb":{"@id":"https:\/\/buendiaestudios.com\/en\/2022\/03\/29\/atresplayer-premium-estrenara-en-exclusiva-heridas-el-domingo-17-de-abril\/#breadcrumb"},"inLanguage":"en-US","potentialAction":[{"@type":"ReadAction","target":["https:\/\/buendiaestudios.com\/en\/2022\/03\/29\/atresplayer-premium-estrenara-en-exclusiva-heridas-el-domingo-17-de-abril\/"]}]},{"@type":"ImageObject","inLanguage":"en-US","@id":"https:\/\/buendiaestudios.com\/en\/2022\/03\/29\/atresplayer-premium-estrenara-en-exclusiva-heridas-el-domingo-17-de-abril\/#primaryimage","url":"https:\/\/buendiaestudios.com\/media\/2022\/03\/HERIDAS-5-scaled.jpg","contentUrl":"https:\/\/buendiaestudios.com\/media\/2022\/03\/HERIDAS-5-scaled.jpg","width":2048,"height":1152,"caption":"Heridas"},{"@type":"BreadcrumbList","@id":"https:\/\/buendiaestudios.com\/en\/2022\/03\/29\/atresplayer-premium-estrenara-en-exclusiva-heridas-el-domingo-17-de-abril\/#breadcrumb","itemListElement":[{"@type":"ListItem","position":1,"name":"Portada","item":"https:\/\/buendiaestudios.com\/en\/"},{"@type":"ListItem","position":2,"name":"ATRESplayer PREMIUM will premiere exclusively \u2018Heridas\u2019 on Sunday April 17"}]},{"@type":"WebSite","@id":"https:\/\/buendiaestudios.com\/#website","url":"https:\/\/buendiaestudios.com\/","name":"Buend\u00eda Estudios","description":"BUEND\u00cdA ESTUDIOS is an independent production company of audiovisual content created by ATRESMEDIA and TELEFONICA (through Movistar+), in a strategic alliance.","publisher":{"@id":"https:\/\/buendiaestudios.com\/#organization"},"potentialAction":[{"@type":"SearchAction","target":{"@type":"EntryPoint","urlTemplate":"https:\/\/buendiaestudios.com\/?s={search_term_string}"},"query-input":{"@type":"PropertyValueSpecification","valueRequired":true,"valueName":"search_term_string"}}],"inLanguage":"en-US"},{"@type":"Organization","@id":"https:\/\/buendiaestudios.com\/#organization","name":"Buend\u00eda Estudios","url":"https:\/\/buendiaestudios.com\/","logo":{"@type":"ImageObject","inLanguage":"en-US","@id":"https:\/\/buendiaestudios.com\/#\/schema\/logo\/image\/","url":"https:\/\/buendiaestudios.com\/media\/2021\/02\/logo-buendia-estudios.jpg","contentUrl":"https:\/\/buendiaestudios.com\/media\/2021\/02\/logo-buendia-estudios.jpg","width":988,"height":325,"caption":"Buend\u00eda Estudios"},"image":{"@id":"https:\/\/buendiaestudios.com\/#\/schema\/logo\/image\/"},"sameAs":["https:\/\/www.facebook.com\/buendiaestudios","https:\/\/x.com\/BuendiaEstudios","https:\/\/www.instagram.com\/buendiaestudios\/","https:\/\/www.linkedin.com\/company\/buend\u00eda-estudios\/"]},{"@type":"Person","@id":"https:\/\/buendiaestudios.com\/#\/schema\/person\/192bd02e2f753421ea259f0f385c594a","name":"marta","image":{"@type":"ImageObject","inLanguage":"en-US","@id":"https:\/\/secure.gravatar.com\/avatar\/fd1aad5206beed12165c47b25a60bc78225dd9bee5c531dbfed1e9cc445e712c?s=96&d=mm&r=g","url":"https:\/\/secure.gravatar.com\/avatar\/fd1aad5206beed12165c47b25a60bc78225dd9bee5c531dbfed1e9cc445e712c?s=96&d=mm&r=g","contentUrl":"https:\/\/secure.gravatar.com\/avatar\/fd1aad5206beed12165c47b25a60bc78225dd9bee5c531dbfed1e9cc445e712c?s=96&d=mm&r=g","caption":"marta"}}]}},"_links":{"self":[{"href":"https:\/\/buendiaestudios.com\/en\/wp-json\/wp\/v2\/posts\/2320","targetHints":{"allow":["GET"]}}],"collection":[{"href":"https:\/\/buendiaestudios.com\/en\/wp-json\/wp\/v2\/posts"}],"about":[{"href":"https:\/\/buendiaestudios.com\/en\/wp-json\/wp\/v2\/types\/post"}],"author":[{"embeddable":true,"href":"https:\/\/buendiaestudios.com\/en\/wp-json\/wp\/v2\/users\/7"}],"replies":[{"embeddable":true,"href":"https:\/\/buendiaestudios.com\/en\/wp-json\/wp\/v2\/comments?post=2320"}],"version-history":[{"count":2,"href":"https:\/\/buendiaestudios.com\/en\/wp-json\/wp\/v2\/posts\/2320\/revisions"}],"predecessor-version":[{"id":2331,"href":"https:\/\/buendiaestudios.com\/en\/wp-json\/wp\/v2\/posts\/2320\/revisions\/2331"}],"wp:featuredmedia":[{"embeddable":true,"href":"https:\/\/buendiaestudios.com\/en\/wp-json\/wp\/v2\/media\/2277"}],"wp:attachment":[{"href":"https:\/\/buendiaestudios.com\/en\/wp-json\/wp\/v2\/media?parent=2320"}],"wp:term":[{"taxonomy":"category","embeddable":true,"href":"https:\/\/buendiaestudios.com\/en\/wp-json\/wp\/v2\/categories?post=2320"},{"taxonomy":"post_tag","embeddable":true,"href":"https:\/\/buendiaestudios.com\/en\/wp-json\/wp\/v2\/tags?post=2320"}],"curies":[{"name":"wp","href":"https:\/\/api.w.org\/{rel}","templated":true}]}}