{"id":2210,"date":"2022-02-11T17:00:00","date_gmt":"2022-02-11T17:00:00","guid":{"rendered":"https:\/\/buendiaestudios.com\/2022\/02\/11\/ya-puedes-ver-el-trailer-de-la-t2-de-la-unidad-que-se-estrenara-en-movistar-plus-el-18-de-marzo\/"},"modified":"2022-03-10T16:49:20","modified_gmt":"2022-03-10T16:49:20","slug":"ya-puedes-ver-el-trailer-de-la-t2-de-la-unidad-que-se-estrenara-en-movistar-plus-el-18-de-marzo","status":"publish","type":"post","link":"https:\/\/buendiaestudios.com\/en\/2022\/02\/11\/ya-puedes-ver-el-trailer-de-la-t2-de-la-unidad-que-se-estrenara-en-movistar-plus-el-18-de-marzo\/","title":{"rendered":"Now you can watch the trailer of the second season of \u2018La Unidad\u2019, to be released on Movistar Plus+ next March 18th"},"content":{"rendered":"\n<p><strong><strong>The complete second season of \u2018La Unidad\u2019 will be released next Friday March 18<sup>th<\/sup> exclusively in Movistar Plus+.<\/strong><\/strong><\/p>\n\n\n\n<figure class=\"wp-block-embed is-type-video is-provider-youtube wp-block-embed-youtube wp-embed-aspect-16-9 wp-has-aspect-ratio\"><div class=\"wp-block-embed__wrapper\">\n<iframe loading=\"lazy\" title=\"La Unidad: Trailer - Temporada 2 | Movistar Plus+\" width=\"500\" height=\"281\" src=\"https:\/\/www.youtube.com\/embed\/g3emijtfiiU?feature=oembed\" frameborder=\"0\" allow=\"accelerometer; autoplay; clipboard-write; encrypted-media; gyroscope; picture-in-picture; web-share\" referrerpolicy=\"strict-origin-when-cross-origin\" allowfullscreen><\/iframe>\n<\/div><\/figure>\n\n\n\n<p><strong>\u2018La Unidad\u2019<\/strong>\u00a0is a fast-paced <em>thriller<\/em>\u00a0that, in its second season, will keep the ambitious production level of the first. It will go a step beyond in the story of these anonymous heroes who form a team of the National Police specialized in the fight against jihadist terrorism. And now, <strong>the target of the terrorists will be la Unidad itself and its members.<\/strong><\/p>\n\n\n\n<p>Like the first season, this second one is created by \u00a0<strong>Dani de la Torre\u00a0<\/strong>(\u2018La sombra de la ley\u2019, \u2018El desconocido\u2019), who also directs the series, and by\u00a0<strong>Alberto Marini\u00a0<\/strong>(\u2018Apag\u00f3n\u2019, an original Movistar Plus+ series, \u2018Tu hijo\u2019, \u2018El desconocido\u2019), who lead a team of screenwriters formed by Am\u00e8lia Mora, Alfred P\u00e9rez-Farga and Roger Dan\u00e8s.<\/p>\n\n\n\n<p>Starring female characters in a position of responsibility and leadership. La Unidad is still led by inspector Carla Torres, played by <strong>Natalie Poza<\/strong>, and <strong>Marian \u00c1lvarez<\/strong> as agent Miriam. <strong>Michel Noher<\/strong> is Marcos, Carla\u2019s ex-partner, father of her daughter and chief of La Unidad; <strong>Luis Zahera<\/strong> is Sergio, the chief of operations. The Spanish actress of Persian origin <strong>Fariba Sheikhan<\/strong> is agent Najwa; <strong>Ra\u00fal Fern\u00e1ndez de Pablo<\/strong> is Roberto and <strong>Carlos Blanco<\/strong>\u00a0is Ram\u00f3n. The series also features the special collaboration of <strong>Fele Mart\u00ednez<\/strong> as Sanabria.<\/p>\n\n\n\n<p>All of them, as members of la Unidad, will pay a very high price when they become a direct target of the terrorists. L\u00faa, the daughter of the couple formed by Carla and Marcos, played by young actress <strong>Alba Bersab\u00e9<\/strong>, will be one of the main characters of this second season.<\/p>\n\n\n\n<p>Together with <strong>Frances Orella<\/strong>\u00a0and <strong>Pepo Oliva<\/strong>, in this new season <strong>Fran Cantos<\/strong>,\u00a0<strong>Aroa Rodr\u00edguez\u00a0<\/strong>and\u00a0<strong>Juan Carlos Villanueva <\/strong>will join the cast, along with an important cast of international actors from more than six different nationalities, standing out\u00a0<strong>Moussa Echarif, Amina Leony, Mekki Kadiri, Bouzan Hadawi, Kaabil Sekali, Farah Hammed, Am\u00edn Hamada, Inti El Meskine, Hamid Krim, Mourad Ouani, Mekki Kadiri, Omar Bentaleb\u00a0<\/strong>and<strong>\u00a0Said El Mouden<\/strong>.<br><br><strong><mark style=\"background-color:rgba(0, 0, 0, 0)\" class=\"has-inline-color has-luminous-vivid-orange-color\">SYNOPSIS<\/mark><\/strong><\/p>\n\n\n\n<p><em>The members of La Unidad will face an unequalled situation when an operation turns them into the objective of the terrorists, at the same time they try to find out if there is a spy in the team leaded by Carla.<\/em><\/p>\n","protected":false},"excerpt":{"rendered":"<p>\u2018La Unidad\u2019 S2 is an original series by Movistar Plus+ produced by Buend\u00eda Estudios.<\/p>\n","protected":false},"author":7,"featured_media":2199,"comment_status":"closed","ping_status":"closed","sticky":false,"template":"","format":"standard","meta":{"_acf_changed":false,"footnotes":""},"categories":[18],"tags":[],"class_list":["post-2210","post","type-post","status-publish","format-standard","has-post-thumbnail","hentry","category-uncategorized"],"acf":[],"yoast_head":"<!-- This site is optimized with the Yoast SEO plugin v27.4 - https:\/\/yoast.com\/product\/yoast-seo-wordpress\/ -->\n<title>Now you can watch the trailer of the second season of \u2018La Unidad\u2019, to be released on Movistar Plus+ next March 18th - Buend\u00eda Estudios<\/title>\n<meta name=\"robots\" content=\"index, follow, max-snippet:-1, max-image-preview:large, max-video-preview:-1\" \/>\n<link rel=\"canonical\" href=\"https:\/\/buendiaestudios.com\/en\/2022\/02\/11\/ya-puedes-ver-el-trailer-de-la-t2-de-la-unidad-que-se-estrenara-en-movistar-plus-el-18-de-marzo\/\" \/>\n<meta property=\"og:locale\" content=\"en_US\" \/>\n<meta property=\"og:type\" content=\"article\" \/>\n<meta property=\"og:title\" content=\"Now you can watch the trailer of the second season of \u2018La Unidad\u2019, to be released on Movistar Plus+ next March 18th - Buend\u00eda Estudios\" \/>\n<meta property=\"og:description\" content=\"\u2018La Unidad\u2019 S2 is an original series by Movistar Plus+ produced by Buend\u00eda Estudios.\" \/>\n<meta property=\"og:url\" content=\"https:\/\/buendiaestudios.com\/en\/2022\/02\/11\/ya-puedes-ver-el-trailer-de-la-t2-de-la-unidad-que-se-estrenara-en-movistar-plus-el-18-de-marzo\/\" \/>\n<meta property=\"og:site_name\" content=\"Buend\u00eda Estudios\" \/>\n<meta property=\"article:publisher\" content=\"https:\/\/www.facebook.com\/buendiaestudios\" \/>\n<meta property=\"article:published_time\" content=\"2022-02-11T17:00:00+00:00\" \/>\n<meta property=\"article:modified_time\" content=\"2022-03-10T16:49:20+00:00\" \/>\n<meta property=\"og:image\" content=\"https:\/\/buendiaestudios.com\/media\/2022\/03\/La-Unidad-Buendia-Estudios.png\" \/>\n\t<meta property=\"og:image:width\" content=\"1080\" \/>\n\t<meta property=\"og:image:height\" content=\"1080\" \/>\n\t<meta property=\"og:image:type\" content=\"image\/png\" \/>\n<meta name=\"author\" content=\"marta\" \/>\n<meta name=\"twitter:card\" content=\"summary_large_image\" \/>\n<meta name=\"twitter:creator\" content=\"@BuendiaEstudios\" \/>\n<meta name=\"twitter:site\" content=\"@BuendiaEstudios\" \/>\n<meta name=\"twitter:label1\" content=\"Written by\" \/>\n\t<meta name=\"twitter:data1\" content=\"marta\" \/>\n\t<meta name=\"twitter:label2\" content=\"Est. reading time\" \/>\n\t<meta name=\"twitter:data2\" content=\"2 minutes\" \/>\n<script type=\"application\/ld+json\" class=\"yoast-schema-graph\">{\"@context\":\"https:\\\/\\\/schema.org\",\"@graph\":[{\"@type\":\"Article\",\"@id\":\"https:\\\/\\\/buendiaestudios.com\\\/en\\\/2022\\\/02\\\/11\\\/ya-puedes-ver-el-trailer-de-la-t2-de-la-unidad-que-se-estrenara-en-movistar-plus-el-18-de-marzo\\\/#article\",\"isPartOf\":{\"@id\":\"https:\\\/\\\/buendiaestudios.com\\\/en\\\/2022\\\/02\\\/11\\\/ya-puedes-ver-el-trailer-de-la-t2-de-la-unidad-que-se-estrenara-en-movistar-plus-el-18-de-marzo\\\/\"},\"author\":{\"name\":\"marta\",\"@id\":\"https:\\\/\\\/buendiaestudios.com\\\/#\\\/schema\\\/person\\\/192bd02e2f753421ea259f0f385c594a\"},\"headline\":\"Now you can watch the trailer of the second season of \u2018La Unidad\u2019, to be released on Movistar Plus+ next March 18th\",\"datePublished\":\"2022-02-11T17:00:00+00:00\",\"dateModified\":\"2022-03-10T16:49:20+00:00\",\"mainEntityOfPage\":{\"@id\":\"https:\\\/\\\/buendiaestudios.com\\\/en\\\/2022\\\/02\\\/11\\\/ya-puedes-ver-el-trailer-de-la-t2-de-la-unidad-que-se-estrenara-en-movistar-plus-el-18-de-marzo\\\/\"},\"wordCount\":427,\"publisher\":{\"@id\":\"https:\\\/\\\/buendiaestudios.com\\\/#organization\"},\"image\":{\"@id\":\"https:\\\/\\\/buendiaestudios.com\\\/en\\\/2022\\\/02\\\/11\\\/ya-puedes-ver-el-trailer-de-la-t2-de-la-unidad-que-se-estrenara-en-movistar-plus-el-18-de-marzo\\\/#primaryimage\"},\"thumbnailUrl\":\"https:\\\/\\\/buendiaestudios.com\\\/wp-content\\\/uploads\\\/2022\\\/03\\\/La-Unidad-Buendia-Estudios.png\",\"inLanguage\":\"en-US\"},{\"@type\":\"WebPage\",\"@id\":\"https:\\\/\\\/buendiaestudios.com\\\/en\\\/2022\\\/02\\\/11\\\/ya-puedes-ver-el-trailer-de-la-t2-de-la-unidad-que-se-estrenara-en-movistar-plus-el-18-de-marzo\\\/\",\"url\":\"https:\\\/\\\/buendiaestudios.com\\\/en\\\/2022\\\/02\\\/11\\\/ya-puedes-ver-el-trailer-de-la-t2-de-la-unidad-que-se-estrenara-en-movistar-plus-el-18-de-marzo\\\/\",\"name\":\"Now you can watch the trailer of the second season of \u2018La Unidad\u2019, to be released on Movistar Plus+ next March 18th - Buend\u00eda Estudios\",\"isPartOf\":{\"@id\":\"https:\\\/\\\/buendiaestudios.com\\\/#website\"},\"primaryImageOfPage\":{\"@id\":\"https:\\\/\\\/buendiaestudios.com\\\/en\\\/2022\\\/02\\\/11\\\/ya-puedes-ver-el-trailer-de-la-t2-de-la-unidad-que-se-estrenara-en-movistar-plus-el-18-de-marzo\\\/#primaryimage\"},\"image\":{\"@id\":\"https:\\\/\\\/buendiaestudios.com\\\/en\\\/2022\\\/02\\\/11\\\/ya-puedes-ver-el-trailer-de-la-t2-de-la-unidad-que-se-estrenara-en-movistar-plus-el-18-de-marzo\\\/#primaryimage\"},\"thumbnailUrl\":\"https:\\\/\\\/buendiaestudios.com\\\/wp-content\\\/uploads\\\/2022\\\/03\\\/La-Unidad-Buendia-Estudios.png\",\"datePublished\":\"2022-02-11T17:00:00+00:00\",\"dateModified\":\"2022-03-10T16:49:20+00:00\",\"breadcrumb\":{\"@id\":\"https:\\\/\\\/buendiaestudios.com\\\/en\\\/2022\\\/02\\\/11\\\/ya-puedes-ver-el-trailer-de-la-t2-de-la-unidad-que-se-estrenara-en-movistar-plus-el-18-de-marzo\\\/#breadcrumb\"},\"inLanguage\":\"en-US\",\"potentialAction\":[{\"@type\":\"ReadAction\",\"target\":[\"https:\\\/\\\/buendiaestudios.com\\\/en\\\/2022\\\/02\\\/11\\\/ya-puedes-ver-el-trailer-de-la-t2-de-la-unidad-que-se-estrenara-en-movistar-plus-el-18-de-marzo\\\/\"]}]},{\"@type\":\"ImageObject\",\"inLanguage\":\"en-US\",\"@id\":\"https:\\\/\\\/buendiaestudios.com\\\/en\\\/2022\\\/02\\\/11\\\/ya-puedes-ver-el-trailer-de-la-t2-de-la-unidad-que-se-estrenara-en-movistar-plus-el-18-de-marzo\\\/#primaryimage\",\"url\":\"https:\\\/\\\/buendiaestudios.com\\\/wp-content\\\/uploads\\\/2022\\\/03\\\/La-Unidad-Buendia-Estudios.png\",\"contentUrl\":\"https:\\\/\\\/buendiaestudios.com\\\/wp-content\\\/uploads\\\/2022\\\/03\\\/La-Unidad-Buendia-Estudios.png\",\"width\":1080,\"height\":1080,\"caption\":\"La Unidad Buendia Estudios\"},{\"@type\":\"BreadcrumbList\",\"@id\":\"https:\\\/\\\/buendiaestudios.com\\\/en\\\/2022\\\/02\\\/11\\\/ya-puedes-ver-el-trailer-de-la-t2-de-la-unidad-que-se-estrenara-en-movistar-plus-el-18-de-marzo\\\/#breadcrumb\",\"itemListElement\":[{\"@type\":\"ListItem\",\"position\":1,\"name\":\"Portada\",\"item\":\"https:\\\/\\\/buendiaestudios.com\\\/en\\\/\"},{\"@type\":\"ListItem\",\"position\":2,\"name\":\"Now you can watch the trailer of the second season of \u2018La Unidad\u2019, to be released on Movistar Plus+ next March 18th\"}]},{\"@type\":\"WebSite\",\"@id\":\"https:\\\/\\\/buendiaestudios.com\\\/#website\",\"url\":\"https:\\\/\\\/buendiaestudios.com\\\/\",\"name\":\"Buend\u00eda Estudios\",\"description\":\"BUEND\u00cdA ESTUDIOS is an independent production company of audiovisual content created by ATRESMEDIA and TELEFONICA (through Movistar+), in a strategic alliance.\",\"publisher\":{\"@id\":\"https:\\\/\\\/buendiaestudios.com\\\/#organization\"},\"potentialAction\":[{\"@type\":\"SearchAction\",\"target\":{\"@type\":\"EntryPoint\",\"urlTemplate\":\"https:\\\/\\\/buendiaestudios.com\\\/?s={search_term_string}\"},\"query-input\":{\"@type\":\"PropertyValueSpecification\",\"valueRequired\":true,\"valueName\":\"search_term_string\"}}],\"inLanguage\":\"en-US\"},{\"@type\":\"Organization\",\"@id\":\"https:\\\/\\\/buendiaestudios.com\\\/#organization\",\"name\":\"Buend\u00eda Estudios\",\"url\":\"https:\\\/\\\/buendiaestudios.com\\\/\",\"logo\":{\"@type\":\"ImageObject\",\"inLanguage\":\"en-US\",\"@id\":\"https:\\\/\\\/buendiaestudios.com\\\/#\\\/schema\\\/logo\\\/image\\\/\",\"url\":\"https:\\\/\\\/buendiaestudios.com\\\/wp-content\\\/uploads\\\/2021\\\/02\\\/logo-buendia-estudios.jpg\",\"contentUrl\":\"https:\\\/\\\/buendiaestudios.com\\\/wp-content\\\/uploads\\\/2021\\\/02\\\/logo-buendia-estudios.jpg\",\"width\":988,\"height\":325,\"caption\":\"Buend\u00eda Estudios\"},\"image\":{\"@id\":\"https:\\\/\\\/buendiaestudios.com\\\/#\\\/schema\\\/logo\\\/image\\\/\"},\"sameAs\":[\"https:\\\/\\\/www.facebook.com\\\/buendiaestudios\",\"https:\\\/\\\/x.com\\\/BuendiaEstudios\",\"https:\\\/\\\/www.instagram.com\\\/buendiaestudios\\\/\",\"https:\\\/\\\/www.linkedin.com\\\/company\\\/buend\u00eda-estudios\\\/\"]},{\"@type\":\"Person\",\"@id\":\"https:\\\/\\\/buendiaestudios.com\\\/#\\\/schema\\\/person\\\/192bd02e2f753421ea259f0f385c594a\",\"name\":\"marta\",\"image\":{\"@type\":\"ImageObject\",\"inLanguage\":\"en-US\",\"@id\":\"https:\\\/\\\/secure.gravatar.com\\\/avatar\\\/fd1aad5206beed12165c47b25a60bc78225dd9bee5c531dbfed1e9cc445e712c?s=96&d=mm&r=g\",\"url\":\"https:\\\/\\\/secure.gravatar.com\\\/avatar\\\/fd1aad5206beed12165c47b25a60bc78225dd9bee5c531dbfed1e9cc445e712c?s=96&d=mm&r=g\",\"contentUrl\":\"https:\\\/\\\/secure.gravatar.com\\\/avatar\\\/fd1aad5206beed12165c47b25a60bc78225dd9bee5c531dbfed1e9cc445e712c?s=96&d=mm&r=g\",\"caption\":\"marta\"}}]}<\/script>\n<!-- \/ Yoast SEO plugin. -->","yoast_head_json":{"title":"Now you can watch the trailer of the second season of \u2018La Unidad\u2019, to be released on Movistar Plus+ next March 18th - Buend\u00eda Estudios","robots":{"index":"index","follow":"follow","max-snippet":"max-snippet:-1","max-image-preview":"max-image-preview:large","max-video-preview":"max-video-preview:-1"},"canonical":"https:\/\/buendiaestudios.com\/en\/2022\/02\/11\/ya-puedes-ver-el-trailer-de-la-t2-de-la-unidad-que-se-estrenara-en-movistar-plus-el-18-de-marzo\/","og_locale":"en_US","og_type":"article","og_title":"Now you can watch the trailer of the second season of \u2018La Unidad\u2019, to be released on Movistar Plus+ next March 18th - Buend\u00eda Estudios","og_description":"\u2018La Unidad\u2019 S2 is an original series by Movistar Plus+ produced by Buend\u00eda Estudios.","og_url":"https:\/\/buendiaestudios.com\/en\/2022\/02\/11\/ya-puedes-ver-el-trailer-de-la-t2-de-la-unidad-que-se-estrenara-en-movistar-plus-el-18-de-marzo\/","og_site_name":"Buend\u00eda Estudios","article_publisher":"https:\/\/www.facebook.com\/buendiaestudios","article_published_time":"2022-02-11T17:00:00+00:00","article_modified_time":"2022-03-10T16:49:20+00:00","og_image":[{"width":1080,"height":1080,"url":"https:\/\/buendiaestudios.com\/media\/2022\/03\/La-Unidad-Buendia-Estudios.png","type":"image\/png"}],"author":"marta","twitter_card":"summary_large_image","twitter_creator":"@BuendiaEstudios","twitter_site":"@BuendiaEstudios","twitter_misc":{"Written by":"marta","Est. reading time":"2 minutes"},"schema":{"@context":"https:\/\/schema.org","@graph":[{"@type":"Article","@id":"https:\/\/buendiaestudios.com\/en\/2022\/02\/11\/ya-puedes-ver-el-trailer-de-la-t2-de-la-unidad-que-se-estrenara-en-movistar-plus-el-18-de-marzo\/#article","isPartOf":{"@id":"https:\/\/buendiaestudios.com\/en\/2022\/02\/11\/ya-puedes-ver-el-trailer-de-la-t2-de-la-unidad-que-se-estrenara-en-movistar-plus-el-18-de-marzo\/"},"author":{"name":"marta","@id":"https:\/\/buendiaestudios.com\/#\/schema\/person\/192bd02e2f753421ea259f0f385c594a"},"headline":"Now you can watch the trailer of the second season of \u2018La Unidad\u2019, to be released on Movistar Plus+ next March 18th","datePublished":"2022-02-11T17:00:00+00:00","dateModified":"2022-03-10T16:49:20+00:00","mainEntityOfPage":{"@id":"https:\/\/buendiaestudios.com\/en\/2022\/02\/11\/ya-puedes-ver-el-trailer-de-la-t2-de-la-unidad-que-se-estrenara-en-movistar-plus-el-18-de-marzo\/"},"wordCount":427,"publisher":{"@id":"https:\/\/buendiaestudios.com\/#organization"},"image":{"@id":"https:\/\/buendiaestudios.com\/en\/2022\/02\/11\/ya-puedes-ver-el-trailer-de-la-t2-de-la-unidad-que-se-estrenara-en-movistar-plus-el-18-de-marzo\/#primaryimage"},"thumbnailUrl":"https:\/\/buendiaestudios.com\/media\/2022\/03\/La-Unidad-Buendia-Estudios.png","inLanguage":"en-US"},{"@type":"WebPage","@id":"https:\/\/buendiaestudios.com\/en\/2022\/02\/11\/ya-puedes-ver-el-trailer-de-la-t2-de-la-unidad-que-se-estrenara-en-movistar-plus-el-18-de-marzo\/","url":"https:\/\/buendiaestudios.com\/en\/2022\/02\/11\/ya-puedes-ver-el-trailer-de-la-t2-de-la-unidad-que-se-estrenara-en-movistar-plus-el-18-de-marzo\/","name":"Now you can watch the trailer of the second season of \u2018La Unidad\u2019, to be released on Movistar Plus+ next March 18th - Buend\u00eda Estudios","isPartOf":{"@id":"https:\/\/buendiaestudios.com\/#website"},"primaryImageOfPage":{"@id":"https:\/\/buendiaestudios.com\/en\/2022\/02\/11\/ya-puedes-ver-el-trailer-de-la-t2-de-la-unidad-que-se-estrenara-en-movistar-plus-el-18-de-marzo\/#primaryimage"},"image":{"@id":"https:\/\/buendiaestudios.com\/en\/2022\/02\/11\/ya-puedes-ver-el-trailer-de-la-t2-de-la-unidad-que-se-estrenara-en-movistar-plus-el-18-de-marzo\/#primaryimage"},"thumbnailUrl":"https:\/\/buendiaestudios.com\/media\/2022\/03\/La-Unidad-Buendia-Estudios.png","datePublished":"2022-02-11T17:00:00+00:00","dateModified":"2022-03-10T16:49:20+00:00","breadcrumb":{"@id":"https:\/\/buendiaestudios.com\/en\/2022\/02\/11\/ya-puedes-ver-el-trailer-de-la-t2-de-la-unidad-que-se-estrenara-en-movistar-plus-el-18-de-marzo\/#breadcrumb"},"inLanguage":"en-US","potentialAction":[{"@type":"ReadAction","target":["https:\/\/buendiaestudios.com\/en\/2022\/02\/11\/ya-puedes-ver-el-trailer-de-la-t2-de-la-unidad-que-se-estrenara-en-movistar-plus-el-18-de-marzo\/"]}]},{"@type":"ImageObject","inLanguage":"en-US","@id":"https:\/\/buendiaestudios.com\/en\/2022\/02\/11\/ya-puedes-ver-el-trailer-de-la-t2-de-la-unidad-que-se-estrenara-en-movistar-plus-el-18-de-marzo\/#primaryimage","url":"https:\/\/buendiaestudios.com\/media\/2022\/03\/La-Unidad-Buendia-Estudios.png","contentUrl":"https:\/\/buendiaestudios.com\/media\/2022\/03\/La-Unidad-Buendia-Estudios.png","width":1080,"height":1080,"caption":"La Unidad Buendia Estudios"},{"@type":"BreadcrumbList","@id":"https:\/\/buendiaestudios.com\/en\/2022\/02\/11\/ya-puedes-ver-el-trailer-de-la-t2-de-la-unidad-que-se-estrenara-en-movistar-plus-el-18-de-marzo\/#breadcrumb","itemListElement":[{"@type":"ListItem","position":1,"name":"Portada","item":"https:\/\/buendiaestudios.com\/en\/"},{"@type":"ListItem","position":2,"name":"Now you can watch the trailer of the second season of \u2018La Unidad\u2019, to be released on Movistar Plus+ next March 18th"}]},{"@type":"WebSite","@id":"https:\/\/buendiaestudios.com\/#website","url":"https:\/\/buendiaestudios.com\/","name":"Buend\u00eda Estudios","description":"BUEND\u00cdA ESTUDIOS is an independent production company of audiovisual content created by ATRESMEDIA and TELEFONICA (through Movistar+), in a strategic alliance.","publisher":{"@id":"https:\/\/buendiaestudios.com\/#organization"},"potentialAction":[{"@type":"SearchAction","target":{"@type":"EntryPoint","urlTemplate":"https:\/\/buendiaestudios.com\/?s={search_term_string}"},"query-input":{"@type":"PropertyValueSpecification","valueRequired":true,"valueName":"search_term_string"}}],"inLanguage":"en-US"},{"@type":"Organization","@id":"https:\/\/buendiaestudios.com\/#organization","name":"Buend\u00eda Estudios","url":"https:\/\/buendiaestudios.com\/","logo":{"@type":"ImageObject","inLanguage":"en-US","@id":"https:\/\/buendiaestudios.com\/#\/schema\/logo\/image\/","url":"https:\/\/buendiaestudios.com\/media\/2021\/02\/logo-buendia-estudios.jpg","contentUrl":"https:\/\/buendiaestudios.com\/media\/2021\/02\/logo-buendia-estudios.jpg","width":988,"height":325,"caption":"Buend\u00eda Estudios"},"image":{"@id":"https:\/\/buendiaestudios.com\/#\/schema\/logo\/image\/"},"sameAs":["https:\/\/www.facebook.com\/buendiaestudios","https:\/\/x.com\/BuendiaEstudios","https:\/\/www.instagram.com\/buendiaestudios\/","https:\/\/www.linkedin.com\/company\/buend\u00eda-estudios\/"]},{"@type":"Person","@id":"https:\/\/buendiaestudios.com\/#\/schema\/person\/192bd02e2f753421ea259f0f385c594a","name":"marta","image":{"@type":"ImageObject","inLanguage":"en-US","@id":"https:\/\/secure.gravatar.com\/avatar\/fd1aad5206beed12165c47b25a60bc78225dd9bee5c531dbfed1e9cc445e712c?s=96&d=mm&r=g","url":"https:\/\/secure.gravatar.com\/avatar\/fd1aad5206beed12165c47b25a60bc78225dd9bee5c531dbfed1e9cc445e712c?s=96&d=mm&r=g","contentUrl":"https:\/\/secure.gravatar.com\/avatar\/fd1aad5206beed12165c47b25a60bc78225dd9bee5c531dbfed1e9cc445e712c?s=96&d=mm&r=g","caption":"marta"}}]}},"_links":{"self":[{"href":"https:\/\/buendiaestudios.com\/en\/wp-json\/wp\/v2\/posts\/2210","targetHints":{"allow":["GET"]}}],"collection":[{"href":"https:\/\/buendiaestudios.com\/en\/wp-json\/wp\/v2\/posts"}],"about":[{"href":"https:\/\/buendiaestudios.com\/en\/wp-json\/wp\/v2\/types\/post"}],"author":[{"embeddable":true,"href":"https:\/\/buendiaestudios.com\/en\/wp-json\/wp\/v2\/users\/7"}],"replies":[{"embeddable":true,"href":"https:\/\/buendiaestudios.com\/en\/wp-json\/wp\/v2\/comments?post=2210"}],"version-history":[{"count":2,"href":"https:\/\/buendiaestudios.com\/en\/wp-json\/wp\/v2\/posts\/2210\/revisions"}],"predecessor-version":[{"id":2216,"href":"https:\/\/buendiaestudios.com\/en\/wp-json\/wp\/v2\/posts\/2210\/revisions\/2216"}],"wp:featuredmedia":[{"embeddable":true,"href":"https:\/\/buendiaestudios.com\/en\/wp-json\/wp\/v2\/media\/2199"}],"wp:attachment":[{"href":"https:\/\/buendiaestudios.com\/en\/wp-json\/wp\/v2\/media?parent=2210"}],"wp:term":[{"taxonomy":"category","embeddable":true,"href":"https:\/\/buendiaestudios.com\/en\/wp-json\/wp\/v2\/categories?post=2210"},{"taxonomy":"post_tag","embeddable":true,"href":"https:\/\/buendiaestudios.com\/en\/wp-json\/wp\/v2\/tags?post=2210"}],"curies":[{"name":"wp","href":"https:\/\/api.w.org\/{rel}","templated":true}]}}