{"id":2209,"date":"2022-03-03T12:30:00","date_gmt":"2022-03-03T12:30:00","guid":{"rendered":"https:\/\/buendiaestudios.com\/2022\/03\/03\/la-segunda-temporada-de-el-internado-las-cumbres-producida-por-buendia-estudios-se-estrenara-el-1-de-abril\/"},"modified":"2022-03-10T17:06:41","modified_gmt":"2022-03-10T17:06:41","slug":"la-segunda-temporada-de-el-internado-las-cumbres-producida-por-buendia-estudios-se-estrenara-el-1-de-abril","status":"publish","type":"post","link":"https:\/\/buendiaestudios.com\/en\/2022\/03\/03\/la-segunda-temporada-de-el-internado-las-cumbres-producida-por-buendia-estudios-se-estrenara-el-1-de-abril\/","title":{"rendered":"The second season of \u2018El Internado: Las Cumbres\u2019, produced by Buend\u00eda Estudios, will be released on April 1st."},"content":{"rendered":"\n<p>Prime Video has revealed today the poster and the official trailer for the second season of \u2018<strong>El Internado: Las Cumbres\u2019<\/strong>, that will be released exclusively in Prime Video next\u00a0<strong>April 1st<\/strong>. In the new episodes of the series new actors will join the cast: Clara Galle, Irene Anula, Nicolas Cazale, Annick Weerts and Alberto Berzal, among others.<\/p>\n\n\n\n<figure class=\"wp-block-embed is-type-video is-provider-youtube wp-block-embed-youtube wp-embed-aspect-16-9 wp-has-aspect-ratio\"><div class=\"wp-block-embed__wrapper\">\n<iframe loading=\"lazy\" title=\"El Internado: Las Cumbres - Temporada 2 - Tr\u00e1iler Oficial | Prime Video Espa\u00f1a\" width=\"500\" height=\"281\" src=\"https:\/\/www.youtube.com\/embed\/MBB1fOSrdxY?feature=oembed\" frameborder=\"0\" allow=\"accelerometer; autoplay; clipboard-write; encrypted-media; gyroscope; picture-in-picture; web-share\" referrerpolicy=\"strict-origin-when-cross-origin\" allowfullscreen><\/iframe>\n<\/div><\/figure>\n\n\n\n<p>The mutiny that followed Elias\u2019 death outraged the principal, who now imposes a firmer discipline than before at the centre. In addition, after Rita&#8217;s death, no one doubts that a serial killer, an alleged imitator of the Crow&#8217;s Nest, is responsible for the crimes. However, Amaia, Paul, Paz, Eric and Julio are not going to sit idly by. Not now that, thanks to Ad\u00e8le, they believe that they can find Manuel alive.&nbsp;<strong>Will they arrive in time to save him?&nbsp;<\/strong>Who is behind the laboratory that is conducting those experiments with humans? and, above all, <strong>which is the purpose of all those experiments<\/strong>?<\/p>\n\n\n\n<p>On her side, In\u00e9s will discover something shocking about the past of Le\u00f3n and hers. The young woman will be able to recompose some of the pieces that don\u2019t fit with the story he\u2019s been told, which will open many more questions about her past life. <strong>Who is she?<\/strong> <strong>What is the bond between she and Le\u00f3n? And what is the connection between them and Dar\u00edo Mendoza?<\/strong><\/p>\n\n\n\n<p>The 8 episodes of the second season have been directed by <strong>Denis Rovira&nbsp;<\/strong>and<strong>&nbsp;Mikel Rueda<\/strong>; and it is starred by Asia Ortega, Albert Salazar, Daniela Rubio, Claudia Riera, Paula del R\u00edo, Gonzalo D\u00edez, Carlos Alcaide, Natalia Dicenta, Ramiro Blas, Mina El Hammani, Joel Bosqued, Patxi Santamar\u00eda, Lucas Velasco, Joseba Usabiaga, Amaia Lizarralde, I\u00f1ake Irastorza, Aitor Beltr\u00e1n, Asier Hern\u00e1ndez and K\u00e1ndido Uranga; among others.<\/p>\n\n\n\n<p>\u2018<strong>El Internado: Las Cumbres<\/strong>\u2018 is a production of <strong>Buend\u00eda Estudios&nbsp;<\/strong>and&nbsp;<strong>The Mediapro Studio<\/strong>. Executive Producers are Laura Fern\u00e1ndez Espeso, Javier Pons and Laura Belloso from THE MEDIAPRO STUDIO, and Ignacio Corrales and Sonia Mart\u00ednez from Buend\u00eda Estudios. Laura Belloso keeps on leading the team of screenwriters formed by Asier Andueza -series co-creator- and Sara Belloso, who already took part in the scripts of&nbsp;<em>El Internado La Laguna Negra&nbsp;<\/em>and in the first season of <em>\u2018<\/em>El Internado: Las Cumbres\u2019,<em>&nbsp;<\/em>together with Jes\u00fas Mesas and Eva Mir who join as screenwriters this season.<\/p>\n","protected":false},"excerpt":{"rendered":"<p>Prime Video will release next April 1st the second season of \u2018El Internado: Las Cumbres&#8217;, with new mysteries and new characters.<\/p>\n","protected":false},"author":7,"featured_media":2202,"comment_status":"closed","ping_status":"closed","sticky":false,"template":"","format":"standard","meta":{"_acf_changed":false,"footnotes":""},"categories":[18],"tags":[],"class_list":["post-2209","post","type-post","status-publish","format-standard","has-post-thumbnail","hentry","category-uncategorized"],"acf":[],"yoast_head":"<!-- This site is optimized with the Yoast SEO plugin v27.4 - https:\/\/yoast.com\/product\/yoast-seo-wordpress\/ -->\n<title>The second season of \u2018El Internado: Las Cumbres\u2019, produced by Buend\u00eda Estudios, will be released on April 1st. - Buend\u00eda Estudios<\/title>\n<meta name=\"robots\" content=\"index, follow, max-snippet:-1, max-image-preview:large, max-video-preview:-1\" \/>\n<link rel=\"canonical\" href=\"https:\/\/buendiaestudios.com\/en\/2022\/03\/03\/la-segunda-temporada-de-el-internado-las-cumbres-producida-por-buendia-estudios-se-estrenara-el-1-de-abril\/\" \/>\n<meta property=\"og:locale\" content=\"en_US\" \/>\n<meta property=\"og:type\" content=\"article\" \/>\n<meta property=\"og:title\" content=\"The second season of \u2018El Internado: Las Cumbres\u2019, produced by Buend\u00eda Estudios, will be released on April 1st. - Buend\u00eda Estudios\" \/>\n<meta property=\"og:description\" content=\"Prime Video will release next April 1st the second season of \u2018El Internado: Las Cumbres&#039;, with new mysteries and new characters.\" \/>\n<meta property=\"og:url\" content=\"https:\/\/buendiaestudios.com\/en\/2022\/03\/03\/la-segunda-temporada-de-el-internado-las-cumbres-producida-por-buendia-estudios-se-estrenara-el-1-de-abril\/\" \/>\n<meta property=\"og:site_name\" content=\"Buend\u00eda Estudios\" \/>\n<meta property=\"article:publisher\" content=\"https:\/\/www.facebook.com\/buendiaestudios\" \/>\n<meta property=\"article:published_time\" content=\"2022-03-03T12:30:00+00:00\" \/>\n<meta property=\"article:modified_time\" content=\"2022-03-10T17:06:41+00:00\" \/>\n<meta property=\"og:image\" content=\"https:\/\/buendiaestudios.com\/media\/2022\/03\/El-Internado-Buendia-Estudios.png\" \/>\n\t<meta property=\"og:image:width\" content=\"1080\" \/>\n\t<meta property=\"og:image:height\" content=\"1080\" \/>\n\t<meta property=\"og:image:type\" content=\"image\/png\" \/>\n<meta name=\"author\" content=\"marta\" \/>\n<meta name=\"twitter:card\" content=\"summary_large_image\" \/>\n<meta name=\"twitter:creator\" content=\"@BuendiaEstudios\" \/>\n<meta name=\"twitter:site\" content=\"@BuendiaEstudios\" \/>\n<meta name=\"twitter:label1\" content=\"Written by\" \/>\n\t<meta name=\"twitter:data1\" content=\"marta\" \/>\n\t<meta name=\"twitter:label2\" content=\"Est. reading time\" \/>\n\t<meta name=\"twitter:data2\" content=\"2 minutes\" \/>\n<script type=\"application\/ld+json\" class=\"yoast-schema-graph\">{\"@context\":\"https:\\\/\\\/schema.org\",\"@graph\":[{\"@type\":\"Article\",\"@id\":\"https:\\\/\\\/buendiaestudios.com\\\/en\\\/2022\\\/03\\\/03\\\/la-segunda-temporada-de-el-internado-las-cumbres-producida-por-buendia-estudios-se-estrenara-el-1-de-abril\\\/#article\",\"isPartOf\":{\"@id\":\"https:\\\/\\\/buendiaestudios.com\\\/en\\\/2022\\\/03\\\/03\\\/la-segunda-temporada-de-el-internado-las-cumbres-producida-por-buendia-estudios-se-estrenara-el-1-de-abril\\\/\"},\"author\":{\"name\":\"marta\",\"@id\":\"https:\\\/\\\/buendiaestudios.com\\\/#\\\/schema\\\/person\\\/192bd02e2f753421ea259f0f385c594a\"},\"headline\":\"The second season of \u2018El Internado: Las Cumbres\u2019, produced by Buend\u00eda Estudios, will be released on April 1st.\",\"datePublished\":\"2022-03-03T12:30:00+00:00\",\"dateModified\":\"2022-03-10T17:06:41+00:00\",\"mainEntityOfPage\":{\"@id\":\"https:\\\/\\\/buendiaestudios.com\\\/en\\\/2022\\\/03\\\/03\\\/la-segunda-temporada-de-el-internado-las-cumbres-producida-por-buendia-estudios-se-estrenara-el-1-de-abril\\\/\"},\"wordCount\":439,\"publisher\":{\"@id\":\"https:\\\/\\\/buendiaestudios.com\\\/#organization\"},\"image\":{\"@id\":\"https:\\\/\\\/buendiaestudios.com\\\/en\\\/2022\\\/03\\\/03\\\/la-segunda-temporada-de-el-internado-las-cumbres-producida-por-buendia-estudios-se-estrenara-el-1-de-abril\\\/#primaryimage\"},\"thumbnailUrl\":\"https:\\\/\\\/buendiaestudios.com\\\/wp-content\\\/uploads\\\/2022\\\/03\\\/El-Internado-Buendia-Estudios.png\",\"inLanguage\":\"en-US\"},{\"@type\":\"WebPage\",\"@id\":\"https:\\\/\\\/buendiaestudios.com\\\/en\\\/2022\\\/03\\\/03\\\/la-segunda-temporada-de-el-internado-las-cumbres-producida-por-buendia-estudios-se-estrenara-el-1-de-abril\\\/\",\"url\":\"https:\\\/\\\/buendiaestudios.com\\\/en\\\/2022\\\/03\\\/03\\\/la-segunda-temporada-de-el-internado-las-cumbres-producida-por-buendia-estudios-se-estrenara-el-1-de-abril\\\/\",\"name\":\"The second season of \u2018El Internado: Las Cumbres\u2019, produced by Buend\u00eda Estudios, will be released on April 1st. - Buend\u00eda Estudios\",\"isPartOf\":{\"@id\":\"https:\\\/\\\/buendiaestudios.com\\\/#website\"},\"primaryImageOfPage\":{\"@id\":\"https:\\\/\\\/buendiaestudios.com\\\/en\\\/2022\\\/03\\\/03\\\/la-segunda-temporada-de-el-internado-las-cumbres-producida-por-buendia-estudios-se-estrenara-el-1-de-abril\\\/#primaryimage\"},\"image\":{\"@id\":\"https:\\\/\\\/buendiaestudios.com\\\/en\\\/2022\\\/03\\\/03\\\/la-segunda-temporada-de-el-internado-las-cumbres-producida-por-buendia-estudios-se-estrenara-el-1-de-abril\\\/#primaryimage\"},\"thumbnailUrl\":\"https:\\\/\\\/buendiaestudios.com\\\/wp-content\\\/uploads\\\/2022\\\/03\\\/El-Internado-Buendia-Estudios.png\",\"datePublished\":\"2022-03-03T12:30:00+00:00\",\"dateModified\":\"2022-03-10T17:06:41+00:00\",\"breadcrumb\":{\"@id\":\"https:\\\/\\\/buendiaestudios.com\\\/en\\\/2022\\\/03\\\/03\\\/la-segunda-temporada-de-el-internado-las-cumbres-producida-por-buendia-estudios-se-estrenara-el-1-de-abril\\\/#breadcrumb\"},\"inLanguage\":\"en-US\",\"potentialAction\":[{\"@type\":\"ReadAction\",\"target\":[\"https:\\\/\\\/buendiaestudios.com\\\/en\\\/2022\\\/03\\\/03\\\/la-segunda-temporada-de-el-internado-las-cumbres-producida-por-buendia-estudios-se-estrenara-el-1-de-abril\\\/\"]}]},{\"@type\":\"ImageObject\",\"inLanguage\":\"en-US\",\"@id\":\"https:\\\/\\\/buendiaestudios.com\\\/en\\\/2022\\\/03\\\/03\\\/la-segunda-temporada-de-el-internado-las-cumbres-producida-por-buendia-estudios-se-estrenara-el-1-de-abril\\\/#primaryimage\",\"url\":\"https:\\\/\\\/buendiaestudios.com\\\/wp-content\\\/uploads\\\/2022\\\/03\\\/El-Internado-Buendia-Estudios.png\",\"contentUrl\":\"https:\\\/\\\/buendiaestudios.com\\\/wp-content\\\/uploads\\\/2022\\\/03\\\/El-Internado-Buendia-Estudios.png\",\"width\":1080,\"height\":1080,\"caption\":\"El Internado Buendia Estudios\"},{\"@type\":\"BreadcrumbList\",\"@id\":\"https:\\\/\\\/buendiaestudios.com\\\/en\\\/2022\\\/03\\\/03\\\/la-segunda-temporada-de-el-internado-las-cumbres-producida-por-buendia-estudios-se-estrenara-el-1-de-abril\\\/#breadcrumb\",\"itemListElement\":[{\"@type\":\"ListItem\",\"position\":1,\"name\":\"Portada\",\"item\":\"https:\\\/\\\/buendiaestudios.com\\\/en\\\/\"},{\"@type\":\"ListItem\",\"position\":2,\"name\":\"The second season of \u2018El Internado: Las Cumbres\u2019, produced by Buend\u00eda Estudios, will be released on April 1st.\"}]},{\"@type\":\"WebSite\",\"@id\":\"https:\\\/\\\/buendiaestudios.com\\\/#website\",\"url\":\"https:\\\/\\\/buendiaestudios.com\\\/\",\"name\":\"Buend\u00eda Estudios\",\"description\":\"BUEND\u00cdA ESTUDIOS is an independent production company of audiovisual content created by ATRESMEDIA and TELEFONICA (through Movistar+), in a strategic alliance.\",\"publisher\":{\"@id\":\"https:\\\/\\\/buendiaestudios.com\\\/#organization\"},\"potentialAction\":[{\"@type\":\"SearchAction\",\"target\":{\"@type\":\"EntryPoint\",\"urlTemplate\":\"https:\\\/\\\/buendiaestudios.com\\\/?s={search_term_string}\"},\"query-input\":{\"@type\":\"PropertyValueSpecification\",\"valueRequired\":true,\"valueName\":\"search_term_string\"}}],\"inLanguage\":\"en-US\"},{\"@type\":\"Organization\",\"@id\":\"https:\\\/\\\/buendiaestudios.com\\\/#organization\",\"name\":\"Buend\u00eda Estudios\",\"url\":\"https:\\\/\\\/buendiaestudios.com\\\/\",\"logo\":{\"@type\":\"ImageObject\",\"inLanguage\":\"en-US\",\"@id\":\"https:\\\/\\\/buendiaestudios.com\\\/#\\\/schema\\\/logo\\\/image\\\/\",\"url\":\"https:\\\/\\\/buendiaestudios.com\\\/wp-content\\\/uploads\\\/2021\\\/02\\\/logo-buendia-estudios.jpg\",\"contentUrl\":\"https:\\\/\\\/buendiaestudios.com\\\/wp-content\\\/uploads\\\/2021\\\/02\\\/logo-buendia-estudios.jpg\",\"width\":988,\"height\":325,\"caption\":\"Buend\u00eda Estudios\"},\"image\":{\"@id\":\"https:\\\/\\\/buendiaestudios.com\\\/#\\\/schema\\\/logo\\\/image\\\/\"},\"sameAs\":[\"https:\\\/\\\/www.facebook.com\\\/buendiaestudios\",\"https:\\\/\\\/x.com\\\/BuendiaEstudios\",\"https:\\\/\\\/www.instagram.com\\\/buendiaestudios\\\/\",\"https:\\\/\\\/www.linkedin.com\\\/company\\\/buend\u00eda-estudios\\\/\"]},{\"@type\":\"Person\",\"@id\":\"https:\\\/\\\/buendiaestudios.com\\\/#\\\/schema\\\/person\\\/192bd02e2f753421ea259f0f385c594a\",\"name\":\"marta\",\"image\":{\"@type\":\"ImageObject\",\"inLanguage\":\"en-US\",\"@id\":\"https:\\\/\\\/secure.gravatar.com\\\/avatar\\\/fd1aad5206beed12165c47b25a60bc78225dd9bee5c531dbfed1e9cc445e712c?s=96&d=mm&r=g\",\"url\":\"https:\\\/\\\/secure.gravatar.com\\\/avatar\\\/fd1aad5206beed12165c47b25a60bc78225dd9bee5c531dbfed1e9cc445e712c?s=96&d=mm&r=g\",\"contentUrl\":\"https:\\\/\\\/secure.gravatar.com\\\/avatar\\\/fd1aad5206beed12165c47b25a60bc78225dd9bee5c531dbfed1e9cc445e712c?s=96&d=mm&r=g\",\"caption\":\"marta\"}}]}<\/script>\n<!-- \/ Yoast SEO plugin. -->","yoast_head_json":{"title":"The second season of \u2018El Internado: Las Cumbres\u2019, produced by Buend\u00eda Estudios, will be released on April 1st. - Buend\u00eda Estudios","robots":{"index":"index","follow":"follow","max-snippet":"max-snippet:-1","max-image-preview":"max-image-preview:large","max-video-preview":"max-video-preview:-1"},"canonical":"https:\/\/buendiaestudios.com\/en\/2022\/03\/03\/la-segunda-temporada-de-el-internado-las-cumbres-producida-por-buendia-estudios-se-estrenara-el-1-de-abril\/","og_locale":"en_US","og_type":"article","og_title":"The second season of \u2018El Internado: Las Cumbres\u2019, produced by Buend\u00eda Estudios, will be released on April 1st. - Buend\u00eda Estudios","og_description":"Prime Video will release next April 1st the second season of \u2018El Internado: Las Cumbres', with new mysteries and new characters.","og_url":"https:\/\/buendiaestudios.com\/en\/2022\/03\/03\/la-segunda-temporada-de-el-internado-las-cumbres-producida-por-buendia-estudios-se-estrenara-el-1-de-abril\/","og_site_name":"Buend\u00eda Estudios","article_publisher":"https:\/\/www.facebook.com\/buendiaestudios","article_published_time":"2022-03-03T12:30:00+00:00","article_modified_time":"2022-03-10T17:06:41+00:00","og_image":[{"width":1080,"height":1080,"url":"https:\/\/buendiaestudios.com\/media\/2022\/03\/El-Internado-Buendia-Estudios.png","type":"image\/png"}],"author":"marta","twitter_card":"summary_large_image","twitter_creator":"@BuendiaEstudios","twitter_site":"@BuendiaEstudios","twitter_misc":{"Written by":"marta","Est. reading time":"2 minutes"},"schema":{"@context":"https:\/\/schema.org","@graph":[{"@type":"Article","@id":"https:\/\/buendiaestudios.com\/en\/2022\/03\/03\/la-segunda-temporada-de-el-internado-las-cumbres-producida-por-buendia-estudios-se-estrenara-el-1-de-abril\/#article","isPartOf":{"@id":"https:\/\/buendiaestudios.com\/en\/2022\/03\/03\/la-segunda-temporada-de-el-internado-las-cumbres-producida-por-buendia-estudios-se-estrenara-el-1-de-abril\/"},"author":{"name":"marta","@id":"https:\/\/buendiaestudios.com\/#\/schema\/person\/192bd02e2f753421ea259f0f385c594a"},"headline":"The second season of \u2018El Internado: Las Cumbres\u2019, produced by Buend\u00eda Estudios, will be released on April 1st.","datePublished":"2022-03-03T12:30:00+00:00","dateModified":"2022-03-10T17:06:41+00:00","mainEntityOfPage":{"@id":"https:\/\/buendiaestudios.com\/en\/2022\/03\/03\/la-segunda-temporada-de-el-internado-las-cumbres-producida-por-buendia-estudios-se-estrenara-el-1-de-abril\/"},"wordCount":439,"publisher":{"@id":"https:\/\/buendiaestudios.com\/#organization"},"image":{"@id":"https:\/\/buendiaestudios.com\/en\/2022\/03\/03\/la-segunda-temporada-de-el-internado-las-cumbres-producida-por-buendia-estudios-se-estrenara-el-1-de-abril\/#primaryimage"},"thumbnailUrl":"https:\/\/buendiaestudios.com\/media\/2022\/03\/El-Internado-Buendia-Estudios.png","inLanguage":"en-US"},{"@type":"WebPage","@id":"https:\/\/buendiaestudios.com\/en\/2022\/03\/03\/la-segunda-temporada-de-el-internado-las-cumbres-producida-por-buendia-estudios-se-estrenara-el-1-de-abril\/","url":"https:\/\/buendiaestudios.com\/en\/2022\/03\/03\/la-segunda-temporada-de-el-internado-las-cumbres-producida-por-buendia-estudios-se-estrenara-el-1-de-abril\/","name":"The second season of \u2018El Internado: Las Cumbres\u2019, produced by Buend\u00eda Estudios, will be released on April 1st. - Buend\u00eda Estudios","isPartOf":{"@id":"https:\/\/buendiaestudios.com\/#website"},"primaryImageOfPage":{"@id":"https:\/\/buendiaestudios.com\/en\/2022\/03\/03\/la-segunda-temporada-de-el-internado-las-cumbres-producida-por-buendia-estudios-se-estrenara-el-1-de-abril\/#primaryimage"},"image":{"@id":"https:\/\/buendiaestudios.com\/en\/2022\/03\/03\/la-segunda-temporada-de-el-internado-las-cumbres-producida-por-buendia-estudios-se-estrenara-el-1-de-abril\/#primaryimage"},"thumbnailUrl":"https:\/\/buendiaestudios.com\/media\/2022\/03\/El-Internado-Buendia-Estudios.png","datePublished":"2022-03-03T12:30:00+00:00","dateModified":"2022-03-10T17:06:41+00:00","breadcrumb":{"@id":"https:\/\/buendiaestudios.com\/en\/2022\/03\/03\/la-segunda-temporada-de-el-internado-las-cumbres-producida-por-buendia-estudios-se-estrenara-el-1-de-abril\/#breadcrumb"},"inLanguage":"en-US","potentialAction":[{"@type":"ReadAction","target":["https:\/\/buendiaestudios.com\/en\/2022\/03\/03\/la-segunda-temporada-de-el-internado-las-cumbres-producida-por-buendia-estudios-se-estrenara-el-1-de-abril\/"]}]},{"@type":"ImageObject","inLanguage":"en-US","@id":"https:\/\/buendiaestudios.com\/en\/2022\/03\/03\/la-segunda-temporada-de-el-internado-las-cumbres-producida-por-buendia-estudios-se-estrenara-el-1-de-abril\/#primaryimage","url":"https:\/\/buendiaestudios.com\/media\/2022\/03\/El-Internado-Buendia-Estudios.png","contentUrl":"https:\/\/buendiaestudios.com\/media\/2022\/03\/El-Internado-Buendia-Estudios.png","width":1080,"height":1080,"caption":"El Internado Buendia Estudios"},{"@type":"BreadcrumbList","@id":"https:\/\/buendiaestudios.com\/en\/2022\/03\/03\/la-segunda-temporada-de-el-internado-las-cumbres-producida-por-buendia-estudios-se-estrenara-el-1-de-abril\/#breadcrumb","itemListElement":[{"@type":"ListItem","position":1,"name":"Portada","item":"https:\/\/buendiaestudios.com\/en\/"},{"@type":"ListItem","position":2,"name":"The second season of \u2018El Internado: Las Cumbres\u2019, produced by Buend\u00eda Estudios, will be released on April 1st."}]},{"@type":"WebSite","@id":"https:\/\/buendiaestudios.com\/#website","url":"https:\/\/buendiaestudios.com\/","name":"Buend\u00eda Estudios","description":"BUEND\u00cdA ESTUDIOS is an independent production company of audiovisual content created by ATRESMEDIA and TELEFONICA (through Movistar+), in a strategic alliance.","publisher":{"@id":"https:\/\/buendiaestudios.com\/#organization"},"potentialAction":[{"@type":"SearchAction","target":{"@type":"EntryPoint","urlTemplate":"https:\/\/buendiaestudios.com\/?s={search_term_string}"},"query-input":{"@type":"PropertyValueSpecification","valueRequired":true,"valueName":"search_term_string"}}],"inLanguage":"en-US"},{"@type":"Organization","@id":"https:\/\/buendiaestudios.com\/#organization","name":"Buend\u00eda Estudios","url":"https:\/\/buendiaestudios.com\/","logo":{"@type":"ImageObject","inLanguage":"en-US","@id":"https:\/\/buendiaestudios.com\/#\/schema\/logo\/image\/","url":"https:\/\/buendiaestudios.com\/media\/2021\/02\/logo-buendia-estudios.jpg","contentUrl":"https:\/\/buendiaestudios.com\/media\/2021\/02\/logo-buendia-estudios.jpg","width":988,"height":325,"caption":"Buend\u00eda Estudios"},"image":{"@id":"https:\/\/buendiaestudios.com\/#\/schema\/logo\/image\/"},"sameAs":["https:\/\/www.facebook.com\/buendiaestudios","https:\/\/x.com\/BuendiaEstudios","https:\/\/www.instagram.com\/buendiaestudios\/","https:\/\/www.linkedin.com\/company\/buend\u00eda-estudios\/"]},{"@type":"Person","@id":"https:\/\/buendiaestudios.com\/#\/schema\/person\/192bd02e2f753421ea259f0f385c594a","name":"marta","image":{"@type":"ImageObject","inLanguage":"en-US","@id":"https:\/\/secure.gravatar.com\/avatar\/fd1aad5206beed12165c47b25a60bc78225dd9bee5c531dbfed1e9cc445e712c?s=96&d=mm&r=g","url":"https:\/\/secure.gravatar.com\/avatar\/fd1aad5206beed12165c47b25a60bc78225dd9bee5c531dbfed1e9cc445e712c?s=96&d=mm&r=g","contentUrl":"https:\/\/secure.gravatar.com\/avatar\/fd1aad5206beed12165c47b25a60bc78225dd9bee5c531dbfed1e9cc445e712c?s=96&d=mm&r=g","caption":"marta"}}]}},"_links":{"self":[{"href":"https:\/\/buendiaestudios.com\/en\/wp-json\/wp\/v2\/posts\/2209","targetHints":{"allow":["GET"]}}],"collection":[{"href":"https:\/\/buendiaestudios.com\/en\/wp-json\/wp\/v2\/posts"}],"about":[{"href":"https:\/\/buendiaestudios.com\/en\/wp-json\/wp\/v2\/types\/post"}],"author":[{"embeddable":true,"href":"https:\/\/buendiaestudios.com\/en\/wp-json\/wp\/v2\/users\/7"}],"replies":[{"embeddable":true,"href":"https:\/\/buendiaestudios.com\/en\/wp-json\/wp\/v2\/comments?post=2209"}],"version-history":[{"count":2,"href":"https:\/\/buendiaestudios.com\/en\/wp-json\/wp\/v2\/posts\/2209\/revisions"}],"predecessor-version":[{"id":2219,"href":"https:\/\/buendiaestudios.com\/en\/wp-json\/wp\/v2\/posts\/2209\/revisions\/2219"}],"wp:featuredmedia":[{"embeddable":true,"href":"https:\/\/buendiaestudios.com\/en\/wp-json\/wp\/v2\/media\/2202"}],"wp:attachment":[{"href":"https:\/\/buendiaestudios.com\/en\/wp-json\/wp\/v2\/media?parent=2209"}],"wp:term":[{"taxonomy":"category","embeddable":true,"href":"https:\/\/buendiaestudios.com\/en\/wp-json\/wp\/v2\/categories?post=2209"},{"taxonomy":"post_tag","embeddable":true,"href":"https:\/\/buendiaestudios.com\/en\/wp-json\/wp\/v2\/tags?post=2209"}],"curies":[{"name":"wp","href":"https:\/\/api.w.org\/{rel}","templated":true}]}}