{"id":2171,"date":"2022-02-07T17:23:14","date_gmt":"2022-02-07T17:23:14","guid":{"rendered":"https:\/\/buendiaestudios.com\/2022\/02\/07\/primeras-imagenes-del-episodio-dirigido-por-raul-arevalo-de-apagon-la-serie-producida-por-buendia-estudios\/"},"modified":"2022-02-28T16:46:58","modified_gmt":"2022-02-28T16:46:58","slug":"primeras-imagenes-del-episodio-dirigido-por-raul-arevalo-de-apagon-la-serie-producida-por-buendia-estudios","status":"publish","type":"post","link":"https:\/\/buendiaestudios.com\/en\/2022\/02\/07\/primeras-imagenes-del-episodio-dirigido-por-raul-arevalo-de-apagon-la-serie-producida-por-buendia-estudios\/","title":{"rendered":"First pictures of the episode directed by Ra\u00fal Ar\u00e9valo of \u2018Apag\u00f3n\u2019, a series produced by Buend\u00eda Estudios"},"content":{"rendered":"\n<p><strong>\u2018Apag\u00f3n\u2019, the new original series by Movistar Plus+ produced by Buend\u00eda Estudios,<\/strong>\u00a0is filming these days what will be the second episode of the series, <strong>directed by Ra\u00fal Ar\u00e9valo\u00a0<\/strong>(\u2018Tarde para la ira\u2019).\u00a0<strong>The script is written by Alberto Marini\u00a0<\/strong>(\u2018El desconocido\u2019, \u2018Mientras duermes\u2019)<strong>\u00a0with Ra\u00fal Ar\u00e9valo and Fran Ara\u00fajo.<\/strong><\/p>\n\n\n\n<div class=\"wp-block-image\"><figure class=\"aligncenter size-large\"><img loading=\"lazy\" decoding=\"async\" width=\"1024\" height=\"681\" src=\"https:\/\/buendiaestudios.com\/media\/2022\/02\/APAGON-EPISODIO-RODAJE-RAUL-AREVALO20220203_1-scaled-1-1024x681.jpg\" alt=\"\" class=\"wp-image-2155\" srcset=\"https:\/\/buendiaestudios.com\/media\/2022\/02\/APAGON-EPISODIO-RODAJE-RAUL-AREVALO20220203_1-scaled-1-1024x681.jpg 1024w, https:\/\/buendiaestudios.com\/media\/2022\/02\/APAGON-EPISODIO-RODAJE-RAUL-AREVALO20220203_1-scaled-1-300x200.jpg 300w, https:\/\/buendiaestudios.com\/media\/2022\/02\/APAGON-EPISODIO-RODAJE-RAUL-AREVALO20220203_1-scaled-1-768x511.jpg 768w, https:\/\/buendiaestudios.com\/media\/2022\/02\/APAGON-EPISODIO-RODAJE-RAUL-AREVALO20220203_1-scaled-1-1536x1022.jpg 1536w, https:\/\/buendiaestudios.com\/media\/2022\/02\/APAGON-EPISODIO-RODAJE-RAUL-AREVALO20220203_1-scaled-1-scaled.jpg 2048w\" sizes=\"auto, (max-width: 1024px) 100vw, 1024px\" \/><\/figure><\/div>\n\n\n\n<p>The episode is starred by, among others, <strong>Ainhoa Santamar\u00eda<\/strong>\u00a0(\u2018\u00c9lite\u2019, \u2018Se\u00f1oras del HAMPA\u2019),\u00a0<strong>Melina Matthews<\/strong>\u00a0(\u2018La Peste\u2019, \u2018Sentimos las molestias\u2019),\u00a0<strong>Tom\u00e1s del Estal<\/strong>\u00a0(\u2018Antidisturbios\u2019, \u2018La Peste\u2019) and\u00a0<strong>Javier Tena<\/strong>\u00a0(\u2018Sin verg\u00fcenza\u2019), and it tells how, a few weeks after the blackout, the staff of a hospital must face a new reality. Without diagnostic capability due to lack of machinery and hardly any medicines to treat the patients, doctors do the unthinkable to continue saving as many lives as possible.<\/p>\n\n\n\n<div class=\"wp-block-image\"><figure class=\"aligncenter size-large\"><img loading=\"lazy\" decoding=\"async\" width=\"1024\" height=\"681\" src=\"https:\/\/buendiaestudios.com\/media\/2022\/02\/APAGON-EPISODIO-RODAJE-RAUL-AREVALO20220203_4-1-scaled-1-1024x681.jpg\" alt=\"\" class=\"wp-image-2157\" srcset=\"https:\/\/buendiaestudios.com\/media\/2022\/02\/APAGON-EPISODIO-RODAJE-RAUL-AREVALO20220203_4-1-scaled-1-1024x681.jpg 1024w, https:\/\/buendiaestudios.com\/media\/2022\/02\/APAGON-EPISODIO-RODAJE-RAUL-AREVALO20220203_4-1-scaled-1-300x200.jpg 300w, https:\/\/buendiaestudios.com\/media\/2022\/02\/APAGON-EPISODIO-RODAJE-RAUL-AREVALO20220203_4-1-scaled-1-768x511.jpg 768w, https:\/\/buendiaestudios.com\/media\/2022\/02\/APAGON-EPISODIO-RODAJE-RAUL-AREVALO20220203_4-1-scaled-1-1536x1022.jpg 1536w, https:\/\/buendiaestudios.com\/media\/2022\/02\/APAGON-EPISODIO-RODAJE-RAUL-AREVALO20220203_4-1-scaled-1-scaled.jpg 2048w\" sizes=\"auto, (max-width: 1024px) 100vw, 1024px\" \/><\/figure><\/div>\n\n\n\n<div class=\"wp-block-image\"><figure class=\"aligncenter size-large\"><img loading=\"lazy\" decoding=\"async\" width=\"1024\" height=\"681\" src=\"https:\/\/buendiaestudios.com\/media\/2022\/02\/APAGON-EPISODIO-RODAJE-RAUL-AREVALO20220203_4-scaled-1-1024x681.jpg\" alt=\"\" class=\"wp-image-2159\" srcset=\"https:\/\/buendiaestudios.com\/media\/2022\/02\/APAGON-EPISODIO-RODAJE-RAUL-AREVALO20220203_4-scaled-1-1024x681.jpg 1024w, https:\/\/buendiaestudios.com\/media\/2022\/02\/APAGON-EPISODIO-RODAJE-RAUL-AREVALO20220203_4-scaled-1-300x200.jpg 300w, https:\/\/buendiaestudios.com\/media\/2022\/02\/APAGON-EPISODIO-RODAJE-RAUL-AREVALO20220203_4-scaled-1-768x511.jpg 768w, https:\/\/buendiaestudios.com\/media\/2022\/02\/APAGON-EPISODIO-RODAJE-RAUL-AREVALO20220203_4-scaled-1-1536x1022.jpg 1536w, https:\/\/buendiaestudios.com\/media\/2022\/02\/APAGON-EPISODIO-RODAJE-RAUL-AREVALO20220203_4-scaled-1-scaled.jpg 2048w\" sizes=\"auto, (max-width: 1024px) 100vw, 1024px\" \/><\/figure><\/div>\n\n\n\n<p>The shooting of the episode, that started last January 21<sup>st<\/sup> in <strong>Madrid<\/strong>, will continue until February 10<sup>th<\/sup> in <strong>Ciudad<\/strong><strong> Real.<\/strong><\/p>\n\n\n\n<p><strong>The original series by Movistar Plus+ produced by Buend\u00eda Estudios will be released in 2022.<\/strong><\/p>\n","protected":false},"excerpt":{"rendered":"<p>A solar storm that causes a big blackout in the planet\u2019s energy and technology is the connection point of these five stories.<\/p>\n","protected":false},"author":7,"featured_media":2154,"comment_status":"closed","ping_status":"closed","sticky":false,"template":"","format":"standard","meta":{"_acf_changed":false,"footnotes":""},"categories":[18],"tags":[],"class_list":["post-2171","post","type-post","status-publish","format-standard","has-post-thumbnail","hentry","category-uncategorized"],"acf":[],"yoast_head":"<!-- This site is optimized with the Yoast SEO plugin v27.4 - https:\/\/yoast.com\/product\/yoast-seo-wordpress\/ -->\n<title>First pictures of the episode directed by Ra\u00fal Ar\u00e9valo of \u2018Apag\u00f3n\u2019, a series produced by Buend\u00eda Estudios - Buend\u00eda Estudios<\/title>\n<meta name=\"robots\" content=\"index, follow, max-snippet:-1, max-image-preview:large, max-video-preview:-1\" \/>\n<link rel=\"canonical\" href=\"https:\/\/buendiaestudios.com\/en\/2022\/02\/07\/primeras-imagenes-del-episodio-dirigido-por-raul-arevalo-de-apagon-la-serie-producida-por-buendia-estudios\/\" \/>\n<meta property=\"og:locale\" content=\"en_US\" \/>\n<meta property=\"og:type\" content=\"article\" \/>\n<meta property=\"og:title\" content=\"First pictures of the episode directed by Ra\u00fal Ar\u00e9valo of \u2018Apag\u00f3n\u2019, a series produced by Buend\u00eda Estudios - Buend\u00eda Estudios\" \/>\n<meta property=\"og:description\" content=\"A solar storm that causes a big blackout in the planet\u2019s energy and technology is the connection point of these five stories.\" \/>\n<meta property=\"og:url\" content=\"https:\/\/buendiaestudios.com\/en\/2022\/02\/07\/primeras-imagenes-del-episodio-dirigido-por-raul-arevalo-de-apagon-la-serie-producida-por-buendia-estudios\/\" \/>\n<meta property=\"og:site_name\" content=\"Buend\u00eda Estudios\" \/>\n<meta property=\"article:publisher\" content=\"https:\/\/www.facebook.com\/buendiaestudios\" \/>\n<meta property=\"article:published_time\" content=\"2022-02-07T17:23:14+00:00\" \/>\n<meta property=\"article:modified_time\" content=\"2022-02-28T16:46:58+00:00\" \/>\n<meta property=\"og:image\" content=\"https:\/\/buendiaestudios.com\/media\/2022\/02\/APAGON-EPISODIO-RODAJE-RAUL-AREVALO20220203_2-scaled-1-scaled.jpg\" \/>\n\t<meta property=\"og:image:width\" content=\"2048\" \/>\n\t<meta property=\"og:image:height\" content=\"1362\" \/>\n\t<meta property=\"og:image:type\" content=\"image\/jpeg\" \/>\n<meta name=\"author\" content=\"marta\" \/>\n<meta name=\"twitter:card\" content=\"summary_large_image\" \/>\n<meta name=\"twitter:creator\" content=\"@BuendiaEstudios\" \/>\n<meta name=\"twitter:site\" content=\"@BuendiaEstudios\" \/>\n<meta name=\"twitter:label1\" content=\"Written by\" \/>\n\t<meta name=\"twitter:data1\" content=\"marta\" \/>\n\t<meta name=\"twitter:label2\" content=\"Est. reading time\" \/>\n\t<meta name=\"twitter:data2\" content=\"2 minutes\" \/>\n<script type=\"application\/ld+json\" class=\"yoast-schema-graph\">{\"@context\":\"https:\\\/\\\/schema.org\",\"@graph\":[{\"@type\":\"Article\",\"@id\":\"https:\\\/\\\/buendiaestudios.com\\\/en\\\/2022\\\/02\\\/07\\\/primeras-imagenes-del-episodio-dirigido-por-raul-arevalo-de-apagon-la-serie-producida-por-buendia-estudios\\\/#article\",\"isPartOf\":{\"@id\":\"https:\\\/\\\/buendiaestudios.com\\\/en\\\/2022\\\/02\\\/07\\\/primeras-imagenes-del-episodio-dirigido-por-raul-arevalo-de-apagon-la-serie-producida-por-buendia-estudios\\\/\"},\"author\":{\"name\":\"marta\",\"@id\":\"https:\\\/\\\/buendiaestudios.com\\\/#\\\/schema\\\/person\\\/192bd02e2f753421ea259f0f385c594a\"},\"headline\":\"First pictures of the episode directed by Ra\u00fal Ar\u00e9valo of \u2018Apag\u00f3n\u2019, a series produced by Buend\u00eda Estudios\",\"datePublished\":\"2022-02-07T17:23:14+00:00\",\"dateModified\":\"2022-02-28T16:46:58+00:00\",\"mainEntityOfPage\":{\"@id\":\"https:\\\/\\\/buendiaestudios.com\\\/en\\\/2022\\\/02\\\/07\\\/primeras-imagenes-del-episodio-dirigido-por-raul-arevalo-de-apagon-la-serie-producida-por-buendia-estudios\\\/\"},\"wordCount\":196,\"publisher\":{\"@id\":\"https:\\\/\\\/buendiaestudios.com\\\/#organization\"},\"image\":{\"@id\":\"https:\\\/\\\/buendiaestudios.com\\\/en\\\/2022\\\/02\\\/07\\\/primeras-imagenes-del-episodio-dirigido-por-raul-arevalo-de-apagon-la-serie-producida-por-buendia-estudios\\\/#primaryimage\"},\"thumbnailUrl\":\"https:\\\/\\\/buendiaestudios.com\\\/wp-content\\\/uploads\\\/2022\\\/02\\\/APAGON-EPISODIO-RODAJE-RAUL-AREVALO20220203_2-scaled-1-scaled.jpg\",\"inLanguage\":\"en-US\"},{\"@type\":\"WebPage\",\"@id\":\"https:\\\/\\\/buendiaestudios.com\\\/en\\\/2022\\\/02\\\/07\\\/primeras-imagenes-del-episodio-dirigido-por-raul-arevalo-de-apagon-la-serie-producida-por-buendia-estudios\\\/\",\"url\":\"https:\\\/\\\/buendiaestudios.com\\\/en\\\/2022\\\/02\\\/07\\\/primeras-imagenes-del-episodio-dirigido-por-raul-arevalo-de-apagon-la-serie-producida-por-buendia-estudios\\\/\",\"name\":\"First pictures of the episode directed by Ra\u00fal Ar\u00e9valo of \u2018Apag\u00f3n\u2019, a series produced by Buend\u00eda Estudios - Buend\u00eda Estudios\",\"isPartOf\":{\"@id\":\"https:\\\/\\\/buendiaestudios.com\\\/#website\"},\"primaryImageOfPage\":{\"@id\":\"https:\\\/\\\/buendiaestudios.com\\\/en\\\/2022\\\/02\\\/07\\\/primeras-imagenes-del-episodio-dirigido-por-raul-arevalo-de-apagon-la-serie-producida-por-buendia-estudios\\\/#primaryimage\"},\"image\":{\"@id\":\"https:\\\/\\\/buendiaestudios.com\\\/en\\\/2022\\\/02\\\/07\\\/primeras-imagenes-del-episodio-dirigido-por-raul-arevalo-de-apagon-la-serie-producida-por-buendia-estudios\\\/#primaryimage\"},\"thumbnailUrl\":\"https:\\\/\\\/buendiaestudios.com\\\/wp-content\\\/uploads\\\/2022\\\/02\\\/APAGON-EPISODIO-RODAJE-RAUL-AREVALO20220203_2-scaled-1-scaled.jpg\",\"datePublished\":\"2022-02-07T17:23:14+00:00\",\"dateModified\":\"2022-02-28T16:46:58+00:00\",\"breadcrumb\":{\"@id\":\"https:\\\/\\\/buendiaestudios.com\\\/en\\\/2022\\\/02\\\/07\\\/primeras-imagenes-del-episodio-dirigido-por-raul-arevalo-de-apagon-la-serie-producida-por-buendia-estudios\\\/#breadcrumb\"},\"inLanguage\":\"en-US\",\"potentialAction\":[{\"@type\":\"ReadAction\",\"target\":[\"https:\\\/\\\/buendiaestudios.com\\\/en\\\/2022\\\/02\\\/07\\\/primeras-imagenes-del-episodio-dirigido-por-raul-arevalo-de-apagon-la-serie-producida-por-buendia-estudios\\\/\"]}]},{\"@type\":\"ImageObject\",\"inLanguage\":\"en-US\",\"@id\":\"https:\\\/\\\/buendiaestudios.com\\\/en\\\/2022\\\/02\\\/07\\\/primeras-imagenes-del-episodio-dirigido-por-raul-arevalo-de-apagon-la-serie-producida-por-buendia-estudios\\\/#primaryimage\",\"url\":\"https:\\\/\\\/buendiaestudios.com\\\/wp-content\\\/uploads\\\/2022\\\/02\\\/APAGON-EPISODIO-RODAJE-RAUL-AREVALO20220203_2-scaled-1-scaled.jpg\",\"contentUrl\":\"https:\\\/\\\/buendiaestudios.com\\\/wp-content\\\/uploads\\\/2022\\\/02\\\/APAGON-EPISODIO-RODAJE-RAUL-AREVALO20220203_2-scaled-1-scaled.jpg\",\"width\":2048,\"height\":1362,\"caption\":\"Apag\u00f3n\"},{\"@type\":\"BreadcrumbList\",\"@id\":\"https:\\\/\\\/buendiaestudios.com\\\/en\\\/2022\\\/02\\\/07\\\/primeras-imagenes-del-episodio-dirigido-por-raul-arevalo-de-apagon-la-serie-producida-por-buendia-estudios\\\/#breadcrumb\",\"itemListElement\":[{\"@type\":\"ListItem\",\"position\":1,\"name\":\"Portada\",\"item\":\"https:\\\/\\\/buendiaestudios.com\\\/en\\\/\"},{\"@type\":\"ListItem\",\"position\":2,\"name\":\"First pictures of the episode directed by Ra\u00fal Ar\u00e9valo of \u2018Apag\u00f3n\u2019, a series produced by Buend\u00eda Estudios\"}]},{\"@type\":\"WebSite\",\"@id\":\"https:\\\/\\\/buendiaestudios.com\\\/#website\",\"url\":\"https:\\\/\\\/buendiaestudios.com\\\/\",\"name\":\"Buend\u00eda Estudios\",\"description\":\"BUEND\u00cdA ESTUDIOS is an independent production company of audiovisual content created by ATRESMEDIA and TELEFONICA (through Movistar+), in a strategic alliance.\",\"publisher\":{\"@id\":\"https:\\\/\\\/buendiaestudios.com\\\/#organization\"},\"potentialAction\":[{\"@type\":\"SearchAction\",\"target\":{\"@type\":\"EntryPoint\",\"urlTemplate\":\"https:\\\/\\\/buendiaestudios.com\\\/?s={search_term_string}\"},\"query-input\":{\"@type\":\"PropertyValueSpecification\",\"valueRequired\":true,\"valueName\":\"search_term_string\"}}],\"inLanguage\":\"en-US\"},{\"@type\":\"Organization\",\"@id\":\"https:\\\/\\\/buendiaestudios.com\\\/#organization\",\"name\":\"Buend\u00eda Estudios\",\"url\":\"https:\\\/\\\/buendiaestudios.com\\\/\",\"logo\":{\"@type\":\"ImageObject\",\"inLanguage\":\"en-US\",\"@id\":\"https:\\\/\\\/buendiaestudios.com\\\/#\\\/schema\\\/logo\\\/image\\\/\",\"url\":\"https:\\\/\\\/buendiaestudios.com\\\/wp-content\\\/uploads\\\/2021\\\/02\\\/logo-buendia-estudios.jpg\",\"contentUrl\":\"https:\\\/\\\/buendiaestudios.com\\\/wp-content\\\/uploads\\\/2021\\\/02\\\/logo-buendia-estudios.jpg\",\"width\":988,\"height\":325,\"caption\":\"Buend\u00eda Estudios\"},\"image\":{\"@id\":\"https:\\\/\\\/buendiaestudios.com\\\/#\\\/schema\\\/logo\\\/image\\\/\"},\"sameAs\":[\"https:\\\/\\\/www.facebook.com\\\/buendiaestudios\",\"https:\\\/\\\/x.com\\\/BuendiaEstudios\",\"https:\\\/\\\/www.instagram.com\\\/buendiaestudios\\\/\",\"https:\\\/\\\/www.linkedin.com\\\/company\\\/buend\u00eda-estudios\\\/\"]},{\"@type\":\"Person\",\"@id\":\"https:\\\/\\\/buendiaestudios.com\\\/#\\\/schema\\\/person\\\/192bd02e2f753421ea259f0f385c594a\",\"name\":\"marta\",\"image\":{\"@type\":\"ImageObject\",\"inLanguage\":\"en-US\",\"@id\":\"https:\\\/\\\/secure.gravatar.com\\\/avatar\\\/fd1aad5206beed12165c47b25a60bc78225dd9bee5c531dbfed1e9cc445e712c?s=96&d=mm&r=g\",\"url\":\"https:\\\/\\\/secure.gravatar.com\\\/avatar\\\/fd1aad5206beed12165c47b25a60bc78225dd9bee5c531dbfed1e9cc445e712c?s=96&d=mm&r=g\",\"contentUrl\":\"https:\\\/\\\/secure.gravatar.com\\\/avatar\\\/fd1aad5206beed12165c47b25a60bc78225dd9bee5c531dbfed1e9cc445e712c?s=96&d=mm&r=g\",\"caption\":\"marta\"}}]}<\/script>\n<!-- \/ Yoast SEO plugin. -->","yoast_head_json":{"title":"First pictures of the episode directed by Ra\u00fal Ar\u00e9valo of \u2018Apag\u00f3n\u2019, a series produced by Buend\u00eda Estudios - Buend\u00eda Estudios","robots":{"index":"index","follow":"follow","max-snippet":"max-snippet:-1","max-image-preview":"max-image-preview:large","max-video-preview":"max-video-preview:-1"},"canonical":"https:\/\/buendiaestudios.com\/en\/2022\/02\/07\/primeras-imagenes-del-episodio-dirigido-por-raul-arevalo-de-apagon-la-serie-producida-por-buendia-estudios\/","og_locale":"en_US","og_type":"article","og_title":"First pictures of the episode directed by Ra\u00fal Ar\u00e9valo of \u2018Apag\u00f3n\u2019, a series produced by Buend\u00eda Estudios - Buend\u00eda Estudios","og_description":"A solar storm that causes a big blackout in the planet\u2019s energy and technology is the connection point of these five stories.","og_url":"https:\/\/buendiaestudios.com\/en\/2022\/02\/07\/primeras-imagenes-del-episodio-dirigido-por-raul-arevalo-de-apagon-la-serie-producida-por-buendia-estudios\/","og_site_name":"Buend\u00eda Estudios","article_publisher":"https:\/\/www.facebook.com\/buendiaestudios","article_published_time":"2022-02-07T17:23:14+00:00","article_modified_time":"2022-02-28T16:46:58+00:00","og_image":[{"width":2048,"height":1362,"url":"https:\/\/buendiaestudios.com\/media\/2022\/02\/APAGON-EPISODIO-RODAJE-RAUL-AREVALO20220203_2-scaled-1-scaled.jpg","type":"image\/jpeg"}],"author":"marta","twitter_card":"summary_large_image","twitter_creator":"@BuendiaEstudios","twitter_site":"@BuendiaEstudios","twitter_misc":{"Written by":"marta","Est. reading time":"2 minutes"},"schema":{"@context":"https:\/\/schema.org","@graph":[{"@type":"Article","@id":"https:\/\/buendiaestudios.com\/en\/2022\/02\/07\/primeras-imagenes-del-episodio-dirigido-por-raul-arevalo-de-apagon-la-serie-producida-por-buendia-estudios\/#article","isPartOf":{"@id":"https:\/\/buendiaestudios.com\/en\/2022\/02\/07\/primeras-imagenes-del-episodio-dirigido-por-raul-arevalo-de-apagon-la-serie-producida-por-buendia-estudios\/"},"author":{"name":"marta","@id":"https:\/\/buendiaestudios.com\/#\/schema\/person\/192bd02e2f753421ea259f0f385c594a"},"headline":"First pictures of the episode directed by Ra\u00fal Ar\u00e9valo of \u2018Apag\u00f3n\u2019, a series produced by Buend\u00eda Estudios","datePublished":"2022-02-07T17:23:14+00:00","dateModified":"2022-02-28T16:46:58+00:00","mainEntityOfPage":{"@id":"https:\/\/buendiaestudios.com\/en\/2022\/02\/07\/primeras-imagenes-del-episodio-dirigido-por-raul-arevalo-de-apagon-la-serie-producida-por-buendia-estudios\/"},"wordCount":196,"publisher":{"@id":"https:\/\/buendiaestudios.com\/#organization"},"image":{"@id":"https:\/\/buendiaestudios.com\/en\/2022\/02\/07\/primeras-imagenes-del-episodio-dirigido-por-raul-arevalo-de-apagon-la-serie-producida-por-buendia-estudios\/#primaryimage"},"thumbnailUrl":"https:\/\/buendiaestudios.com\/media\/2022\/02\/APAGON-EPISODIO-RODAJE-RAUL-AREVALO20220203_2-scaled-1-scaled.jpg","inLanguage":"en-US"},{"@type":"WebPage","@id":"https:\/\/buendiaestudios.com\/en\/2022\/02\/07\/primeras-imagenes-del-episodio-dirigido-por-raul-arevalo-de-apagon-la-serie-producida-por-buendia-estudios\/","url":"https:\/\/buendiaestudios.com\/en\/2022\/02\/07\/primeras-imagenes-del-episodio-dirigido-por-raul-arevalo-de-apagon-la-serie-producida-por-buendia-estudios\/","name":"First pictures of the episode directed by Ra\u00fal Ar\u00e9valo of \u2018Apag\u00f3n\u2019, a series produced by Buend\u00eda Estudios - Buend\u00eda Estudios","isPartOf":{"@id":"https:\/\/buendiaestudios.com\/#website"},"primaryImageOfPage":{"@id":"https:\/\/buendiaestudios.com\/en\/2022\/02\/07\/primeras-imagenes-del-episodio-dirigido-por-raul-arevalo-de-apagon-la-serie-producida-por-buendia-estudios\/#primaryimage"},"image":{"@id":"https:\/\/buendiaestudios.com\/en\/2022\/02\/07\/primeras-imagenes-del-episodio-dirigido-por-raul-arevalo-de-apagon-la-serie-producida-por-buendia-estudios\/#primaryimage"},"thumbnailUrl":"https:\/\/buendiaestudios.com\/media\/2022\/02\/APAGON-EPISODIO-RODAJE-RAUL-AREVALO20220203_2-scaled-1-scaled.jpg","datePublished":"2022-02-07T17:23:14+00:00","dateModified":"2022-02-28T16:46:58+00:00","breadcrumb":{"@id":"https:\/\/buendiaestudios.com\/en\/2022\/02\/07\/primeras-imagenes-del-episodio-dirigido-por-raul-arevalo-de-apagon-la-serie-producida-por-buendia-estudios\/#breadcrumb"},"inLanguage":"en-US","potentialAction":[{"@type":"ReadAction","target":["https:\/\/buendiaestudios.com\/en\/2022\/02\/07\/primeras-imagenes-del-episodio-dirigido-por-raul-arevalo-de-apagon-la-serie-producida-por-buendia-estudios\/"]}]},{"@type":"ImageObject","inLanguage":"en-US","@id":"https:\/\/buendiaestudios.com\/en\/2022\/02\/07\/primeras-imagenes-del-episodio-dirigido-por-raul-arevalo-de-apagon-la-serie-producida-por-buendia-estudios\/#primaryimage","url":"https:\/\/buendiaestudios.com\/media\/2022\/02\/APAGON-EPISODIO-RODAJE-RAUL-AREVALO20220203_2-scaled-1-scaled.jpg","contentUrl":"https:\/\/buendiaestudios.com\/media\/2022\/02\/APAGON-EPISODIO-RODAJE-RAUL-AREVALO20220203_2-scaled-1-scaled.jpg","width":2048,"height":1362,"caption":"Apag\u00f3n"},{"@type":"BreadcrumbList","@id":"https:\/\/buendiaestudios.com\/en\/2022\/02\/07\/primeras-imagenes-del-episodio-dirigido-por-raul-arevalo-de-apagon-la-serie-producida-por-buendia-estudios\/#breadcrumb","itemListElement":[{"@type":"ListItem","position":1,"name":"Portada","item":"https:\/\/buendiaestudios.com\/en\/"},{"@type":"ListItem","position":2,"name":"First pictures of the episode directed by Ra\u00fal Ar\u00e9valo of \u2018Apag\u00f3n\u2019, a series produced by Buend\u00eda Estudios"}]},{"@type":"WebSite","@id":"https:\/\/buendiaestudios.com\/#website","url":"https:\/\/buendiaestudios.com\/","name":"Buend\u00eda Estudios","description":"BUEND\u00cdA ESTUDIOS is an independent production company of audiovisual content created by ATRESMEDIA and TELEFONICA (through Movistar+), in a strategic alliance.","publisher":{"@id":"https:\/\/buendiaestudios.com\/#organization"},"potentialAction":[{"@type":"SearchAction","target":{"@type":"EntryPoint","urlTemplate":"https:\/\/buendiaestudios.com\/?s={search_term_string}"},"query-input":{"@type":"PropertyValueSpecification","valueRequired":true,"valueName":"search_term_string"}}],"inLanguage":"en-US"},{"@type":"Organization","@id":"https:\/\/buendiaestudios.com\/#organization","name":"Buend\u00eda Estudios","url":"https:\/\/buendiaestudios.com\/","logo":{"@type":"ImageObject","inLanguage":"en-US","@id":"https:\/\/buendiaestudios.com\/#\/schema\/logo\/image\/","url":"https:\/\/buendiaestudios.com\/media\/2021\/02\/logo-buendia-estudios.jpg","contentUrl":"https:\/\/buendiaestudios.com\/media\/2021\/02\/logo-buendia-estudios.jpg","width":988,"height":325,"caption":"Buend\u00eda Estudios"},"image":{"@id":"https:\/\/buendiaestudios.com\/#\/schema\/logo\/image\/"},"sameAs":["https:\/\/www.facebook.com\/buendiaestudios","https:\/\/x.com\/BuendiaEstudios","https:\/\/www.instagram.com\/buendiaestudios\/","https:\/\/www.linkedin.com\/company\/buend\u00eda-estudios\/"]},{"@type":"Person","@id":"https:\/\/buendiaestudios.com\/#\/schema\/person\/192bd02e2f753421ea259f0f385c594a","name":"marta","image":{"@type":"ImageObject","inLanguage":"en-US","@id":"https:\/\/secure.gravatar.com\/avatar\/fd1aad5206beed12165c47b25a60bc78225dd9bee5c531dbfed1e9cc445e712c?s=96&d=mm&r=g","url":"https:\/\/secure.gravatar.com\/avatar\/fd1aad5206beed12165c47b25a60bc78225dd9bee5c531dbfed1e9cc445e712c?s=96&d=mm&r=g","contentUrl":"https:\/\/secure.gravatar.com\/avatar\/fd1aad5206beed12165c47b25a60bc78225dd9bee5c531dbfed1e9cc445e712c?s=96&d=mm&r=g","caption":"marta"}}]}},"_links":{"self":[{"href":"https:\/\/buendiaestudios.com\/en\/wp-json\/wp\/v2\/posts\/2171","targetHints":{"allow":["GET"]}}],"collection":[{"href":"https:\/\/buendiaestudios.com\/en\/wp-json\/wp\/v2\/posts"}],"about":[{"href":"https:\/\/buendiaestudios.com\/en\/wp-json\/wp\/v2\/types\/post"}],"author":[{"embeddable":true,"href":"https:\/\/buendiaestudios.com\/en\/wp-json\/wp\/v2\/users\/7"}],"replies":[{"embeddable":true,"href":"https:\/\/buendiaestudios.com\/en\/wp-json\/wp\/v2\/comments?post=2171"}],"version-history":[{"count":1,"href":"https:\/\/buendiaestudios.com\/en\/wp-json\/wp\/v2\/posts\/2171\/revisions"}],"predecessor-version":[{"id":2180,"href":"https:\/\/buendiaestudios.com\/en\/wp-json\/wp\/v2\/posts\/2171\/revisions\/2180"}],"wp:featuredmedia":[{"embeddable":true,"href":"https:\/\/buendiaestudios.com\/en\/wp-json\/wp\/v2\/media\/2154"}],"wp:attachment":[{"href":"https:\/\/buendiaestudios.com\/en\/wp-json\/wp\/v2\/media?parent=2171"}],"wp:term":[{"taxonomy":"category","embeddable":true,"href":"https:\/\/buendiaestudios.com\/en\/wp-json\/wp\/v2\/categories?post=2171"},{"taxonomy":"post_tag","embeddable":true,"href":"https:\/\/buendiaestudios.com\/en\/wp-json\/wp\/v2\/tags?post=2171"}],"curies":[{"name":"wp","href":"https:\/\/api.w.org\/{rel}","templated":true}]}}