{"id":2114,"date":"2022-01-17T16:45:27","date_gmt":"2022-01-17T16:45:27","guid":{"rendered":"https:\/\/buendiaestudios.com\/2022\/01\/17\/la-unidad-t2-estreno-marzo-movistar\/"},"modified":"2022-01-19T15:18:56","modified_gmt":"2022-01-19T15:18:56","slug":"la-unidad-t2-estreno-marzo-movistar","status":"publish","type":"post","link":"https:\/\/buendiaestudios.com\/en\/2022\/01\/17\/la-unidad-t2-estreno-marzo-movistar\/","title":{"rendered":"\u2018La Unidad\u2019 Season 2, produced by Buend\u00eda Estudios will premiere March 2022"},"content":{"rendered":"\n<p><strong>The second season of &#8216;La Unidad&#8217; will premiere in March on demand exclusively on Movistar Plus+.<\/strong><strong><\/strong><\/p>\n\n\n\n<p>&#8216;La Unidad&#8217; is a fast-paced thriller that, in its second season, will maintain the ambitious level of production of the first season going a step further in the history of these anonymous heroes who make up a team of the National Police specialized in the fight against jihadist terrorism. And now, <strong>the target of the terrorists will be the Unit itself and its members<\/strong>.<\/p>\n\n\n\n<p>As in the first installment, this second season is created by <strong>Dani de la Torre<\/strong> (&#8216;La sombra de la ley\u2019, \u2018El desconocido\u2019), also director of the series, and by <strong>Alberto Marini <\/strong>(&#8216;Apag\u00f3n&#8217;, original series Movistar Plus+, &#8216;Tu hijo&#8217;, and &#8216;El desconocido&#8217;), head of a team of writers composed of <strong>Am\u00e8lia Mora, Alfred P\u00e9rez-Farga and Roger Dan\u00e8s<\/strong>.<\/p>\n\n\n\n<p>About this second season <strong>Dani de la Torre<\/strong> points out: &#8220;<em>There is a fundamental difference in this season unlike the previous one, and that is in the motivation of the characters. If in Season1 our policemen went out of their way professionally to catch the terrorists and the terrorists tried to enforce their purposes strategically. Not now, the motivation is no longer &#8216;professional&#8217;, it is no longer worth getting there sooner, the goal is not to do damage on a large scale. The motivation is one of the most primal instincts that surrounds human beings through &#8216;love&#8217;. And it is that love for family, for their loved ones that discovers and activates fear and revenge within each of our characters, policemen and jihadists and will bring something out of each of them never seen before.&#8221;<\/em><\/p>\n\n\n\n<p><strong>Alberto Marini<\/strong> declares: &#8220;<em>Imagine a surgeon forced to carry out, in desperate conditions, a life-and-death operation on his own child or on himself. Imagine it in real life, not in a super doctors movie. Imagine how emotions can complicate an already demanding, hard and dramatic job. This is what happens to the protagonists and the antagonist of the new season of La Unidad, where, from the truth, dedication and professionalism intermingle inexorably with the most intimate affections and feelings, where fear for your life or that of your loved ones, paralyzes you, prevents you from thinking coldly, but, at the same time, it provides you with unknown motivations and forces.&#8221;<\/em><\/p>\n\n\n\n<p>Starring female characters in a position of responsibility and leadership, La Unidad continues to be led by commissioner Carla Torres, played by <strong>Nathalie Poza<\/strong> (Goya Best Supporting Actress in 2021 for &#8216;La boda de Rosa&#8217; and Best Leading Actress in 2018 for &#8216;No s\u00e9 decir adi\u00f3s&#8217;) and <strong>Marian \u00c1lvarez<\/strong> (Goya for Best Leading Actress in 2013 for &#8216;La herida&#8217;) as agent Miriam.\u00a0<strong>Michel Noher<\/strong> is Marcos, Carla&#8217;s ex-partner, father of her daughter and head of La Unidad;\u00a0<strong>Luis Zahera<\/strong> (Goya for Best Supporting Actor in 2019 for &#8220;El Reino&#8221;), is Sergio, the head of operations. The Spanish actress of Persian origin <strong>Fariba Sheikhan<\/strong> is agent Najwa;\u00a0<strong>Ra\u00fal Fern\u00e1ndez de Pablo<\/strong> is Roberto and<strong> Carlos Blanco<\/strong> is Ram\u00f3n. The series also has the special collaboration of <strong>Fele Mart\u00ednez<\/strong> as Sanabria.<\/p>\n\n\n\n<p>All of them, as members of La Unidad, will pay a heavy price by becoming a direct target of the terrorists. The daughter of the couple formed by Carla and Marcos, L\u00faa, played by the young actress Alba Bersab\u00e9, will be one of the great protagonists of this second season.<\/p>\n\n\n\n<p>Along with Frances Orella and Pepo Oliva, in this new season Fran Cantos (\u00c1lvaro) and Aroa Rodr\u00edguez (Kala) join the cast, as well as an important cast of international actors of more than six different nationalities, among them Moussa Echarif, Amina Leony, Mekki Kadiri, Bouzan Hadawi, Kaabil Sekali, Farah Hammed, Am\u00edn Hamada, Inti El Meskine, Hamid Krim, Mourad Ouani, Mekki Kadiri, Omar Bentaleb and Said El Mouden.<\/p>\n\n\n\n<p><strong><span class=\"has-inline-color has-luminous-vivid-orange-color\">SYNOPSIS<\/span><\/strong><\/p>\n\n\n\n<p>The members of La Unidad face an unprecedented situation when an operation makes them a target of terrorists, while also trying to find out if there is a mole in the team led by Carla.<\/p>\n","protected":false},"excerpt":{"rendered":"<p>In this second season the members of La Unidad will face a radical change of roles: now the target is them.<\/p>\n","protected":false},"author":7,"featured_media":2106,"comment_status":"closed","ping_status":"closed","sticky":false,"template":"","format":"standard","meta":{"_acf_changed":false,"footnotes":""},"categories":[18],"tags":[],"class_list":["post-2114","post","type-post","status-publish","format-standard","has-post-thumbnail","hentry","category-uncategorized"],"acf":[],"yoast_head":"<!-- This site is optimized with the Yoast SEO plugin v27.4 - https:\/\/yoast.com\/product\/yoast-seo-wordpress\/ -->\n<title>\u2018La Unidad\u2019 Season 2, produced by Buend\u00eda Estudios will premiere March 2022 - Buend\u00eda Estudios<\/title>\n<meta name=\"robots\" content=\"index, follow, max-snippet:-1, max-image-preview:large, max-video-preview:-1\" \/>\n<link rel=\"canonical\" href=\"https:\/\/buendiaestudios.com\/en\/2022\/01\/17\/la-unidad-t2-estreno-marzo-movistar\/\" \/>\n<meta property=\"og:locale\" content=\"en_US\" \/>\n<meta property=\"og:type\" content=\"article\" \/>\n<meta property=\"og:title\" content=\"\u2018La Unidad\u2019 Season 2, produced by Buend\u00eda Estudios will premiere March 2022 - Buend\u00eda Estudios\" \/>\n<meta property=\"og:description\" content=\"In this second season the members of La Unidad will face a radical change of roles: now the target is them.\" \/>\n<meta property=\"og:url\" content=\"https:\/\/buendiaestudios.com\/en\/2022\/01\/17\/la-unidad-t2-estreno-marzo-movistar\/\" \/>\n<meta property=\"og:site_name\" content=\"Buend\u00eda Estudios\" \/>\n<meta property=\"article:publisher\" content=\"https:\/\/www.facebook.com\/buendiaestudios\" \/>\n<meta property=\"article:published_time\" content=\"2022-01-17T16:45:27+00:00\" \/>\n<meta property=\"article:modified_time\" content=\"2022-01-19T15:18:56+00:00\" \/>\n<meta property=\"og:image\" content=\"https:\/\/buendiaestudios.com\/media\/2022\/01\/La-Unidad-T2-estreno.png\" \/>\n\t<meta property=\"og:image:width\" content=\"1080\" \/>\n\t<meta property=\"og:image:height\" content=\"1080\" \/>\n\t<meta property=\"og:image:type\" content=\"image\/png\" \/>\n<meta name=\"author\" content=\"marta\" \/>\n<meta name=\"twitter:card\" content=\"summary_large_image\" \/>\n<meta name=\"twitter:creator\" content=\"@BuendiaEstudios\" \/>\n<meta name=\"twitter:site\" content=\"@BuendiaEstudios\" \/>\n<meta name=\"twitter:label1\" content=\"Written by\" \/>\n\t<meta name=\"twitter:data1\" content=\"marta\" \/>\n\t<meta name=\"twitter:label2\" content=\"Est. reading time\" \/>\n\t<meta name=\"twitter:data2\" content=\"3 minutes\" \/>\n<script type=\"application\/ld+json\" class=\"yoast-schema-graph\">{\"@context\":\"https:\\\/\\\/schema.org\",\"@graph\":[{\"@type\":\"Article\",\"@id\":\"https:\\\/\\\/buendiaestudios.com\\\/en\\\/2022\\\/01\\\/17\\\/la-unidad-t2-estreno-marzo-movistar\\\/#article\",\"isPartOf\":{\"@id\":\"https:\\\/\\\/buendiaestudios.com\\\/en\\\/2022\\\/01\\\/17\\\/la-unidad-t2-estreno-marzo-movistar\\\/\"},\"author\":{\"name\":\"marta\",\"@id\":\"https:\\\/\\\/buendiaestudios.com\\\/#\\\/schema\\\/person\\\/192bd02e2f753421ea259f0f385c594a\"},\"headline\":\"\u2018La Unidad\u2019 Season 2, produced by Buend\u00eda Estudios will premiere March 2022\",\"datePublished\":\"2022-01-17T16:45:27+00:00\",\"dateModified\":\"2022-01-19T15:18:56+00:00\",\"mainEntityOfPage\":{\"@id\":\"https:\\\/\\\/buendiaestudios.com\\\/en\\\/2022\\\/01\\\/17\\\/la-unidad-t2-estreno-marzo-movistar\\\/\"},\"wordCount\":683,\"publisher\":{\"@id\":\"https:\\\/\\\/buendiaestudios.com\\\/#organization\"},\"image\":{\"@id\":\"https:\\\/\\\/buendiaestudios.com\\\/en\\\/2022\\\/01\\\/17\\\/la-unidad-t2-estreno-marzo-movistar\\\/#primaryimage\"},\"thumbnailUrl\":\"https:\\\/\\\/buendiaestudios.com\\\/wp-content\\\/uploads\\\/2022\\\/01\\\/La-Unidad-T2-estreno.png\",\"inLanguage\":\"en-US\"},{\"@type\":\"WebPage\",\"@id\":\"https:\\\/\\\/buendiaestudios.com\\\/en\\\/2022\\\/01\\\/17\\\/la-unidad-t2-estreno-marzo-movistar\\\/\",\"url\":\"https:\\\/\\\/buendiaestudios.com\\\/en\\\/2022\\\/01\\\/17\\\/la-unidad-t2-estreno-marzo-movistar\\\/\",\"name\":\"\u2018La Unidad\u2019 Season 2, produced by Buend\u00eda Estudios will premiere March 2022 - Buend\u00eda Estudios\",\"isPartOf\":{\"@id\":\"https:\\\/\\\/buendiaestudios.com\\\/#website\"},\"primaryImageOfPage\":{\"@id\":\"https:\\\/\\\/buendiaestudios.com\\\/en\\\/2022\\\/01\\\/17\\\/la-unidad-t2-estreno-marzo-movistar\\\/#primaryimage\"},\"image\":{\"@id\":\"https:\\\/\\\/buendiaestudios.com\\\/en\\\/2022\\\/01\\\/17\\\/la-unidad-t2-estreno-marzo-movistar\\\/#primaryimage\"},\"thumbnailUrl\":\"https:\\\/\\\/buendiaestudios.com\\\/wp-content\\\/uploads\\\/2022\\\/01\\\/La-Unidad-T2-estreno.png\",\"datePublished\":\"2022-01-17T16:45:27+00:00\",\"dateModified\":\"2022-01-19T15:18:56+00:00\",\"breadcrumb\":{\"@id\":\"https:\\\/\\\/buendiaestudios.com\\\/en\\\/2022\\\/01\\\/17\\\/la-unidad-t2-estreno-marzo-movistar\\\/#breadcrumb\"},\"inLanguage\":\"en-US\",\"potentialAction\":[{\"@type\":\"ReadAction\",\"target\":[\"https:\\\/\\\/buendiaestudios.com\\\/en\\\/2022\\\/01\\\/17\\\/la-unidad-t2-estreno-marzo-movistar\\\/\"]}]},{\"@type\":\"ImageObject\",\"inLanguage\":\"en-US\",\"@id\":\"https:\\\/\\\/buendiaestudios.com\\\/en\\\/2022\\\/01\\\/17\\\/la-unidad-t2-estreno-marzo-movistar\\\/#primaryimage\",\"url\":\"https:\\\/\\\/buendiaestudios.com\\\/wp-content\\\/uploads\\\/2022\\\/01\\\/La-Unidad-T2-estreno.png\",\"contentUrl\":\"https:\\\/\\\/buendiaestudios.com\\\/wp-content\\\/uploads\\\/2022\\\/01\\\/La-Unidad-T2-estreno.png\",\"width\":1080,\"height\":1080,\"caption\":\"La Unidad T2 estreno\"},{\"@type\":\"BreadcrumbList\",\"@id\":\"https:\\\/\\\/buendiaestudios.com\\\/en\\\/2022\\\/01\\\/17\\\/la-unidad-t2-estreno-marzo-movistar\\\/#breadcrumb\",\"itemListElement\":[{\"@type\":\"ListItem\",\"position\":1,\"name\":\"Portada\",\"item\":\"https:\\\/\\\/buendiaestudios.com\\\/en\\\/\"},{\"@type\":\"ListItem\",\"position\":2,\"name\":\"\u2018La Unidad\u2019 Season 2, produced by Buend\u00eda Estudios will premiere March 2022\"}]},{\"@type\":\"WebSite\",\"@id\":\"https:\\\/\\\/buendiaestudios.com\\\/#website\",\"url\":\"https:\\\/\\\/buendiaestudios.com\\\/\",\"name\":\"Buend\u00eda Estudios\",\"description\":\"BUEND\u00cdA ESTUDIOS is an independent production company of audiovisual content created by ATRESMEDIA and TELEFONICA (through Movistar+), in a strategic alliance.\",\"publisher\":{\"@id\":\"https:\\\/\\\/buendiaestudios.com\\\/#organization\"},\"potentialAction\":[{\"@type\":\"SearchAction\",\"target\":{\"@type\":\"EntryPoint\",\"urlTemplate\":\"https:\\\/\\\/buendiaestudios.com\\\/?s={search_term_string}\"},\"query-input\":{\"@type\":\"PropertyValueSpecification\",\"valueRequired\":true,\"valueName\":\"search_term_string\"}}],\"inLanguage\":\"en-US\"},{\"@type\":\"Organization\",\"@id\":\"https:\\\/\\\/buendiaestudios.com\\\/#organization\",\"name\":\"Buend\u00eda Estudios\",\"url\":\"https:\\\/\\\/buendiaestudios.com\\\/\",\"logo\":{\"@type\":\"ImageObject\",\"inLanguage\":\"en-US\",\"@id\":\"https:\\\/\\\/buendiaestudios.com\\\/#\\\/schema\\\/logo\\\/image\\\/\",\"url\":\"https:\\\/\\\/buendiaestudios.com\\\/wp-content\\\/uploads\\\/2021\\\/02\\\/logo-buendia-estudios.jpg\",\"contentUrl\":\"https:\\\/\\\/buendiaestudios.com\\\/wp-content\\\/uploads\\\/2021\\\/02\\\/logo-buendia-estudios.jpg\",\"width\":988,\"height\":325,\"caption\":\"Buend\u00eda Estudios\"},\"image\":{\"@id\":\"https:\\\/\\\/buendiaestudios.com\\\/#\\\/schema\\\/logo\\\/image\\\/\"},\"sameAs\":[\"https:\\\/\\\/www.facebook.com\\\/buendiaestudios\",\"https:\\\/\\\/x.com\\\/BuendiaEstudios\",\"https:\\\/\\\/www.instagram.com\\\/buendiaestudios\\\/\",\"https:\\\/\\\/www.linkedin.com\\\/company\\\/buend\u00eda-estudios\\\/\"]},{\"@type\":\"Person\",\"@id\":\"https:\\\/\\\/buendiaestudios.com\\\/#\\\/schema\\\/person\\\/192bd02e2f753421ea259f0f385c594a\",\"name\":\"marta\",\"image\":{\"@type\":\"ImageObject\",\"inLanguage\":\"en-US\",\"@id\":\"https:\\\/\\\/secure.gravatar.com\\\/avatar\\\/fd1aad5206beed12165c47b25a60bc78225dd9bee5c531dbfed1e9cc445e712c?s=96&d=mm&r=g\",\"url\":\"https:\\\/\\\/secure.gravatar.com\\\/avatar\\\/fd1aad5206beed12165c47b25a60bc78225dd9bee5c531dbfed1e9cc445e712c?s=96&d=mm&r=g\",\"contentUrl\":\"https:\\\/\\\/secure.gravatar.com\\\/avatar\\\/fd1aad5206beed12165c47b25a60bc78225dd9bee5c531dbfed1e9cc445e712c?s=96&d=mm&r=g\",\"caption\":\"marta\"}}]}<\/script>\n<!-- \/ Yoast SEO plugin. -->","yoast_head_json":{"title":"\u2018La Unidad\u2019 Season 2, produced by Buend\u00eda Estudios will premiere March 2022 - Buend\u00eda Estudios","robots":{"index":"index","follow":"follow","max-snippet":"max-snippet:-1","max-image-preview":"max-image-preview:large","max-video-preview":"max-video-preview:-1"},"canonical":"https:\/\/buendiaestudios.com\/en\/2022\/01\/17\/la-unidad-t2-estreno-marzo-movistar\/","og_locale":"en_US","og_type":"article","og_title":"\u2018La Unidad\u2019 Season 2, produced by Buend\u00eda Estudios will premiere March 2022 - Buend\u00eda Estudios","og_description":"In this second season the members of La Unidad will face a radical change of roles: now the target is them.","og_url":"https:\/\/buendiaestudios.com\/en\/2022\/01\/17\/la-unidad-t2-estreno-marzo-movistar\/","og_site_name":"Buend\u00eda Estudios","article_publisher":"https:\/\/www.facebook.com\/buendiaestudios","article_published_time":"2022-01-17T16:45:27+00:00","article_modified_time":"2022-01-19T15:18:56+00:00","og_image":[{"width":1080,"height":1080,"url":"https:\/\/buendiaestudios.com\/media\/2022\/01\/La-Unidad-T2-estreno.png","type":"image\/png"}],"author":"marta","twitter_card":"summary_large_image","twitter_creator":"@BuendiaEstudios","twitter_site":"@BuendiaEstudios","twitter_misc":{"Written by":"marta","Est. reading time":"3 minutes"},"schema":{"@context":"https:\/\/schema.org","@graph":[{"@type":"Article","@id":"https:\/\/buendiaestudios.com\/en\/2022\/01\/17\/la-unidad-t2-estreno-marzo-movistar\/#article","isPartOf":{"@id":"https:\/\/buendiaestudios.com\/en\/2022\/01\/17\/la-unidad-t2-estreno-marzo-movistar\/"},"author":{"name":"marta","@id":"https:\/\/buendiaestudios.com\/#\/schema\/person\/192bd02e2f753421ea259f0f385c594a"},"headline":"\u2018La Unidad\u2019 Season 2, produced by Buend\u00eda Estudios will premiere March 2022","datePublished":"2022-01-17T16:45:27+00:00","dateModified":"2022-01-19T15:18:56+00:00","mainEntityOfPage":{"@id":"https:\/\/buendiaestudios.com\/en\/2022\/01\/17\/la-unidad-t2-estreno-marzo-movistar\/"},"wordCount":683,"publisher":{"@id":"https:\/\/buendiaestudios.com\/#organization"},"image":{"@id":"https:\/\/buendiaestudios.com\/en\/2022\/01\/17\/la-unidad-t2-estreno-marzo-movistar\/#primaryimage"},"thumbnailUrl":"https:\/\/buendiaestudios.com\/media\/2022\/01\/La-Unidad-T2-estreno.png","inLanguage":"en-US"},{"@type":"WebPage","@id":"https:\/\/buendiaestudios.com\/en\/2022\/01\/17\/la-unidad-t2-estreno-marzo-movistar\/","url":"https:\/\/buendiaestudios.com\/en\/2022\/01\/17\/la-unidad-t2-estreno-marzo-movistar\/","name":"\u2018La Unidad\u2019 Season 2, produced by Buend\u00eda Estudios will premiere March 2022 - Buend\u00eda Estudios","isPartOf":{"@id":"https:\/\/buendiaestudios.com\/#website"},"primaryImageOfPage":{"@id":"https:\/\/buendiaestudios.com\/en\/2022\/01\/17\/la-unidad-t2-estreno-marzo-movistar\/#primaryimage"},"image":{"@id":"https:\/\/buendiaestudios.com\/en\/2022\/01\/17\/la-unidad-t2-estreno-marzo-movistar\/#primaryimage"},"thumbnailUrl":"https:\/\/buendiaestudios.com\/media\/2022\/01\/La-Unidad-T2-estreno.png","datePublished":"2022-01-17T16:45:27+00:00","dateModified":"2022-01-19T15:18:56+00:00","breadcrumb":{"@id":"https:\/\/buendiaestudios.com\/en\/2022\/01\/17\/la-unidad-t2-estreno-marzo-movistar\/#breadcrumb"},"inLanguage":"en-US","potentialAction":[{"@type":"ReadAction","target":["https:\/\/buendiaestudios.com\/en\/2022\/01\/17\/la-unidad-t2-estreno-marzo-movistar\/"]}]},{"@type":"ImageObject","inLanguage":"en-US","@id":"https:\/\/buendiaestudios.com\/en\/2022\/01\/17\/la-unidad-t2-estreno-marzo-movistar\/#primaryimage","url":"https:\/\/buendiaestudios.com\/media\/2022\/01\/La-Unidad-T2-estreno.png","contentUrl":"https:\/\/buendiaestudios.com\/media\/2022\/01\/La-Unidad-T2-estreno.png","width":1080,"height":1080,"caption":"La Unidad T2 estreno"},{"@type":"BreadcrumbList","@id":"https:\/\/buendiaestudios.com\/en\/2022\/01\/17\/la-unidad-t2-estreno-marzo-movistar\/#breadcrumb","itemListElement":[{"@type":"ListItem","position":1,"name":"Portada","item":"https:\/\/buendiaestudios.com\/en\/"},{"@type":"ListItem","position":2,"name":"\u2018La Unidad\u2019 Season 2, produced by Buend\u00eda Estudios will premiere March 2022"}]},{"@type":"WebSite","@id":"https:\/\/buendiaestudios.com\/#website","url":"https:\/\/buendiaestudios.com\/","name":"Buend\u00eda Estudios","description":"BUEND\u00cdA ESTUDIOS is an independent production company of audiovisual content created by ATRESMEDIA and TELEFONICA (through Movistar+), in a strategic alliance.","publisher":{"@id":"https:\/\/buendiaestudios.com\/#organization"},"potentialAction":[{"@type":"SearchAction","target":{"@type":"EntryPoint","urlTemplate":"https:\/\/buendiaestudios.com\/?s={search_term_string}"},"query-input":{"@type":"PropertyValueSpecification","valueRequired":true,"valueName":"search_term_string"}}],"inLanguage":"en-US"},{"@type":"Organization","@id":"https:\/\/buendiaestudios.com\/#organization","name":"Buend\u00eda Estudios","url":"https:\/\/buendiaestudios.com\/","logo":{"@type":"ImageObject","inLanguage":"en-US","@id":"https:\/\/buendiaestudios.com\/#\/schema\/logo\/image\/","url":"https:\/\/buendiaestudios.com\/media\/2021\/02\/logo-buendia-estudios.jpg","contentUrl":"https:\/\/buendiaestudios.com\/media\/2021\/02\/logo-buendia-estudios.jpg","width":988,"height":325,"caption":"Buend\u00eda Estudios"},"image":{"@id":"https:\/\/buendiaestudios.com\/#\/schema\/logo\/image\/"},"sameAs":["https:\/\/www.facebook.com\/buendiaestudios","https:\/\/x.com\/BuendiaEstudios","https:\/\/www.instagram.com\/buendiaestudios\/","https:\/\/www.linkedin.com\/company\/buend\u00eda-estudios\/"]},{"@type":"Person","@id":"https:\/\/buendiaestudios.com\/#\/schema\/person\/192bd02e2f753421ea259f0f385c594a","name":"marta","image":{"@type":"ImageObject","inLanguage":"en-US","@id":"https:\/\/secure.gravatar.com\/avatar\/fd1aad5206beed12165c47b25a60bc78225dd9bee5c531dbfed1e9cc445e712c?s=96&d=mm&r=g","url":"https:\/\/secure.gravatar.com\/avatar\/fd1aad5206beed12165c47b25a60bc78225dd9bee5c531dbfed1e9cc445e712c?s=96&d=mm&r=g","contentUrl":"https:\/\/secure.gravatar.com\/avatar\/fd1aad5206beed12165c47b25a60bc78225dd9bee5c531dbfed1e9cc445e712c?s=96&d=mm&r=g","caption":"marta"}}]}},"_links":{"self":[{"href":"https:\/\/buendiaestudios.com\/en\/wp-json\/wp\/v2\/posts\/2114","targetHints":{"allow":["GET"]}}],"collection":[{"href":"https:\/\/buendiaestudios.com\/en\/wp-json\/wp\/v2\/posts"}],"about":[{"href":"https:\/\/buendiaestudios.com\/en\/wp-json\/wp\/v2\/types\/post"}],"author":[{"embeddable":true,"href":"https:\/\/buendiaestudios.com\/en\/wp-json\/wp\/v2\/users\/7"}],"replies":[{"embeddable":true,"href":"https:\/\/buendiaestudios.com\/en\/wp-json\/wp\/v2\/comments?post=2114"}],"version-history":[{"count":1,"href":"https:\/\/buendiaestudios.com\/en\/wp-json\/wp\/v2\/posts\/2114\/revisions"}],"predecessor-version":[{"id":2118,"href":"https:\/\/buendiaestudios.com\/en\/wp-json\/wp\/v2\/posts\/2114\/revisions\/2118"}],"wp:featuredmedia":[{"embeddable":true,"href":"https:\/\/buendiaestudios.com\/en\/wp-json\/wp\/v2\/media\/2106"}],"wp:attachment":[{"href":"https:\/\/buendiaestudios.com\/en\/wp-json\/wp\/v2\/media?parent=2114"}],"wp:term":[{"taxonomy":"category","embeddable":true,"href":"https:\/\/buendiaestudios.com\/en\/wp-json\/wp\/v2\/categories?post=2114"},{"taxonomy":"post_tag","embeddable":true,"href":"https:\/\/buendiaestudios.com\/en\/wp-json\/wp\/v2\/tags?post=2114"}],"curies":[{"name":"wp","href":"https:\/\/api.w.org\/{rel}","templated":true}]}}