{"id":1991,"date":"2021-12-13T22:00:00","date_gmt":"2021-12-13T22:00:00","guid":{"rendered":"https:\/\/buendiaestudios.com\/2021\/12\/13\/buendia-estudios-las-noches-de-tefia-ana-camilo-superstar\/"},"modified":"2022-01-13T16:22:01","modified_gmt":"2022-01-13T16:22:01","slug":"buendia-estudios-las-noches-de-tefia-ana-camilo-superstar","status":"publish","type":"post","link":"https:\/\/buendiaestudios.com\/en\/2021\/12\/13\/buendia-estudios-las-noches-de-tefia-ana-camilo-superstar\/","title":{"rendered":"Buend\u00eda Estudios produce &#8216;Las Noches de Tef\u00eda&#8217;, de Miguel del Arco, &#8216;Ana &#038;&#8217;, de \u00c1lvaro Carmona, y &#8216;Camilo Superstar&#8217;"},"content":{"rendered":"\n<p>Hoy se han anunciado las novedades de <strong>ATRESPlayer<\/strong> PREMIUM para 2022 entre las que destacan<strong> cinco producciones de Buend\u00eda Estudios<\/strong>: tres nuevos proyectos de ficci\u00f3n &#8211; &#8216;<strong>Las Noches de Tef\u00eda<\/strong>&#8216;, &#8216;<strong>Ana &amp;<\/strong>&#8216; y &#8216;<strong>Camilo Supestar<\/strong>&#8216; &#8211; que, junto a la renovaci\u00f3n de la serie &#8216;<strong>Los Protegidos: El Regreso<\/strong>&#8216; y del talent show &#8216;<strong>Drag Race Espa\u00f1a<\/strong>&#8216; consolidan el ambicioso nivel de actividad de la productora para la plataforma de Atresmedia el pr\u00f3ximo a\u00f1o.<\/p>\n\n\n\n<p><strong><span class=\"has-inline-color has-luminous-vivid-orange-color\">Miguel del Arco y \u00c1lvaro Carmona, el prestigio de dos grandes creadores<\/span><\/strong><\/p>\n\n\n\n<div class=\"wp-block-image\"><figure class=\"aligncenter size-large\"><img loading=\"lazy\" decoding=\"async\" width=\"1024\" height=\"734\" src=\"https:\/\/buendiaestudios.com\/media\/2021\/12\/Miguel-de-Arco-1024x734.jpg\" alt=\"\" class=\"wp-image-1978\" srcset=\"https:\/\/buendiaestudios.com\/media\/2021\/12\/Miguel-de-Arco-1024x734.jpg 1024w, https:\/\/buendiaestudios.com\/media\/2021\/12\/Miguel-de-Arco-300x215.jpg 300w, https:\/\/buendiaestudios.com\/media\/2021\/12\/Miguel-de-Arco-768x551.jpg 768w, https:\/\/buendiaestudios.com\/media\/2021\/12\/Miguel-de-Arco-1536x1101.jpg 1536w, https:\/\/buendiaestudios.com\/media\/2021\/12\/Miguel-de-Arco.jpg 1600w\" sizes=\"auto, (max-width: 1024px) 100vw, 1024px\" \/><\/figure><\/div>\n\n\n\n<p><strong>&#8216;Las Noches de Tef\u00eda&#8217; es la primera serie de televisi\u00f3n creada por Miguel del Arco<\/strong>. Dramaturgo, guionista, director de escena y actor, Del Arco es una de las voces m\u00e1s influyentes del panorama teatral de nuestro pa\u00eds.<\/p>\n\n\n\n<p>Entre 1954 y 1966 existi\u00f3, en un paraje des\u00e9rtico de Fuerteventura, <strong>un campo de concentraci\u00f3n franquista <\/strong>conocido con el<strong> <\/strong>eufem\u00edstico nombre de <strong>Colonia Agr\u00edcola Penitenciaria de Tef\u00eda<\/strong>, donde el r\u00e9gimen enviaba a los condenados por la ley de vagos y maleantes que, a partir del 54, fue implementada para incluir tambi\u00e9n a los homosexuales.<\/p>\n\n\n\n<p>Airam Betancor rememora en el 2004 los terribles dieciocho meses que estuvo preso en la colonia cuando apenas contaba 17 a\u00f1os condenado por este motivo. Tambi\u00e9n recuerda c\u00f3mo uno de sus compa\u00f1eros de barrac\u00f3n contaba historias por la noche para aliviar los sufrimientos del d\u00eda. En esas narraciones nocturnas surge<strong> El Tindaya<\/strong>, un cabaret imaginado donde cada uno de los presos tiene un alter ego. Un espacio de libertad en el que todo es posible.<\/p>\n\n\n\n<p>\u2018Las Noches de Tef\u00eda\u2019 es una serie que desaf\u00eda las etiquetas en la que se entremezclan <strong>el drama, la comedia y lo musical<\/strong>. Contar\u00e1 con 6 episodios de 50 minutos.<\/p>\n\n\n\n<div class=\"wp-block-image\"><figure class=\"aligncenter size-large\"><img loading=\"lazy\" decoding=\"async\" width=\"1024\" height=\"683\" src=\"https:\/\/buendiaestudios.com\/media\/2021\/12\/Alvaro-Carmona-1024x683.jpg\" alt=\"\" class=\"wp-image-1980\" srcset=\"https:\/\/buendiaestudios.com\/media\/2021\/12\/Alvaro-Carmona-1024x683.jpg 1024w, https:\/\/buendiaestudios.com\/media\/2021\/12\/Alvaro-Carmona-300x200.jpg 300w, https:\/\/buendiaestudios.com\/media\/2021\/12\/Alvaro-Carmona-768x512.jpg 768w, https:\/\/buendiaestudios.com\/media\/2021\/12\/Alvaro-Carmona.jpg 1300w\" sizes=\"auto, (max-width: 1024px) 100vw, 1024px\" \/><\/figure><\/div>\n\n\n\n<p><strong>&#8216;Ana &amp;&#8217;. es la nueva propuesta de ficci\u00f3n de \u00c1lvaro Carmona<\/strong>, director, guionista, c\u00f3mico, m\u00fasico y artista multidisciplinar creador de la aclamada serie Gente hablando.<\/p>\n\n\n\n<p>Ana, la ayudante de uno de los artistas m\u00e1s famosos del planeta,<strong> ha comenzado a desaparecer<\/strong>. Si no quiere acabar volvi\u00e9ndose totalmente invisible, tendr\u00e1 que cambiar de vida y dejar atr\u00e1s a la persona en la que se ha convertido.<\/p>\n\n\n\n<p><\/p>\n\n\n\n<p><strong><span class=\"has-inline-color has-luminous-vivid-orange-color\">&#8216;Camilo Superstar&#8217;: el retrato de un icono de la m\u00fasica en el momento clave de su carrera<\/span><\/strong><\/p>\n\n\n\n<p>A mediados de los a\u00f1os 70, una joven estrella de la m\u00fasica pone en pausa su mete\u00f3rica carrera para producir y protagonizar en Espa\u00f1a un musical que ve en Londres. La joven estrella era <strong>Camilo Sesto <\/strong>y el musical, \u2018<strong>Jesucristo Superstar\u2019<\/strong>. Su aventura cambi\u00f3 para siempre la historia de los espect\u00e1culos en directo en nuestro pa\u00eds.<\/p>\n\n\n\n<p>Camilo Superstar es un proyecto de cuatro episodios de 50 minutos que cuenta por primera vez con el apoyo de la familia del artista, con guion de Marta Betoldi y Tatiana Rodr\u00edguez.<\/p>\n\n\n\n<hr class=\"wp-block-separator\"\/>\n\n\n\n<p>Tras el \u00e9xito de &#8216;<strong>Drag Race Espa\u00f1a<\/strong>&#8216; y el regreso de &#8216;<strong>Los Protegidos<\/strong>&#8216;, Buend\u00eda Estudios vuelve a firmar la producci\u00f3n de ambos formatos<\/p>\n\n\n\n<p>&#8216;<strong>Drag Race Espa\u00f1a<\/strong>&#8216; revolucion\u00f3 hace unos meses el panorama de los talent shows en nuestro pa\u00eds, siendo valorado por la audiencia internacional en IMDB como la mejor adaptaci\u00f3n del original Ru Paul\u2019s Drag Race a nivel mundial. Liderado por <strong>Supremme de Luxe<\/strong>, el jurado volver\u00e1 a estar formado por la dise\u00f1adora y Premio Nacional <strong>Ana Locking<\/strong> y los creadores <strong>Javier Calvo<\/strong> y <strong>Javier Ambrossi<\/strong>.<\/p>\n\n\n\n<p>La tambi\u00e9n buena acogida de los fans de &#8216;<strong>Los Protegidos: El Regreso<\/strong>&#8216; se ha visto recompensada con la renovaci\u00f3n del formato por una segunda temporada que <strong>empezar\u00e1 a rodarse en 2022<\/strong>. La serie est\u00e1 coproducida por Buend\u00eda Estudios y Boomerang TV con la producci\u00f3n ejecutiva de Montse Garc\u00eda, Curro Novallas, Jorge Redondo y Teddy Villalba y guion de Carlos Garc\u00eda Miranda.<\/p>\n","protected":false},"excerpt":{"rendered":"<p>La productora es responsable tambi\u00e9n de las segundas temporadas de &#8216;Los Protegidos: El Regreso&#8217; y de &#8216;Drag Race Espa\u00f1a&#8217;.<\/p>\n","protected":false},"author":7,"featured_media":1976,"comment_status":"closed","ping_status":"closed","sticky":false,"template":"","format":"standard","meta":{"_acf_changed":false,"footnotes":""},"categories":[18],"tags":[],"class_list":["post-1991","post","type-post","status-publish","format-standard","has-post-thumbnail","hentry","category-uncategorized"],"acf":[],"yoast_head":"<!-- This site is optimized with the Yoast SEO plugin v27.4 - https:\/\/yoast.com\/product\/yoast-seo-wordpress\/ -->\n<title>Buend\u00eda Estudios produce &#039;Las Noches de Tef\u00eda&#039;, de Miguel del Arco, &#039;Ana &amp;&#039;, de \u00c1lvaro Carmona, y &#039;Camilo Superstar&#039; - Buend\u00eda Estudios<\/title>\n<meta name=\"robots\" content=\"index, follow, max-snippet:-1, max-image-preview:large, max-video-preview:-1\" \/>\n<link rel=\"canonical\" href=\"https:\/\/buendiaestudios.com\/en\/2021\/12\/13\/buendia-estudios-las-noches-de-tefia-ana-camilo-superstar\/\" \/>\n<meta property=\"og:locale\" content=\"en_US\" \/>\n<meta property=\"og:type\" content=\"article\" \/>\n<meta property=\"og:title\" content=\"Buend\u00eda Estudios produce &#039;Las Noches de Tef\u00eda&#039;, de Miguel del Arco, &#039;Ana &amp;&#039;, de \u00c1lvaro Carmona, y &#039;Camilo Superstar&#039; - Buend\u00eda Estudios\" \/>\n<meta property=\"og:description\" content=\"La productora es responsable tambi\u00e9n de las segundas temporadas de &#039;Los Protegidos: El Regreso&#039; y de &#039;Drag Race Espa\u00f1a&#039;.\" \/>\n<meta property=\"og:url\" content=\"https:\/\/buendiaestudios.com\/en\/2021\/12\/13\/buendia-estudios-las-noches-de-tefia-ana-camilo-superstar\/\" \/>\n<meta property=\"og:site_name\" content=\"Buend\u00eda Estudios\" \/>\n<meta property=\"article:publisher\" content=\"https:\/\/www.facebook.com\/buendiaestudios\" \/>\n<meta property=\"article:published_time\" content=\"2021-12-13T22:00:00+00:00\" \/>\n<meta property=\"article:modified_time\" content=\"2022-01-13T16:22:01+00:00\" \/>\n<meta property=\"og:image\" content=\"https:\/\/buendiaestudios.com\/media\/2021\/12\/Producciones-Buendia-Estudios.jpg\" \/>\n\t<meta property=\"og:image:width\" content=\"1000\" \/>\n\t<meta property=\"og:image:height\" content=\"1000\" \/>\n\t<meta property=\"og:image:type\" content=\"image\/jpeg\" \/>\n<meta name=\"author\" content=\"marta\" \/>\n<meta name=\"twitter:card\" content=\"summary_large_image\" \/>\n<meta name=\"twitter:creator\" content=\"@BuendiaEstudios\" \/>\n<meta name=\"twitter:site\" content=\"@BuendiaEstudios\" \/>\n<meta name=\"twitter:label1\" content=\"Written by\" \/>\n\t<meta name=\"twitter:data1\" content=\"marta\" \/>\n\t<meta name=\"twitter:label2\" content=\"Est. reading time\" \/>\n\t<meta name=\"twitter:data2\" content=\"4 minutes\" \/>\n<script type=\"application\/ld+json\" class=\"yoast-schema-graph\">{\"@context\":\"https:\\\/\\\/schema.org\",\"@graph\":[{\"@type\":\"Article\",\"@id\":\"https:\\\/\\\/buendiaestudios.com\\\/en\\\/2021\\\/12\\\/13\\\/buendia-estudios-las-noches-de-tefia-ana-camilo-superstar\\\/#article\",\"isPartOf\":{\"@id\":\"https:\\\/\\\/buendiaestudios.com\\\/en\\\/2021\\\/12\\\/13\\\/buendia-estudios-las-noches-de-tefia-ana-camilo-superstar\\\/\"},\"author\":{\"name\":\"marta\",\"@id\":\"https:\\\/\\\/buendiaestudios.com\\\/#\\\/schema\\\/person\\\/192bd02e2f753421ea259f0f385c594a\"},\"headline\":\"Buend\u00eda Estudios produce &#8216;Las Noches de Tef\u00eda&#8217;, de Miguel del Arco, &#8216;Ana &#038;&#8217;, de \u00c1lvaro Carmona, y &#8216;Camilo Superstar&#8217;\",\"datePublished\":\"2021-12-13T22:00:00+00:00\",\"dateModified\":\"2022-01-13T16:22:01+00:00\",\"mainEntityOfPage\":{\"@id\":\"https:\\\/\\\/buendiaestudios.com\\\/en\\\/2021\\\/12\\\/13\\\/buendia-estudios-las-noches-de-tefia-ana-camilo-superstar\\\/\"},\"wordCount\":661,\"publisher\":{\"@id\":\"https:\\\/\\\/buendiaestudios.com\\\/#organization\"},\"image\":{\"@id\":\"https:\\\/\\\/buendiaestudios.com\\\/en\\\/2021\\\/12\\\/13\\\/buendia-estudios-las-noches-de-tefia-ana-camilo-superstar\\\/#primaryimage\"},\"thumbnailUrl\":\"https:\\\/\\\/buendiaestudios.com\\\/wp-content\\\/uploads\\\/2021\\\/12\\\/Producciones-Buendia-Estudios.jpg\",\"inLanguage\":\"en-US\"},{\"@type\":\"WebPage\",\"@id\":\"https:\\\/\\\/buendiaestudios.com\\\/en\\\/2021\\\/12\\\/13\\\/buendia-estudios-las-noches-de-tefia-ana-camilo-superstar\\\/\",\"url\":\"https:\\\/\\\/buendiaestudios.com\\\/en\\\/2021\\\/12\\\/13\\\/buendia-estudios-las-noches-de-tefia-ana-camilo-superstar\\\/\",\"name\":\"Buend\u00eda Estudios produce 'Las Noches de Tef\u00eda', de Miguel del Arco, 'Ana &', de \u00c1lvaro Carmona, y 'Camilo Superstar' - Buend\u00eda Estudios\",\"isPartOf\":{\"@id\":\"https:\\\/\\\/buendiaestudios.com\\\/#website\"},\"primaryImageOfPage\":{\"@id\":\"https:\\\/\\\/buendiaestudios.com\\\/en\\\/2021\\\/12\\\/13\\\/buendia-estudios-las-noches-de-tefia-ana-camilo-superstar\\\/#primaryimage\"},\"image\":{\"@id\":\"https:\\\/\\\/buendiaestudios.com\\\/en\\\/2021\\\/12\\\/13\\\/buendia-estudios-las-noches-de-tefia-ana-camilo-superstar\\\/#primaryimage\"},\"thumbnailUrl\":\"https:\\\/\\\/buendiaestudios.com\\\/wp-content\\\/uploads\\\/2021\\\/12\\\/Producciones-Buendia-Estudios.jpg\",\"datePublished\":\"2021-12-13T22:00:00+00:00\",\"dateModified\":\"2022-01-13T16:22:01+00:00\",\"breadcrumb\":{\"@id\":\"https:\\\/\\\/buendiaestudios.com\\\/en\\\/2021\\\/12\\\/13\\\/buendia-estudios-las-noches-de-tefia-ana-camilo-superstar\\\/#breadcrumb\"},\"inLanguage\":\"en-US\",\"potentialAction\":[{\"@type\":\"ReadAction\",\"target\":[\"https:\\\/\\\/buendiaestudios.com\\\/en\\\/2021\\\/12\\\/13\\\/buendia-estudios-las-noches-de-tefia-ana-camilo-superstar\\\/\"]}]},{\"@type\":\"ImageObject\",\"inLanguage\":\"en-US\",\"@id\":\"https:\\\/\\\/buendiaestudios.com\\\/en\\\/2021\\\/12\\\/13\\\/buendia-estudios-las-noches-de-tefia-ana-camilo-superstar\\\/#primaryimage\",\"url\":\"https:\\\/\\\/buendiaestudios.com\\\/wp-content\\\/uploads\\\/2021\\\/12\\\/Producciones-Buendia-Estudios.jpg\",\"contentUrl\":\"https:\\\/\\\/buendiaestudios.com\\\/wp-content\\\/uploads\\\/2021\\\/12\\\/Producciones-Buendia-Estudios.jpg\",\"width\":1000,\"height\":1000,\"caption\":\"Producciones Buend\u00eda Estudios\"},{\"@type\":\"BreadcrumbList\",\"@id\":\"https:\\\/\\\/buendiaestudios.com\\\/en\\\/2021\\\/12\\\/13\\\/buendia-estudios-las-noches-de-tefia-ana-camilo-superstar\\\/#breadcrumb\",\"itemListElement\":[{\"@type\":\"ListItem\",\"position\":1,\"name\":\"Portada\",\"item\":\"https:\\\/\\\/buendiaestudios.com\\\/en\\\/\"},{\"@type\":\"ListItem\",\"position\":2,\"name\":\"Buend\u00eda Estudios produce &#8216;Las Noches de Tef\u00eda&#8217;, de Miguel del Arco, &#8216;Ana &#038;&#8217;, de \u00c1lvaro Carmona, y &#8216;Camilo Superstar&#8217;\"}]},{\"@type\":\"WebSite\",\"@id\":\"https:\\\/\\\/buendiaestudios.com\\\/#website\",\"url\":\"https:\\\/\\\/buendiaestudios.com\\\/\",\"name\":\"Buend\u00eda Estudios\",\"description\":\"BUEND\u00cdA ESTUDIOS is an independent production company of audiovisual content created by ATRESMEDIA and TELEFONICA (through Movistar+), in a strategic alliance.\",\"publisher\":{\"@id\":\"https:\\\/\\\/buendiaestudios.com\\\/#organization\"},\"potentialAction\":[{\"@type\":\"SearchAction\",\"target\":{\"@type\":\"EntryPoint\",\"urlTemplate\":\"https:\\\/\\\/buendiaestudios.com\\\/?s={search_term_string}\"},\"query-input\":{\"@type\":\"PropertyValueSpecification\",\"valueRequired\":true,\"valueName\":\"search_term_string\"}}],\"inLanguage\":\"en-US\"},{\"@type\":\"Organization\",\"@id\":\"https:\\\/\\\/buendiaestudios.com\\\/#organization\",\"name\":\"Buend\u00eda Estudios\",\"url\":\"https:\\\/\\\/buendiaestudios.com\\\/\",\"logo\":{\"@type\":\"ImageObject\",\"inLanguage\":\"en-US\",\"@id\":\"https:\\\/\\\/buendiaestudios.com\\\/#\\\/schema\\\/logo\\\/image\\\/\",\"url\":\"https:\\\/\\\/buendiaestudios.com\\\/wp-content\\\/uploads\\\/2021\\\/02\\\/logo-buendia-estudios.jpg\",\"contentUrl\":\"https:\\\/\\\/buendiaestudios.com\\\/wp-content\\\/uploads\\\/2021\\\/02\\\/logo-buendia-estudios.jpg\",\"width\":988,\"height\":325,\"caption\":\"Buend\u00eda Estudios\"},\"image\":{\"@id\":\"https:\\\/\\\/buendiaestudios.com\\\/#\\\/schema\\\/logo\\\/image\\\/\"},\"sameAs\":[\"https:\\\/\\\/www.facebook.com\\\/buendiaestudios\",\"https:\\\/\\\/x.com\\\/BuendiaEstudios\",\"https:\\\/\\\/www.instagram.com\\\/buendiaestudios\\\/\",\"https:\\\/\\\/www.linkedin.com\\\/company\\\/buend\u00eda-estudios\\\/\"]},{\"@type\":\"Person\",\"@id\":\"https:\\\/\\\/buendiaestudios.com\\\/#\\\/schema\\\/person\\\/192bd02e2f753421ea259f0f385c594a\",\"name\":\"marta\",\"image\":{\"@type\":\"ImageObject\",\"inLanguage\":\"en-US\",\"@id\":\"https:\\\/\\\/secure.gravatar.com\\\/avatar\\\/fd1aad5206beed12165c47b25a60bc78225dd9bee5c531dbfed1e9cc445e712c?s=96&d=mm&r=g\",\"url\":\"https:\\\/\\\/secure.gravatar.com\\\/avatar\\\/fd1aad5206beed12165c47b25a60bc78225dd9bee5c531dbfed1e9cc445e712c?s=96&d=mm&r=g\",\"contentUrl\":\"https:\\\/\\\/secure.gravatar.com\\\/avatar\\\/fd1aad5206beed12165c47b25a60bc78225dd9bee5c531dbfed1e9cc445e712c?s=96&d=mm&r=g\",\"caption\":\"marta\"}}]}<\/script>\n<!-- \/ Yoast SEO plugin. -->","yoast_head_json":{"title":"Buend\u00eda Estudios produce 'Las Noches de Tef\u00eda', de Miguel del Arco, 'Ana &', de \u00c1lvaro Carmona, y 'Camilo Superstar' - Buend\u00eda Estudios","robots":{"index":"index","follow":"follow","max-snippet":"max-snippet:-1","max-image-preview":"max-image-preview:large","max-video-preview":"max-video-preview:-1"},"canonical":"https:\/\/buendiaestudios.com\/en\/2021\/12\/13\/buendia-estudios-las-noches-de-tefia-ana-camilo-superstar\/","og_locale":"en_US","og_type":"article","og_title":"Buend\u00eda Estudios produce 'Las Noches de Tef\u00eda', de Miguel del Arco, 'Ana &', de \u00c1lvaro Carmona, y 'Camilo Superstar' - Buend\u00eda Estudios","og_description":"La productora es responsable tambi\u00e9n de las segundas temporadas de 'Los Protegidos: El Regreso' y de 'Drag Race Espa\u00f1a'.","og_url":"https:\/\/buendiaestudios.com\/en\/2021\/12\/13\/buendia-estudios-las-noches-de-tefia-ana-camilo-superstar\/","og_site_name":"Buend\u00eda Estudios","article_publisher":"https:\/\/www.facebook.com\/buendiaestudios","article_published_time":"2021-12-13T22:00:00+00:00","article_modified_time":"2022-01-13T16:22:01+00:00","og_image":[{"width":1000,"height":1000,"url":"https:\/\/buendiaestudios.com\/media\/2021\/12\/Producciones-Buendia-Estudios.jpg","type":"image\/jpeg"}],"author":"marta","twitter_card":"summary_large_image","twitter_creator":"@BuendiaEstudios","twitter_site":"@BuendiaEstudios","twitter_misc":{"Written by":"marta","Est. reading time":"4 minutes"},"schema":{"@context":"https:\/\/schema.org","@graph":[{"@type":"Article","@id":"https:\/\/buendiaestudios.com\/en\/2021\/12\/13\/buendia-estudios-las-noches-de-tefia-ana-camilo-superstar\/#article","isPartOf":{"@id":"https:\/\/buendiaestudios.com\/en\/2021\/12\/13\/buendia-estudios-las-noches-de-tefia-ana-camilo-superstar\/"},"author":{"name":"marta","@id":"https:\/\/buendiaestudios.com\/#\/schema\/person\/192bd02e2f753421ea259f0f385c594a"},"headline":"Buend\u00eda Estudios produce &#8216;Las Noches de Tef\u00eda&#8217;, de Miguel del Arco, &#8216;Ana &#038;&#8217;, de \u00c1lvaro Carmona, y &#8216;Camilo Superstar&#8217;","datePublished":"2021-12-13T22:00:00+00:00","dateModified":"2022-01-13T16:22:01+00:00","mainEntityOfPage":{"@id":"https:\/\/buendiaestudios.com\/en\/2021\/12\/13\/buendia-estudios-las-noches-de-tefia-ana-camilo-superstar\/"},"wordCount":661,"publisher":{"@id":"https:\/\/buendiaestudios.com\/#organization"},"image":{"@id":"https:\/\/buendiaestudios.com\/en\/2021\/12\/13\/buendia-estudios-las-noches-de-tefia-ana-camilo-superstar\/#primaryimage"},"thumbnailUrl":"https:\/\/buendiaestudios.com\/media\/2021\/12\/Producciones-Buendia-Estudios.jpg","inLanguage":"en-US"},{"@type":"WebPage","@id":"https:\/\/buendiaestudios.com\/en\/2021\/12\/13\/buendia-estudios-las-noches-de-tefia-ana-camilo-superstar\/","url":"https:\/\/buendiaestudios.com\/en\/2021\/12\/13\/buendia-estudios-las-noches-de-tefia-ana-camilo-superstar\/","name":"Buend\u00eda Estudios produce 'Las Noches de Tef\u00eda', de Miguel del Arco, 'Ana &', de \u00c1lvaro Carmona, y 'Camilo Superstar' - Buend\u00eda Estudios","isPartOf":{"@id":"https:\/\/buendiaestudios.com\/#website"},"primaryImageOfPage":{"@id":"https:\/\/buendiaestudios.com\/en\/2021\/12\/13\/buendia-estudios-las-noches-de-tefia-ana-camilo-superstar\/#primaryimage"},"image":{"@id":"https:\/\/buendiaestudios.com\/en\/2021\/12\/13\/buendia-estudios-las-noches-de-tefia-ana-camilo-superstar\/#primaryimage"},"thumbnailUrl":"https:\/\/buendiaestudios.com\/media\/2021\/12\/Producciones-Buendia-Estudios.jpg","datePublished":"2021-12-13T22:00:00+00:00","dateModified":"2022-01-13T16:22:01+00:00","breadcrumb":{"@id":"https:\/\/buendiaestudios.com\/en\/2021\/12\/13\/buendia-estudios-las-noches-de-tefia-ana-camilo-superstar\/#breadcrumb"},"inLanguage":"en-US","potentialAction":[{"@type":"ReadAction","target":["https:\/\/buendiaestudios.com\/en\/2021\/12\/13\/buendia-estudios-las-noches-de-tefia-ana-camilo-superstar\/"]}]},{"@type":"ImageObject","inLanguage":"en-US","@id":"https:\/\/buendiaestudios.com\/en\/2021\/12\/13\/buendia-estudios-las-noches-de-tefia-ana-camilo-superstar\/#primaryimage","url":"https:\/\/buendiaestudios.com\/media\/2021\/12\/Producciones-Buendia-Estudios.jpg","contentUrl":"https:\/\/buendiaestudios.com\/media\/2021\/12\/Producciones-Buendia-Estudios.jpg","width":1000,"height":1000,"caption":"Producciones Buend\u00eda Estudios"},{"@type":"BreadcrumbList","@id":"https:\/\/buendiaestudios.com\/en\/2021\/12\/13\/buendia-estudios-las-noches-de-tefia-ana-camilo-superstar\/#breadcrumb","itemListElement":[{"@type":"ListItem","position":1,"name":"Portada","item":"https:\/\/buendiaestudios.com\/en\/"},{"@type":"ListItem","position":2,"name":"Buend\u00eda Estudios produce &#8216;Las Noches de Tef\u00eda&#8217;, de Miguel del Arco, &#8216;Ana &#038;&#8217;, de \u00c1lvaro Carmona, y &#8216;Camilo Superstar&#8217;"}]},{"@type":"WebSite","@id":"https:\/\/buendiaestudios.com\/#website","url":"https:\/\/buendiaestudios.com\/","name":"Buend\u00eda Estudios","description":"BUEND\u00cdA ESTUDIOS is an independent production company of audiovisual content created by ATRESMEDIA and TELEFONICA (through Movistar+), in a strategic alliance.","publisher":{"@id":"https:\/\/buendiaestudios.com\/#organization"},"potentialAction":[{"@type":"SearchAction","target":{"@type":"EntryPoint","urlTemplate":"https:\/\/buendiaestudios.com\/?s={search_term_string}"},"query-input":{"@type":"PropertyValueSpecification","valueRequired":true,"valueName":"search_term_string"}}],"inLanguage":"en-US"},{"@type":"Organization","@id":"https:\/\/buendiaestudios.com\/#organization","name":"Buend\u00eda Estudios","url":"https:\/\/buendiaestudios.com\/","logo":{"@type":"ImageObject","inLanguage":"en-US","@id":"https:\/\/buendiaestudios.com\/#\/schema\/logo\/image\/","url":"https:\/\/buendiaestudios.com\/media\/2021\/02\/logo-buendia-estudios.jpg","contentUrl":"https:\/\/buendiaestudios.com\/media\/2021\/02\/logo-buendia-estudios.jpg","width":988,"height":325,"caption":"Buend\u00eda Estudios"},"image":{"@id":"https:\/\/buendiaestudios.com\/#\/schema\/logo\/image\/"},"sameAs":["https:\/\/www.facebook.com\/buendiaestudios","https:\/\/x.com\/BuendiaEstudios","https:\/\/www.instagram.com\/buendiaestudios\/","https:\/\/www.linkedin.com\/company\/buend\u00eda-estudios\/"]},{"@type":"Person","@id":"https:\/\/buendiaestudios.com\/#\/schema\/person\/192bd02e2f753421ea259f0f385c594a","name":"marta","image":{"@type":"ImageObject","inLanguage":"en-US","@id":"https:\/\/secure.gravatar.com\/avatar\/fd1aad5206beed12165c47b25a60bc78225dd9bee5c531dbfed1e9cc445e712c?s=96&d=mm&r=g","url":"https:\/\/secure.gravatar.com\/avatar\/fd1aad5206beed12165c47b25a60bc78225dd9bee5c531dbfed1e9cc445e712c?s=96&d=mm&r=g","contentUrl":"https:\/\/secure.gravatar.com\/avatar\/fd1aad5206beed12165c47b25a60bc78225dd9bee5c531dbfed1e9cc445e712c?s=96&d=mm&r=g","caption":"marta"}}]}},"_links":{"self":[{"href":"https:\/\/buendiaestudios.com\/en\/wp-json\/wp\/v2\/posts\/1991","targetHints":{"allow":["GET"]}}],"collection":[{"href":"https:\/\/buendiaestudios.com\/en\/wp-json\/wp\/v2\/posts"}],"about":[{"href":"https:\/\/buendiaestudios.com\/en\/wp-json\/wp\/v2\/types\/post"}],"author":[{"embeddable":true,"href":"https:\/\/buendiaestudios.com\/en\/wp-json\/wp\/v2\/users\/7"}],"replies":[{"embeddable":true,"href":"https:\/\/buendiaestudios.com\/en\/wp-json\/wp\/v2\/comments?post=1991"}],"version-history":[{"count":2,"href":"https:\/\/buendiaestudios.com\/en\/wp-json\/wp\/v2\/posts\/1991\/revisions"}],"predecessor-version":[{"id":2039,"href":"https:\/\/buendiaestudios.com\/en\/wp-json\/wp\/v2\/posts\/1991\/revisions\/2039"}],"wp:featuredmedia":[{"embeddable":true,"href":"https:\/\/buendiaestudios.com\/en\/wp-json\/wp\/v2\/media\/1976"}],"wp:attachment":[{"href":"https:\/\/buendiaestudios.com\/en\/wp-json\/wp\/v2\/media?parent=1991"}],"wp:term":[{"taxonomy":"category","embeddable":true,"href":"https:\/\/buendiaestudios.com\/en\/wp-json\/wp\/v2\/categories?post=1991"},{"taxonomy":"post_tag","embeddable":true,"href":"https:\/\/buendiaestudios.com\/en\/wp-json\/wp\/v2\/tags?post=1991"}],"curies":[{"name":"wp","href":"https:\/\/api.w.org\/{rel}","templated":true}]}}