{"id":1776,"date":"2021-09-17T16:28:00","date_gmt":"2021-09-17T16:28:00","guid":{"rendered":"https:\/\/buendiaestudios.com\/2021\/09\/17\/atresplayer-premium-preestrena-los-protegidos-el-regreso-este-domingo-como-un-gran-evento-en-directo-para-los-fans-de-la-serie\/"},"modified":"2021-09-30T12:16:29","modified_gmt":"2021-09-30T12:16:29","slug":"atresplayer-premium-preestrena-los-protegidos-el-regreso-este-domingo-como-un-gran-evento-en-directo-para-los-fans-de-la-serie","status":"publish","type":"post","link":"https:\/\/buendiaestudios.com\/en\/2021\/09\/17\/atresplayer-premium-preestrena-los-protegidos-el-regreso-este-domingo-como-un-gran-evento-en-directo-para-los-fans-de-la-serie\/","title":{"rendered":"ATRESplayer PREMIUM premieres &#8216;Los Protegidos: El regreso&#8217; this Sunday as a great live event for fans of the series"},"content":{"rendered":"\n<p><strong>ATRESplayer PREMIUM<\/strong> will premiere the first episode of &#8216;<strong>Los Protegidos: El regreso<\/strong>&#8216; this Sunday, September 19, as a great event and as a gift to fans who have looked forward to the return of the fiction since the project was announced.<\/p>\n\n\n\n<p><strong>This first episode will be broadcast on the Atresmedia payment platform at 20:00 hours<\/strong> to summon live all the followers of the fiction. This premiere as a response to the claim of the fans is an appetizer of the rest of the episodes that will arrive when the complex post-production of the fiction ends.<\/p>\n\n\n\n<p><strong><span class=\"has-inline-color has-luminous-vivid-orange-color\">&#8216;Los Protegidos&#8217;, a before and after in science fiction series<\/span><\/strong><\/p>\n\n\n\n<p>Broadcast from 2010 to 2012 on Antena 3, the series achieved an average of <strong>more than 3 million <\/strong>viewers and launched young stars to stardom. The story began with <strong>a group of people posing as a family, the Castillo<\/strong>, with the aim of fleeing from a strange organization called the Elephant Clan seeking them.\u00a0 The reason is the supernatural powers of many of its members. Hidden as a real family, this team ended up loving each other as if their fantasy was true. However, time made each one take a different path.<\/p>\n\n\n\n<p><strong><span class=\"has-inline-color has-luminous-vivid-orange-color\">A new threat<\/span><\/strong><\/p>\n\n\n\n<p><strong>It&#8217;s been ten years since the Castillo Rey family had a happy ending<\/strong>.\u00a0But life continues and the passage of time, destiny and an unknown event that we will discover during this new stage, were separating them. Now, a serious threat looms over them, which will pit them on a new mission.<\/p>\n\n\n\n<p><strong>&#8216;Los Protegidos: El regreso&#8217; will feature the actors who brought to life the iconic characters<\/strong> of the original series and who made the audience fall in love with their strange supernatural powers. Antonio Garrido (Mario), Ana Fern\u00e1ndez (Sandra), Luis Fern\u00e1ndez (Culebra), Daniel Avil\u00e9s (Carlitos) and Mario Marzo (Lucas) will join forces again. The family is completed with Maggie Garcia in the role of Lucia.<\/p>\n\n\n\n<p>In addition, the series will feature the return of Gracia Olayo, \u00d3scar Ladoire and Javier Mendo, who will return to play the roles of Rosa, Antonio and Borja Ruano.&nbsp;The cast of the fiction is completed by Maripaz Sagayo, Carlotta Cosials, Eduardo Lloveras and Cosette Silguero.<\/p>\n\n\n\n<p><strong>\u00a0&#8216;Los Protegidos: El regreso&#8217; is a production of Atresmedia Televisi\u00f3n in collaboration with Buend\u00eda Estudios and Boomerang TV<\/strong>. Montse Garc\u00eda, Curro Novallas, Jorge Redondo and Teddy Villalba are the executive producers of the series, with a script by Carlos Garc\u00eda Miranda and direction by Jos\u00e9 Mar\u00eda Caro and Curro Novallas.\u00a0The series can also be seen outside our borders through ATRESplayer PREMIUM International and Atreseries International.<\/p>\n","protected":false},"excerpt":{"rendered":"<p>&#8216;Los Protegidos: El regreso&#8217;, a continuation of the successful Antena 3 series, places the Castillo family ten years after having finished with their enemy, but a new threat looms over them.<\/p>\n","protected":false},"author":7,"featured_media":1752,"comment_status":"closed","ping_status":"closed","sticky":false,"template":"","format":"standard","meta":{"_acf_changed":false,"footnotes":""},"categories":[34],"tags":[],"class_list":["post-1776","post","type-post","status-publish","format-standard","has-post-thumbnail","hentry","category-noticias-en"],"acf":[],"yoast_head":"<!-- This site is optimized with the Yoast SEO plugin v27.4 - https:\/\/yoast.com\/product\/yoast-seo-wordpress\/ -->\n<title>ATRESplayer PREMIUM premieres &#039;Los Protegidos: El regreso&#039; this Sunday as a great live event for fans of the series - Buend\u00eda Estudios<\/title>\n<meta name=\"robots\" content=\"index, follow, max-snippet:-1, max-image-preview:large, max-video-preview:-1\" \/>\n<link rel=\"canonical\" href=\"https:\/\/buendiaestudios.com\/en\/2021\/09\/17\/atresplayer-premium-preestrena-los-protegidos-el-regreso-este-domingo-como-un-gran-evento-en-directo-para-los-fans-de-la-serie\/\" \/>\n<meta property=\"og:locale\" content=\"en_US\" \/>\n<meta property=\"og:type\" content=\"article\" \/>\n<meta property=\"og:title\" content=\"ATRESplayer PREMIUM premieres &#039;Los Protegidos: El regreso&#039; this Sunday as a great live event for fans of the series - Buend\u00eda Estudios\" \/>\n<meta property=\"og:description\" content=\"&#039;Los Protegidos: El regreso&#039;, a continuation of the successful Antena 3 series, places the Castillo family ten years after having finished with their enemy, but a new threat looms over them.\" \/>\n<meta property=\"og:url\" content=\"https:\/\/buendiaestudios.com\/en\/2021\/09\/17\/atresplayer-premium-preestrena-los-protegidos-el-regreso-este-domingo-como-un-gran-evento-en-directo-para-los-fans-de-la-serie\/\" \/>\n<meta property=\"og:site_name\" content=\"Buend\u00eda Estudios\" \/>\n<meta property=\"article:publisher\" content=\"https:\/\/www.facebook.com\/buendiaestudios\" \/>\n<meta property=\"article:published_time\" content=\"2021-09-17T16:28:00+00:00\" \/>\n<meta property=\"article:modified_time\" content=\"2021-09-30T12:16:29+00:00\" \/>\n<meta property=\"og:image\" content=\"https:\/\/buendiaestudios.com\/media\/2021\/08\/LOS-PRO-4.jpg\" \/>\n\t<meta property=\"og:image:width\" content=\"1000\" \/>\n\t<meta property=\"og:image:height\" content=\"455\" \/>\n\t<meta property=\"og:image:type\" content=\"image\/jpeg\" \/>\n<meta name=\"author\" content=\"marta\" \/>\n<meta name=\"twitter:card\" content=\"summary_large_image\" \/>\n<meta name=\"twitter:creator\" content=\"@BuendiaEstudios\" \/>\n<meta name=\"twitter:site\" content=\"@BuendiaEstudios\" \/>\n<meta name=\"twitter:label1\" content=\"Written by\" \/>\n\t<meta name=\"twitter:data1\" content=\"marta\" \/>\n\t<meta name=\"twitter:label2\" content=\"Est. reading time\" \/>\n\t<meta name=\"twitter:data2\" content=\"2 minutes\" \/>\n<script type=\"application\/ld+json\" class=\"yoast-schema-graph\">{\"@context\":\"https:\\\/\\\/schema.org\",\"@graph\":[{\"@type\":\"Article\",\"@id\":\"https:\\\/\\\/buendiaestudios.com\\\/en\\\/2021\\\/09\\\/17\\\/atresplayer-premium-preestrena-los-protegidos-el-regreso-este-domingo-como-un-gran-evento-en-directo-para-los-fans-de-la-serie\\\/#article\",\"isPartOf\":{\"@id\":\"https:\\\/\\\/buendiaestudios.com\\\/en\\\/2021\\\/09\\\/17\\\/atresplayer-premium-preestrena-los-protegidos-el-regreso-este-domingo-como-un-gran-evento-en-directo-para-los-fans-de-la-serie\\\/\"},\"author\":{\"name\":\"marta\",\"@id\":\"https:\\\/\\\/buendiaestudios.com\\\/#\\\/schema\\\/person\\\/192bd02e2f753421ea259f0f385c594a\"},\"headline\":\"ATRESplayer PREMIUM premieres &#8216;Los Protegidos: El regreso&#8217; this Sunday as a great live event for fans of the series\",\"datePublished\":\"2021-09-17T16:28:00+00:00\",\"dateModified\":\"2021-09-30T12:16:29+00:00\",\"mainEntityOfPage\":{\"@id\":\"https:\\\/\\\/buendiaestudios.com\\\/en\\\/2021\\\/09\\\/17\\\/atresplayer-premium-preestrena-los-protegidos-el-regreso-este-domingo-como-un-gran-evento-en-directo-para-los-fans-de-la-serie\\\/\"},\"wordCount\":451,\"publisher\":{\"@id\":\"https:\\\/\\\/buendiaestudios.com\\\/#organization\"},\"image\":{\"@id\":\"https:\\\/\\\/buendiaestudios.com\\\/en\\\/2021\\\/09\\\/17\\\/atresplayer-premium-preestrena-los-protegidos-el-regreso-este-domingo-como-un-gran-evento-en-directo-para-los-fans-de-la-serie\\\/#primaryimage\"},\"thumbnailUrl\":\"https:\\\/\\\/buendiaestudios.com\\\/wp-content\\\/uploads\\\/2021\\\/08\\\/LOS-PRO-4.jpg\",\"articleSection\":[\"Noticias\"],\"inLanguage\":\"en-US\"},{\"@type\":\"WebPage\",\"@id\":\"https:\\\/\\\/buendiaestudios.com\\\/en\\\/2021\\\/09\\\/17\\\/atresplayer-premium-preestrena-los-protegidos-el-regreso-este-domingo-como-un-gran-evento-en-directo-para-los-fans-de-la-serie\\\/\",\"url\":\"https:\\\/\\\/buendiaestudios.com\\\/en\\\/2021\\\/09\\\/17\\\/atresplayer-premium-preestrena-los-protegidos-el-regreso-este-domingo-como-un-gran-evento-en-directo-para-los-fans-de-la-serie\\\/\",\"name\":\"ATRESplayer PREMIUM premieres 'Los Protegidos: El regreso' this Sunday as a great live event for fans of the series - Buend\u00eda Estudios\",\"isPartOf\":{\"@id\":\"https:\\\/\\\/buendiaestudios.com\\\/#website\"},\"primaryImageOfPage\":{\"@id\":\"https:\\\/\\\/buendiaestudios.com\\\/en\\\/2021\\\/09\\\/17\\\/atresplayer-premium-preestrena-los-protegidos-el-regreso-este-domingo-como-un-gran-evento-en-directo-para-los-fans-de-la-serie\\\/#primaryimage\"},\"image\":{\"@id\":\"https:\\\/\\\/buendiaestudios.com\\\/en\\\/2021\\\/09\\\/17\\\/atresplayer-premium-preestrena-los-protegidos-el-regreso-este-domingo-como-un-gran-evento-en-directo-para-los-fans-de-la-serie\\\/#primaryimage\"},\"thumbnailUrl\":\"https:\\\/\\\/buendiaestudios.com\\\/wp-content\\\/uploads\\\/2021\\\/08\\\/LOS-PRO-4.jpg\",\"datePublished\":\"2021-09-17T16:28:00+00:00\",\"dateModified\":\"2021-09-30T12:16:29+00:00\",\"breadcrumb\":{\"@id\":\"https:\\\/\\\/buendiaestudios.com\\\/en\\\/2021\\\/09\\\/17\\\/atresplayer-premium-preestrena-los-protegidos-el-regreso-este-domingo-como-un-gran-evento-en-directo-para-los-fans-de-la-serie\\\/#breadcrumb\"},\"inLanguage\":\"en-US\",\"potentialAction\":[{\"@type\":\"ReadAction\",\"target\":[\"https:\\\/\\\/buendiaestudios.com\\\/en\\\/2021\\\/09\\\/17\\\/atresplayer-premium-preestrena-los-protegidos-el-regreso-este-domingo-como-un-gran-evento-en-directo-para-los-fans-de-la-serie\\\/\"]}]},{\"@type\":\"ImageObject\",\"inLanguage\":\"en-US\",\"@id\":\"https:\\\/\\\/buendiaestudios.com\\\/en\\\/2021\\\/09\\\/17\\\/atresplayer-premium-preestrena-los-protegidos-el-regreso-este-domingo-como-un-gran-evento-en-directo-para-los-fans-de-la-serie\\\/#primaryimage\",\"url\":\"https:\\\/\\\/buendiaestudios.com\\\/wp-content\\\/uploads\\\/2021\\\/08\\\/LOS-PRO-4.jpg\",\"contentUrl\":\"https:\\\/\\\/buendiaestudios.com\\\/wp-content\\\/uploads\\\/2021\\\/08\\\/LOS-PRO-4.jpg\",\"width\":1000,\"height\":455},{\"@type\":\"BreadcrumbList\",\"@id\":\"https:\\\/\\\/buendiaestudios.com\\\/en\\\/2021\\\/09\\\/17\\\/atresplayer-premium-preestrena-los-protegidos-el-regreso-este-domingo-como-un-gran-evento-en-directo-para-los-fans-de-la-serie\\\/#breadcrumb\",\"itemListElement\":[{\"@type\":\"ListItem\",\"position\":1,\"name\":\"Portada\",\"item\":\"https:\\\/\\\/buendiaestudios.com\\\/en\\\/\"},{\"@type\":\"ListItem\",\"position\":2,\"name\":\"ATRESplayer PREMIUM premieres &#8216;Los Protegidos: El regreso&#8217; this Sunday as a great live event for fans of the series\"}]},{\"@type\":\"WebSite\",\"@id\":\"https:\\\/\\\/buendiaestudios.com\\\/#website\",\"url\":\"https:\\\/\\\/buendiaestudios.com\\\/\",\"name\":\"Buend\u00eda Estudios\",\"description\":\"BUEND\u00cdA ESTUDIOS is an independent production company of audiovisual content created by ATRESMEDIA and TELEFONICA (through Movistar+), in a strategic alliance.\",\"publisher\":{\"@id\":\"https:\\\/\\\/buendiaestudios.com\\\/#organization\"},\"potentialAction\":[{\"@type\":\"SearchAction\",\"target\":{\"@type\":\"EntryPoint\",\"urlTemplate\":\"https:\\\/\\\/buendiaestudios.com\\\/?s={search_term_string}\"},\"query-input\":{\"@type\":\"PropertyValueSpecification\",\"valueRequired\":true,\"valueName\":\"search_term_string\"}}],\"inLanguage\":\"en-US\"},{\"@type\":\"Organization\",\"@id\":\"https:\\\/\\\/buendiaestudios.com\\\/#organization\",\"name\":\"Buend\u00eda Estudios\",\"url\":\"https:\\\/\\\/buendiaestudios.com\\\/\",\"logo\":{\"@type\":\"ImageObject\",\"inLanguage\":\"en-US\",\"@id\":\"https:\\\/\\\/buendiaestudios.com\\\/#\\\/schema\\\/logo\\\/image\\\/\",\"url\":\"https:\\\/\\\/buendiaestudios.com\\\/wp-content\\\/uploads\\\/2021\\\/02\\\/logo-buendia-estudios.jpg\",\"contentUrl\":\"https:\\\/\\\/buendiaestudios.com\\\/wp-content\\\/uploads\\\/2021\\\/02\\\/logo-buendia-estudios.jpg\",\"width\":988,\"height\":325,\"caption\":\"Buend\u00eda Estudios\"},\"image\":{\"@id\":\"https:\\\/\\\/buendiaestudios.com\\\/#\\\/schema\\\/logo\\\/image\\\/\"},\"sameAs\":[\"https:\\\/\\\/www.facebook.com\\\/buendiaestudios\",\"https:\\\/\\\/x.com\\\/BuendiaEstudios\",\"https:\\\/\\\/www.instagram.com\\\/buendiaestudios\\\/\",\"https:\\\/\\\/www.linkedin.com\\\/company\\\/buend\u00eda-estudios\\\/\"]},{\"@type\":\"Person\",\"@id\":\"https:\\\/\\\/buendiaestudios.com\\\/#\\\/schema\\\/person\\\/192bd02e2f753421ea259f0f385c594a\",\"name\":\"marta\",\"image\":{\"@type\":\"ImageObject\",\"inLanguage\":\"en-US\",\"@id\":\"https:\\\/\\\/secure.gravatar.com\\\/avatar\\\/fd1aad5206beed12165c47b25a60bc78225dd9bee5c531dbfed1e9cc445e712c?s=96&d=mm&r=g\",\"url\":\"https:\\\/\\\/secure.gravatar.com\\\/avatar\\\/fd1aad5206beed12165c47b25a60bc78225dd9bee5c531dbfed1e9cc445e712c?s=96&d=mm&r=g\",\"contentUrl\":\"https:\\\/\\\/secure.gravatar.com\\\/avatar\\\/fd1aad5206beed12165c47b25a60bc78225dd9bee5c531dbfed1e9cc445e712c?s=96&d=mm&r=g\",\"caption\":\"marta\"}}]}<\/script>\n<!-- \/ Yoast SEO plugin. -->","yoast_head_json":{"title":"ATRESplayer PREMIUM premieres 'Los Protegidos: El regreso' this Sunday as a great live event for fans of the series - Buend\u00eda Estudios","robots":{"index":"index","follow":"follow","max-snippet":"max-snippet:-1","max-image-preview":"max-image-preview:large","max-video-preview":"max-video-preview:-1"},"canonical":"https:\/\/buendiaestudios.com\/en\/2021\/09\/17\/atresplayer-premium-preestrena-los-protegidos-el-regreso-este-domingo-como-un-gran-evento-en-directo-para-los-fans-de-la-serie\/","og_locale":"en_US","og_type":"article","og_title":"ATRESplayer PREMIUM premieres 'Los Protegidos: El regreso' this Sunday as a great live event for fans of the series - Buend\u00eda Estudios","og_description":"'Los Protegidos: El regreso', a continuation of the successful Antena 3 series, places the Castillo family ten years after having finished with their enemy, but a new threat looms over them.","og_url":"https:\/\/buendiaestudios.com\/en\/2021\/09\/17\/atresplayer-premium-preestrena-los-protegidos-el-regreso-este-domingo-como-un-gran-evento-en-directo-para-los-fans-de-la-serie\/","og_site_name":"Buend\u00eda Estudios","article_publisher":"https:\/\/www.facebook.com\/buendiaestudios","article_published_time":"2021-09-17T16:28:00+00:00","article_modified_time":"2021-09-30T12:16:29+00:00","og_image":[{"width":1000,"height":455,"url":"https:\/\/buendiaestudios.com\/media\/2021\/08\/LOS-PRO-4.jpg","type":"image\/jpeg"}],"author":"marta","twitter_card":"summary_large_image","twitter_creator":"@BuendiaEstudios","twitter_site":"@BuendiaEstudios","twitter_misc":{"Written by":"marta","Est. reading time":"2 minutes"},"schema":{"@context":"https:\/\/schema.org","@graph":[{"@type":"Article","@id":"https:\/\/buendiaestudios.com\/en\/2021\/09\/17\/atresplayer-premium-preestrena-los-protegidos-el-regreso-este-domingo-como-un-gran-evento-en-directo-para-los-fans-de-la-serie\/#article","isPartOf":{"@id":"https:\/\/buendiaestudios.com\/en\/2021\/09\/17\/atresplayer-premium-preestrena-los-protegidos-el-regreso-este-domingo-como-un-gran-evento-en-directo-para-los-fans-de-la-serie\/"},"author":{"name":"marta","@id":"https:\/\/buendiaestudios.com\/#\/schema\/person\/192bd02e2f753421ea259f0f385c594a"},"headline":"ATRESplayer PREMIUM premieres &#8216;Los Protegidos: El regreso&#8217; this Sunday as a great live event for fans of the series","datePublished":"2021-09-17T16:28:00+00:00","dateModified":"2021-09-30T12:16:29+00:00","mainEntityOfPage":{"@id":"https:\/\/buendiaestudios.com\/en\/2021\/09\/17\/atresplayer-premium-preestrena-los-protegidos-el-regreso-este-domingo-como-un-gran-evento-en-directo-para-los-fans-de-la-serie\/"},"wordCount":451,"publisher":{"@id":"https:\/\/buendiaestudios.com\/#organization"},"image":{"@id":"https:\/\/buendiaestudios.com\/en\/2021\/09\/17\/atresplayer-premium-preestrena-los-protegidos-el-regreso-este-domingo-como-un-gran-evento-en-directo-para-los-fans-de-la-serie\/#primaryimage"},"thumbnailUrl":"https:\/\/buendiaestudios.com\/media\/2021\/08\/LOS-PRO-4.jpg","articleSection":["Noticias"],"inLanguage":"en-US"},{"@type":"WebPage","@id":"https:\/\/buendiaestudios.com\/en\/2021\/09\/17\/atresplayer-premium-preestrena-los-protegidos-el-regreso-este-domingo-como-un-gran-evento-en-directo-para-los-fans-de-la-serie\/","url":"https:\/\/buendiaestudios.com\/en\/2021\/09\/17\/atresplayer-premium-preestrena-los-protegidos-el-regreso-este-domingo-como-un-gran-evento-en-directo-para-los-fans-de-la-serie\/","name":"ATRESplayer PREMIUM premieres 'Los Protegidos: El regreso' this Sunday as a great live event for fans of the series - Buend\u00eda Estudios","isPartOf":{"@id":"https:\/\/buendiaestudios.com\/#website"},"primaryImageOfPage":{"@id":"https:\/\/buendiaestudios.com\/en\/2021\/09\/17\/atresplayer-premium-preestrena-los-protegidos-el-regreso-este-domingo-como-un-gran-evento-en-directo-para-los-fans-de-la-serie\/#primaryimage"},"image":{"@id":"https:\/\/buendiaestudios.com\/en\/2021\/09\/17\/atresplayer-premium-preestrena-los-protegidos-el-regreso-este-domingo-como-un-gran-evento-en-directo-para-los-fans-de-la-serie\/#primaryimage"},"thumbnailUrl":"https:\/\/buendiaestudios.com\/media\/2021\/08\/LOS-PRO-4.jpg","datePublished":"2021-09-17T16:28:00+00:00","dateModified":"2021-09-30T12:16:29+00:00","breadcrumb":{"@id":"https:\/\/buendiaestudios.com\/en\/2021\/09\/17\/atresplayer-premium-preestrena-los-protegidos-el-regreso-este-domingo-como-un-gran-evento-en-directo-para-los-fans-de-la-serie\/#breadcrumb"},"inLanguage":"en-US","potentialAction":[{"@type":"ReadAction","target":["https:\/\/buendiaestudios.com\/en\/2021\/09\/17\/atresplayer-premium-preestrena-los-protegidos-el-regreso-este-domingo-como-un-gran-evento-en-directo-para-los-fans-de-la-serie\/"]}]},{"@type":"ImageObject","inLanguage":"en-US","@id":"https:\/\/buendiaestudios.com\/en\/2021\/09\/17\/atresplayer-premium-preestrena-los-protegidos-el-regreso-este-domingo-como-un-gran-evento-en-directo-para-los-fans-de-la-serie\/#primaryimage","url":"https:\/\/buendiaestudios.com\/media\/2021\/08\/LOS-PRO-4.jpg","contentUrl":"https:\/\/buendiaestudios.com\/media\/2021\/08\/LOS-PRO-4.jpg","width":1000,"height":455},{"@type":"BreadcrumbList","@id":"https:\/\/buendiaestudios.com\/en\/2021\/09\/17\/atresplayer-premium-preestrena-los-protegidos-el-regreso-este-domingo-como-un-gran-evento-en-directo-para-los-fans-de-la-serie\/#breadcrumb","itemListElement":[{"@type":"ListItem","position":1,"name":"Portada","item":"https:\/\/buendiaestudios.com\/en\/"},{"@type":"ListItem","position":2,"name":"ATRESplayer PREMIUM premieres &#8216;Los Protegidos: El regreso&#8217; this Sunday as a great live event for fans of the series"}]},{"@type":"WebSite","@id":"https:\/\/buendiaestudios.com\/#website","url":"https:\/\/buendiaestudios.com\/","name":"Buend\u00eda Estudios","description":"BUEND\u00cdA ESTUDIOS is an independent production company of audiovisual content created by ATRESMEDIA and TELEFONICA (through Movistar+), in a strategic alliance.","publisher":{"@id":"https:\/\/buendiaestudios.com\/#organization"},"potentialAction":[{"@type":"SearchAction","target":{"@type":"EntryPoint","urlTemplate":"https:\/\/buendiaestudios.com\/?s={search_term_string}"},"query-input":{"@type":"PropertyValueSpecification","valueRequired":true,"valueName":"search_term_string"}}],"inLanguage":"en-US"},{"@type":"Organization","@id":"https:\/\/buendiaestudios.com\/#organization","name":"Buend\u00eda Estudios","url":"https:\/\/buendiaestudios.com\/","logo":{"@type":"ImageObject","inLanguage":"en-US","@id":"https:\/\/buendiaestudios.com\/#\/schema\/logo\/image\/","url":"https:\/\/buendiaestudios.com\/media\/2021\/02\/logo-buendia-estudios.jpg","contentUrl":"https:\/\/buendiaestudios.com\/media\/2021\/02\/logo-buendia-estudios.jpg","width":988,"height":325,"caption":"Buend\u00eda Estudios"},"image":{"@id":"https:\/\/buendiaestudios.com\/#\/schema\/logo\/image\/"},"sameAs":["https:\/\/www.facebook.com\/buendiaestudios","https:\/\/x.com\/BuendiaEstudios","https:\/\/www.instagram.com\/buendiaestudios\/","https:\/\/www.linkedin.com\/company\/buend\u00eda-estudios\/"]},{"@type":"Person","@id":"https:\/\/buendiaestudios.com\/#\/schema\/person\/192bd02e2f753421ea259f0f385c594a","name":"marta","image":{"@type":"ImageObject","inLanguage":"en-US","@id":"https:\/\/secure.gravatar.com\/avatar\/fd1aad5206beed12165c47b25a60bc78225dd9bee5c531dbfed1e9cc445e712c?s=96&d=mm&r=g","url":"https:\/\/secure.gravatar.com\/avatar\/fd1aad5206beed12165c47b25a60bc78225dd9bee5c531dbfed1e9cc445e712c?s=96&d=mm&r=g","contentUrl":"https:\/\/secure.gravatar.com\/avatar\/fd1aad5206beed12165c47b25a60bc78225dd9bee5c531dbfed1e9cc445e712c?s=96&d=mm&r=g","caption":"marta"}}]}},"_links":{"self":[{"href":"https:\/\/buendiaestudios.com\/en\/wp-json\/wp\/v2\/posts\/1776","targetHints":{"allow":["GET"]}}],"collection":[{"href":"https:\/\/buendiaestudios.com\/en\/wp-json\/wp\/v2\/posts"}],"about":[{"href":"https:\/\/buendiaestudios.com\/en\/wp-json\/wp\/v2\/types\/post"}],"author":[{"embeddable":true,"href":"https:\/\/buendiaestudios.com\/en\/wp-json\/wp\/v2\/users\/7"}],"replies":[{"embeddable":true,"href":"https:\/\/buendiaestudios.com\/en\/wp-json\/wp\/v2\/comments?post=1776"}],"version-history":[{"count":1,"href":"https:\/\/buendiaestudios.com\/en\/wp-json\/wp\/v2\/posts\/1776\/revisions"}],"predecessor-version":[{"id":1781,"href":"https:\/\/buendiaestudios.com\/en\/wp-json\/wp\/v2\/posts\/1776\/revisions\/1781"}],"wp:featuredmedia":[{"embeddable":true,"href":"https:\/\/buendiaestudios.com\/en\/wp-json\/wp\/v2\/media\/1752"}],"wp:attachment":[{"href":"https:\/\/buendiaestudios.com\/en\/wp-json\/wp\/v2\/media?parent=1776"}],"wp:term":[{"taxonomy":"category","embeddable":true,"href":"https:\/\/buendiaestudios.com\/en\/wp-json\/wp\/v2\/categories?post=1776"},{"taxonomy":"post_tag","embeddable":true,"href":"https:\/\/buendiaestudios.com\/en\/wp-json\/wp\/v2\/tags?post=1776"}],"curies":[{"name":"wp","href":"https:\/\/api.w.org\/{rel}","templated":true}]}}