{"id":1686,"date":"2021-08-09T12:30:00","date_gmt":"2021-08-09T12:30:00","guid":{"rendered":"https:\/\/buendiaestudios.com\/2021\/08\/09\/ya-puedes-ver-el-cartel-oficial-de-la-t2-de-by-ana-milan-que-se-estrenara-en-septiembre-en-atresplayer-premium\/"},"modified":"2021-08-30T13:30:00","modified_gmt":"2021-08-30T13:30:00","slug":"ya-puedes-ver-el-cartel-oficial-de-la-t2-de-by-ana-milan-que-se-estrenara-en-septiembre-en-atresplayer-premium","status":"publish","type":"post","link":"https:\/\/buendiaestudios.com\/en\/2021\/08\/09\/ya-puedes-ver-el-cartel-oficial-de-la-t2-de-by-ana-milan-que-se-estrenara-en-septiembre-en-atresplayer-premium\/","title":{"rendered":"You can already see the official poster of the 2nd. Season of &#8216;By Ana Mil\u00e1n&#8217;, which will premiere in September at ATRESplayer PREMIUM"},"content":{"rendered":"\n<p><strong>Ana Milan<\/strong> is back. The successful actress returns with a second season of &#8216;<strong>By Ana Mil\u00e1n&#8217; <\/strong>after triumphing with the first installment in which her famous anecdotes and the most absurd situations of her life jumped from reality to fiction to transcend the viral phenomenon in which she became during the confinement and that attracted thousands of people on Instagram.<\/p>\n\n\n\n<p>The new season of the original series of <strong>ATRESplayer PREMIUM<\/strong>, which <strong>can be seen from next September on the Atresmedia payment platform, launches its official poster today.<\/strong><\/p>\n\n\n\n<p><strong>&#8216;By Ana Mil\u00e1n&#8217; is a comedy based on the real life of the actress Ana Mil\u00e1n<\/strong>,<strong> <\/strong>taking as a common thread her most famous anecdotes told by herself on social networks. In this second season, the actress returns with new job and life opportunities that she will face despite luck being determined to turn her back.<\/p>\n\n\n\n<p>The main cast of this second season of the series is completed with <strong>Jorge Us\u00f3n, Pilar Berg\u00e9s, Marcelo Converti, Cristobal Su\u00e1rez and Pablo G\u00f3mez Pando<\/strong>, among others.<\/p>\n\n\n\n<p><strong>Produced by Atresmedia Televisi\u00f3n in collaboration with Buend\u00eda Estudios<\/strong>, this project is part of the large family of original productions of <strong>ATRESplayer PREMIUM<\/strong>. The fiction can also be seen through the international version of the platform.<\/p>\n\n\n\n<p><strong>Montse Garc\u00eda, Sonia Mart\u00ednez and David Troncoso<\/strong> are the executive producers of this fiction of the SERIESATRESMEDIA label together with <strong>Luc\u00eda Alonso-Allende<\/strong> in the executive co-production.\u00a0&#8216;By Ana Mil\u00e1n&#8217; is directed by <strong>R\u00f3mulo Aguillaume <\/strong>and written by <strong>Tatiana Rodr\u00edguez, Arantxa Cuesta, Diego Pinillos and Ram\u00f3n Tarr\u00e9s.<\/strong><\/p>\n\n\n\n<p><strong><span class=\"has-inline-color has-luminous-vivid-orange-color\">SYNOPSIS<\/span><\/strong><\/p>\n\n\n\n<p>Ana Mil\u00e1n returns with her crazy anecdotes and absurd situations. The ghost of Mario&#8217;s presence still weighs on her, floating in her apartment. In order to try to silence her loneliness, she throws herself into all the jobs that she is offered: cinema, TV, advertising and parties, many parties.<\/p>\n\n\n\n<p>However, all that stress ends up taking its toll on her at the worst moment, in her big opportunity in front of a Hollywood actor, Ana faints and, when she wakes up, she has a squint in one of her eyes.&nbsp;Maybe it is the time to slow down and take care of herself a little bit?&nbsp;However, Ana is going to face this new stage head-on. And, if possible, with Manu by her side&#8230;<\/p>\n","protected":false},"excerpt":{"rendered":"<p>After a successful first installment, Ana Mil\u00e1n returns to play herself in the second season of this comedy that mixes reality and fiction, and that will arrive next September on the Atresmedia payment platform.<\/p>\n","protected":false},"author":7,"featured_media":1602,"comment_status":"closed","ping_status":"closed","sticky":false,"template":"","format":"standard","meta":{"_acf_changed":false,"footnotes":""},"categories":[34],"tags":[],"class_list":["post-1686","post","type-post","status-publish","format-standard","has-post-thumbnail","hentry","category-noticias-en"],"acf":[],"yoast_head":"<!-- This site is optimized with the Yoast SEO plugin v27.4 - https:\/\/yoast.com\/product\/yoast-seo-wordpress\/ -->\n<title>You can already see the official poster of the 2nd. Season of &#039;By Ana Mil\u00e1n&#039;, which will premiere in September at ATRESplayer PREMIUM - Buend\u00eda Estudios<\/title>\n<meta name=\"robots\" content=\"index, follow, max-snippet:-1, max-image-preview:large, max-video-preview:-1\" \/>\n<link rel=\"canonical\" href=\"https:\/\/buendiaestudios.com\/en\/2021\/08\/09\/ya-puedes-ver-el-cartel-oficial-de-la-t2-de-by-ana-milan-que-se-estrenara-en-septiembre-en-atresplayer-premium\/\" \/>\n<meta property=\"og:locale\" content=\"en_US\" \/>\n<meta property=\"og:type\" content=\"article\" \/>\n<meta property=\"og:title\" content=\"You can already see the official poster of the 2nd. Season of &#039;By Ana Mil\u00e1n&#039;, which will premiere in September at ATRESplayer PREMIUM - Buend\u00eda Estudios\" \/>\n<meta property=\"og:description\" content=\"After a successful first installment, Ana Mil\u00e1n returns to play herself in the second season of this comedy that mixes reality and fiction, and that will arrive next September on the Atresmedia payment platform.\" \/>\n<meta property=\"og:url\" content=\"https:\/\/buendiaestudios.com\/en\/2021\/08\/09\/ya-puedes-ver-el-cartel-oficial-de-la-t2-de-by-ana-milan-que-se-estrenara-en-septiembre-en-atresplayer-premium\/\" \/>\n<meta property=\"og:site_name\" content=\"Buend\u00eda Estudios\" \/>\n<meta property=\"article:publisher\" content=\"https:\/\/www.facebook.com\/buendiaestudios\" \/>\n<meta property=\"article:published_time\" content=\"2021-08-09T12:30:00+00:00\" \/>\n<meta property=\"article:modified_time\" content=\"2021-08-30T13:30:00+00:00\" \/>\n<meta property=\"og:image\" content=\"https:\/\/buendiaestudios.com\/media\/2021\/08\/ByAnaMilan-t2.png\" \/>\n\t<meta property=\"og:image:width\" content=\"1080\" \/>\n\t<meta property=\"og:image:height\" content=\"1080\" \/>\n\t<meta property=\"og:image:type\" content=\"image\/png\" \/>\n<meta name=\"author\" content=\"marta\" \/>\n<meta name=\"twitter:card\" content=\"summary_large_image\" \/>\n<meta name=\"twitter:creator\" content=\"@BuendiaEstudios\" \/>\n<meta name=\"twitter:site\" content=\"@BuendiaEstudios\" \/>\n<meta name=\"twitter:label1\" content=\"Written by\" \/>\n\t<meta name=\"twitter:data1\" content=\"marta\" \/>\n\t<meta name=\"twitter:label2\" content=\"Est. reading time\" \/>\n\t<meta name=\"twitter:data2\" content=\"2 minutes\" \/>\n<script type=\"application\/ld+json\" class=\"yoast-schema-graph\">{\"@context\":\"https:\\\/\\\/schema.org\",\"@graph\":[{\"@type\":\"Article\",\"@id\":\"https:\\\/\\\/buendiaestudios.com\\\/en\\\/2021\\\/08\\\/09\\\/ya-puedes-ver-el-cartel-oficial-de-la-t2-de-by-ana-milan-que-se-estrenara-en-septiembre-en-atresplayer-premium\\\/#article\",\"isPartOf\":{\"@id\":\"https:\\\/\\\/buendiaestudios.com\\\/en\\\/2021\\\/08\\\/09\\\/ya-puedes-ver-el-cartel-oficial-de-la-t2-de-by-ana-milan-que-se-estrenara-en-septiembre-en-atresplayer-premium\\\/\"},\"author\":{\"name\":\"marta\",\"@id\":\"https:\\\/\\\/buendiaestudios.com\\\/#\\\/schema\\\/person\\\/192bd02e2f753421ea259f0f385c594a\"},\"headline\":\"You can already see the official poster of the 2nd. Season of &#8216;By Ana Mil\u00e1n&#8217;, which will premiere in September at ATRESplayer PREMIUM\",\"datePublished\":\"2021-08-09T12:30:00+00:00\",\"dateModified\":\"2021-08-30T13:30:00+00:00\",\"mainEntityOfPage\":{\"@id\":\"https:\\\/\\\/buendiaestudios.com\\\/en\\\/2021\\\/08\\\/09\\\/ya-puedes-ver-el-cartel-oficial-de-la-t2-de-by-ana-milan-que-se-estrenara-en-septiembre-en-atresplayer-premium\\\/\"},\"wordCount\":422,\"publisher\":{\"@id\":\"https:\\\/\\\/buendiaestudios.com\\\/#organization\"},\"image\":{\"@id\":\"https:\\\/\\\/buendiaestudios.com\\\/en\\\/2021\\\/08\\\/09\\\/ya-puedes-ver-el-cartel-oficial-de-la-t2-de-by-ana-milan-que-se-estrenara-en-septiembre-en-atresplayer-premium\\\/#primaryimage\"},\"thumbnailUrl\":\"https:\\\/\\\/buendiaestudios.com\\\/wp-content\\\/uploads\\\/2021\\\/08\\\/ByAnaMilan-t2.png\",\"articleSection\":[\"Noticias\"],\"inLanguage\":\"en-US\"},{\"@type\":\"WebPage\",\"@id\":\"https:\\\/\\\/buendiaestudios.com\\\/en\\\/2021\\\/08\\\/09\\\/ya-puedes-ver-el-cartel-oficial-de-la-t2-de-by-ana-milan-que-se-estrenara-en-septiembre-en-atresplayer-premium\\\/\",\"url\":\"https:\\\/\\\/buendiaestudios.com\\\/en\\\/2021\\\/08\\\/09\\\/ya-puedes-ver-el-cartel-oficial-de-la-t2-de-by-ana-milan-que-se-estrenara-en-septiembre-en-atresplayer-premium\\\/\",\"name\":\"You can already see the official poster of the 2nd. Season of 'By Ana Mil\u00e1n', which will premiere in September at ATRESplayer PREMIUM - Buend\u00eda Estudios\",\"isPartOf\":{\"@id\":\"https:\\\/\\\/buendiaestudios.com\\\/#website\"},\"primaryImageOfPage\":{\"@id\":\"https:\\\/\\\/buendiaestudios.com\\\/en\\\/2021\\\/08\\\/09\\\/ya-puedes-ver-el-cartel-oficial-de-la-t2-de-by-ana-milan-que-se-estrenara-en-septiembre-en-atresplayer-premium\\\/#primaryimage\"},\"image\":{\"@id\":\"https:\\\/\\\/buendiaestudios.com\\\/en\\\/2021\\\/08\\\/09\\\/ya-puedes-ver-el-cartel-oficial-de-la-t2-de-by-ana-milan-que-se-estrenara-en-septiembre-en-atresplayer-premium\\\/#primaryimage\"},\"thumbnailUrl\":\"https:\\\/\\\/buendiaestudios.com\\\/wp-content\\\/uploads\\\/2021\\\/08\\\/ByAnaMilan-t2.png\",\"datePublished\":\"2021-08-09T12:30:00+00:00\",\"dateModified\":\"2021-08-30T13:30:00+00:00\",\"breadcrumb\":{\"@id\":\"https:\\\/\\\/buendiaestudios.com\\\/en\\\/2021\\\/08\\\/09\\\/ya-puedes-ver-el-cartel-oficial-de-la-t2-de-by-ana-milan-que-se-estrenara-en-septiembre-en-atresplayer-premium\\\/#breadcrumb\"},\"inLanguage\":\"en-US\",\"potentialAction\":[{\"@type\":\"ReadAction\",\"target\":[\"https:\\\/\\\/buendiaestudios.com\\\/en\\\/2021\\\/08\\\/09\\\/ya-puedes-ver-el-cartel-oficial-de-la-t2-de-by-ana-milan-que-se-estrenara-en-septiembre-en-atresplayer-premium\\\/\"]}]},{\"@type\":\"ImageObject\",\"inLanguage\":\"en-US\",\"@id\":\"https:\\\/\\\/buendiaestudios.com\\\/en\\\/2021\\\/08\\\/09\\\/ya-puedes-ver-el-cartel-oficial-de-la-t2-de-by-ana-milan-que-se-estrenara-en-septiembre-en-atresplayer-premium\\\/#primaryimage\",\"url\":\"https:\\\/\\\/buendiaestudios.com\\\/wp-content\\\/uploads\\\/2021\\\/08\\\/ByAnaMilan-t2.png\",\"contentUrl\":\"https:\\\/\\\/buendiaestudios.com\\\/wp-content\\\/uploads\\\/2021\\\/08\\\/ByAnaMilan-t2.png\",\"width\":1080,\"height\":1080,\"caption\":\"By Ana Milan T2\"},{\"@type\":\"BreadcrumbList\",\"@id\":\"https:\\\/\\\/buendiaestudios.com\\\/en\\\/2021\\\/08\\\/09\\\/ya-puedes-ver-el-cartel-oficial-de-la-t2-de-by-ana-milan-que-se-estrenara-en-septiembre-en-atresplayer-premium\\\/#breadcrumb\",\"itemListElement\":[{\"@type\":\"ListItem\",\"position\":1,\"name\":\"Portada\",\"item\":\"https:\\\/\\\/buendiaestudios.com\\\/en\\\/\"},{\"@type\":\"ListItem\",\"position\":2,\"name\":\"You can already see the official poster of the 2nd. Season of &#8216;By Ana Mil\u00e1n&#8217;, which will premiere in September at ATRESplayer PREMIUM\"}]},{\"@type\":\"WebSite\",\"@id\":\"https:\\\/\\\/buendiaestudios.com\\\/#website\",\"url\":\"https:\\\/\\\/buendiaestudios.com\\\/\",\"name\":\"Buend\u00eda Estudios\",\"description\":\"BUEND\u00cdA ESTUDIOS is an independent production company of audiovisual content created by ATRESMEDIA and TELEFONICA (through Movistar+), in a strategic alliance.\",\"publisher\":{\"@id\":\"https:\\\/\\\/buendiaestudios.com\\\/#organization\"},\"potentialAction\":[{\"@type\":\"SearchAction\",\"target\":{\"@type\":\"EntryPoint\",\"urlTemplate\":\"https:\\\/\\\/buendiaestudios.com\\\/?s={search_term_string}\"},\"query-input\":{\"@type\":\"PropertyValueSpecification\",\"valueRequired\":true,\"valueName\":\"search_term_string\"}}],\"inLanguage\":\"en-US\"},{\"@type\":\"Organization\",\"@id\":\"https:\\\/\\\/buendiaestudios.com\\\/#organization\",\"name\":\"Buend\u00eda Estudios\",\"url\":\"https:\\\/\\\/buendiaestudios.com\\\/\",\"logo\":{\"@type\":\"ImageObject\",\"inLanguage\":\"en-US\",\"@id\":\"https:\\\/\\\/buendiaestudios.com\\\/#\\\/schema\\\/logo\\\/image\\\/\",\"url\":\"https:\\\/\\\/buendiaestudios.com\\\/wp-content\\\/uploads\\\/2021\\\/02\\\/logo-buendia-estudios.jpg\",\"contentUrl\":\"https:\\\/\\\/buendiaestudios.com\\\/wp-content\\\/uploads\\\/2021\\\/02\\\/logo-buendia-estudios.jpg\",\"width\":988,\"height\":325,\"caption\":\"Buend\u00eda Estudios\"},\"image\":{\"@id\":\"https:\\\/\\\/buendiaestudios.com\\\/#\\\/schema\\\/logo\\\/image\\\/\"},\"sameAs\":[\"https:\\\/\\\/www.facebook.com\\\/buendiaestudios\",\"https:\\\/\\\/x.com\\\/BuendiaEstudios\",\"https:\\\/\\\/www.instagram.com\\\/buendiaestudios\\\/\",\"https:\\\/\\\/www.linkedin.com\\\/company\\\/buend\u00eda-estudios\\\/\"]},{\"@type\":\"Person\",\"@id\":\"https:\\\/\\\/buendiaestudios.com\\\/#\\\/schema\\\/person\\\/192bd02e2f753421ea259f0f385c594a\",\"name\":\"marta\",\"image\":{\"@type\":\"ImageObject\",\"inLanguage\":\"en-US\",\"@id\":\"https:\\\/\\\/secure.gravatar.com\\\/avatar\\\/fd1aad5206beed12165c47b25a60bc78225dd9bee5c531dbfed1e9cc445e712c?s=96&d=mm&r=g\",\"url\":\"https:\\\/\\\/secure.gravatar.com\\\/avatar\\\/fd1aad5206beed12165c47b25a60bc78225dd9bee5c531dbfed1e9cc445e712c?s=96&d=mm&r=g\",\"contentUrl\":\"https:\\\/\\\/secure.gravatar.com\\\/avatar\\\/fd1aad5206beed12165c47b25a60bc78225dd9bee5c531dbfed1e9cc445e712c?s=96&d=mm&r=g\",\"caption\":\"marta\"}}]}<\/script>\n<!-- \/ Yoast SEO plugin. -->","yoast_head_json":{"title":"You can already see the official poster of the 2nd. Season of 'By Ana Mil\u00e1n', which will premiere in September at ATRESplayer PREMIUM - Buend\u00eda Estudios","robots":{"index":"index","follow":"follow","max-snippet":"max-snippet:-1","max-image-preview":"max-image-preview:large","max-video-preview":"max-video-preview:-1"},"canonical":"https:\/\/buendiaestudios.com\/en\/2021\/08\/09\/ya-puedes-ver-el-cartel-oficial-de-la-t2-de-by-ana-milan-que-se-estrenara-en-septiembre-en-atresplayer-premium\/","og_locale":"en_US","og_type":"article","og_title":"You can already see the official poster of the 2nd. Season of 'By Ana Mil\u00e1n', which will premiere in September at ATRESplayer PREMIUM - Buend\u00eda Estudios","og_description":"After a successful first installment, Ana Mil\u00e1n returns to play herself in the second season of this comedy that mixes reality and fiction, and that will arrive next September on the Atresmedia payment platform.","og_url":"https:\/\/buendiaestudios.com\/en\/2021\/08\/09\/ya-puedes-ver-el-cartel-oficial-de-la-t2-de-by-ana-milan-que-se-estrenara-en-septiembre-en-atresplayer-premium\/","og_site_name":"Buend\u00eda Estudios","article_publisher":"https:\/\/www.facebook.com\/buendiaestudios","article_published_time":"2021-08-09T12:30:00+00:00","article_modified_time":"2021-08-30T13:30:00+00:00","og_image":[{"width":1080,"height":1080,"url":"https:\/\/buendiaestudios.com\/media\/2021\/08\/ByAnaMilan-t2.png","type":"image\/png"}],"author":"marta","twitter_card":"summary_large_image","twitter_creator":"@BuendiaEstudios","twitter_site":"@BuendiaEstudios","twitter_misc":{"Written by":"marta","Est. reading time":"2 minutes"},"schema":{"@context":"https:\/\/schema.org","@graph":[{"@type":"Article","@id":"https:\/\/buendiaestudios.com\/en\/2021\/08\/09\/ya-puedes-ver-el-cartel-oficial-de-la-t2-de-by-ana-milan-que-se-estrenara-en-septiembre-en-atresplayer-premium\/#article","isPartOf":{"@id":"https:\/\/buendiaestudios.com\/en\/2021\/08\/09\/ya-puedes-ver-el-cartel-oficial-de-la-t2-de-by-ana-milan-que-se-estrenara-en-septiembre-en-atresplayer-premium\/"},"author":{"name":"marta","@id":"https:\/\/buendiaestudios.com\/#\/schema\/person\/192bd02e2f753421ea259f0f385c594a"},"headline":"You can already see the official poster of the 2nd. Season of &#8216;By Ana Mil\u00e1n&#8217;, which will premiere in September at ATRESplayer PREMIUM","datePublished":"2021-08-09T12:30:00+00:00","dateModified":"2021-08-30T13:30:00+00:00","mainEntityOfPage":{"@id":"https:\/\/buendiaestudios.com\/en\/2021\/08\/09\/ya-puedes-ver-el-cartel-oficial-de-la-t2-de-by-ana-milan-que-se-estrenara-en-septiembre-en-atresplayer-premium\/"},"wordCount":422,"publisher":{"@id":"https:\/\/buendiaestudios.com\/#organization"},"image":{"@id":"https:\/\/buendiaestudios.com\/en\/2021\/08\/09\/ya-puedes-ver-el-cartel-oficial-de-la-t2-de-by-ana-milan-que-se-estrenara-en-septiembre-en-atresplayer-premium\/#primaryimage"},"thumbnailUrl":"https:\/\/buendiaestudios.com\/media\/2021\/08\/ByAnaMilan-t2.png","articleSection":["Noticias"],"inLanguage":"en-US"},{"@type":"WebPage","@id":"https:\/\/buendiaestudios.com\/en\/2021\/08\/09\/ya-puedes-ver-el-cartel-oficial-de-la-t2-de-by-ana-milan-que-se-estrenara-en-septiembre-en-atresplayer-premium\/","url":"https:\/\/buendiaestudios.com\/en\/2021\/08\/09\/ya-puedes-ver-el-cartel-oficial-de-la-t2-de-by-ana-milan-que-se-estrenara-en-septiembre-en-atresplayer-premium\/","name":"You can already see the official poster of the 2nd. Season of 'By Ana Mil\u00e1n', which will premiere in September at ATRESplayer PREMIUM - Buend\u00eda Estudios","isPartOf":{"@id":"https:\/\/buendiaestudios.com\/#website"},"primaryImageOfPage":{"@id":"https:\/\/buendiaestudios.com\/en\/2021\/08\/09\/ya-puedes-ver-el-cartel-oficial-de-la-t2-de-by-ana-milan-que-se-estrenara-en-septiembre-en-atresplayer-premium\/#primaryimage"},"image":{"@id":"https:\/\/buendiaestudios.com\/en\/2021\/08\/09\/ya-puedes-ver-el-cartel-oficial-de-la-t2-de-by-ana-milan-que-se-estrenara-en-septiembre-en-atresplayer-premium\/#primaryimage"},"thumbnailUrl":"https:\/\/buendiaestudios.com\/media\/2021\/08\/ByAnaMilan-t2.png","datePublished":"2021-08-09T12:30:00+00:00","dateModified":"2021-08-30T13:30:00+00:00","breadcrumb":{"@id":"https:\/\/buendiaestudios.com\/en\/2021\/08\/09\/ya-puedes-ver-el-cartel-oficial-de-la-t2-de-by-ana-milan-que-se-estrenara-en-septiembre-en-atresplayer-premium\/#breadcrumb"},"inLanguage":"en-US","potentialAction":[{"@type":"ReadAction","target":["https:\/\/buendiaestudios.com\/en\/2021\/08\/09\/ya-puedes-ver-el-cartel-oficial-de-la-t2-de-by-ana-milan-que-se-estrenara-en-septiembre-en-atresplayer-premium\/"]}]},{"@type":"ImageObject","inLanguage":"en-US","@id":"https:\/\/buendiaestudios.com\/en\/2021\/08\/09\/ya-puedes-ver-el-cartel-oficial-de-la-t2-de-by-ana-milan-que-se-estrenara-en-septiembre-en-atresplayer-premium\/#primaryimage","url":"https:\/\/buendiaestudios.com\/media\/2021\/08\/ByAnaMilan-t2.png","contentUrl":"https:\/\/buendiaestudios.com\/media\/2021\/08\/ByAnaMilan-t2.png","width":1080,"height":1080,"caption":"By Ana Milan T2"},{"@type":"BreadcrumbList","@id":"https:\/\/buendiaestudios.com\/en\/2021\/08\/09\/ya-puedes-ver-el-cartel-oficial-de-la-t2-de-by-ana-milan-que-se-estrenara-en-septiembre-en-atresplayer-premium\/#breadcrumb","itemListElement":[{"@type":"ListItem","position":1,"name":"Portada","item":"https:\/\/buendiaestudios.com\/en\/"},{"@type":"ListItem","position":2,"name":"You can already see the official poster of the 2nd. Season of &#8216;By Ana Mil\u00e1n&#8217;, which will premiere in September at ATRESplayer PREMIUM"}]},{"@type":"WebSite","@id":"https:\/\/buendiaestudios.com\/#website","url":"https:\/\/buendiaestudios.com\/","name":"Buend\u00eda Estudios","description":"BUEND\u00cdA ESTUDIOS is an independent production company of audiovisual content created by ATRESMEDIA and TELEFONICA (through Movistar+), in a strategic alliance.","publisher":{"@id":"https:\/\/buendiaestudios.com\/#organization"},"potentialAction":[{"@type":"SearchAction","target":{"@type":"EntryPoint","urlTemplate":"https:\/\/buendiaestudios.com\/?s={search_term_string}"},"query-input":{"@type":"PropertyValueSpecification","valueRequired":true,"valueName":"search_term_string"}}],"inLanguage":"en-US"},{"@type":"Organization","@id":"https:\/\/buendiaestudios.com\/#organization","name":"Buend\u00eda Estudios","url":"https:\/\/buendiaestudios.com\/","logo":{"@type":"ImageObject","inLanguage":"en-US","@id":"https:\/\/buendiaestudios.com\/#\/schema\/logo\/image\/","url":"https:\/\/buendiaestudios.com\/media\/2021\/02\/logo-buendia-estudios.jpg","contentUrl":"https:\/\/buendiaestudios.com\/media\/2021\/02\/logo-buendia-estudios.jpg","width":988,"height":325,"caption":"Buend\u00eda Estudios"},"image":{"@id":"https:\/\/buendiaestudios.com\/#\/schema\/logo\/image\/"},"sameAs":["https:\/\/www.facebook.com\/buendiaestudios","https:\/\/x.com\/BuendiaEstudios","https:\/\/www.instagram.com\/buendiaestudios\/","https:\/\/www.linkedin.com\/company\/buend\u00eda-estudios\/"]},{"@type":"Person","@id":"https:\/\/buendiaestudios.com\/#\/schema\/person\/192bd02e2f753421ea259f0f385c594a","name":"marta","image":{"@type":"ImageObject","inLanguage":"en-US","@id":"https:\/\/secure.gravatar.com\/avatar\/fd1aad5206beed12165c47b25a60bc78225dd9bee5c531dbfed1e9cc445e712c?s=96&d=mm&r=g","url":"https:\/\/secure.gravatar.com\/avatar\/fd1aad5206beed12165c47b25a60bc78225dd9bee5c531dbfed1e9cc445e712c?s=96&d=mm&r=g","contentUrl":"https:\/\/secure.gravatar.com\/avatar\/fd1aad5206beed12165c47b25a60bc78225dd9bee5c531dbfed1e9cc445e712c?s=96&d=mm&r=g","caption":"marta"}}]}},"_links":{"self":[{"href":"https:\/\/buendiaestudios.com\/en\/wp-json\/wp\/v2\/posts\/1686","targetHints":{"allow":["GET"]}}],"collection":[{"href":"https:\/\/buendiaestudios.com\/en\/wp-json\/wp\/v2\/posts"}],"about":[{"href":"https:\/\/buendiaestudios.com\/en\/wp-json\/wp\/v2\/types\/post"}],"author":[{"embeddable":true,"href":"https:\/\/buendiaestudios.com\/en\/wp-json\/wp\/v2\/users\/7"}],"replies":[{"embeddable":true,"href":"https:\/\/buendiaestudios.com\/en\/wp-json\/wp\/v2\/comments?post=1686"}],"version-history":[{"count":2,"href":"https:\/\/buendiaestudios.com\/en\/wp-json\/wp\/v2\/posts\/1686\/revisions"}],"predecessor-version":[{"id":1689,"href":"https:\/\/buendiaestudios.com\/en\/wp-json\/wp\/v2\/posts\/1686\/revisions\/1689"}],"wp:featuredmedia":[{"embeddable":true,"href":"https:\/\/buendiaestudios.com\/en\/wp-json\/wp\/v2\/media\/1602"}],"wp:attachment":[{"href":"https:\/\/buendiaestudios.com\/en\/wp-json\/wp\/v2\/media?parent=1686"}],"wp:term":[{"taxonomy":"category","embeddable":true,"href":"https:\/\/buendiaestudios.com\/en\/wp-json\/wp\/v2\/categories?post=1686"},{"taxonomy":"post_tag","embeddable":true,"href":"https:\/\/buendiaestudios.com\/en\/wp-json\/wp\/v2\/tags?post=1686"}],"curies":[{"name":"wp","href":"https:\/\/api.w.org\/{rel}","templated":true}]}}