{"id":1568,"date":"2021-06-22T16:42:25","date_gmt":"2021-06-22T16:42:25","guid":{"rendered":"https:\/\/buendiaestudios.com\/2021\/06\/22\/rodaje-heridas-serie-antena-3-buendia\/"},"modified":"2021-06-24T09:51:19","modified_gmt":"2021-06-24T09:51:19","slug":"rodaje-heridas-serie-antena-3-buendia","status":"publish","type":"post","link":"https:\/\/buendiaestudios.com\/en\/2021\/06\/22\/rodaje-heridas-serie-antena-3-buendia\/","title":{"rendered":"The filming of \u2018Heridas\u2019 begins, the new series of Antena 3 produced by Buend\u00eda Estudios"},"content":{"rendered":"\n<p>&#8216;<strong>Heridas<\/strong>&#8216;, the new series for the prime time of <strong>Antena 3<\/strong>, has just started its shooting, which will be extended during the coming months in spectacular locations, both exterior and interior of C\u00e1diz, Tarifa, Cabo de Gata, Madrid, Guadalajara and Toledo. Based on the Japanese series &#8216;Mother&#8217; and its subsequent turkish remake of great international success, &#8216;<strong>Heridas<\/strong>&#8216; will also be available on <strong>ATRESplayer PREMIUM<\/strong>.<\/p>\n\n\n\n<p>The cast of the new series of <strong>Antena 3<\/strong> is headed by <strong>Adriana Ugarte<\/strong>, <strong>Cosette Silguero<\/strong> and <strong>Mar\u00eda Le\u00f3n<\/strong>, who play the protagonists of the story. Along with them, the cast is completed by <strong>Javier Collado, Elisabet Gelabert, Sonia Almarcha, Pau Dur\u00e1, Xo\u00e1n F\u00f3rneas and Iv\u00e1n Marcos<\/strong>, among others.<\/p>\n\n\n\n<p>\u00a0&#8216;Heridas&#8217; is an intense drama that relates to the theme of child abandonment and the search for one&#8217;s identity through the present and past experiences of its two protagonists. It will have 13 chapters of 50 minutes each. It is a production of <strong>Atresmedia TV in collaboration with Buend\u00eda Estudios<\/strong>.<\/p>\n\n\n\n<p><strong>Montse Garc\u00eda, Sonia Mart\u00ednez and Eduardo Galdo<\/strong> are the executive producers of this new fiction from the SERIESATRESMEDIA label.\u00a0Luc\u00eda Alonso-Allende is co-executive producer.\u00a0&#8216;Heridas&#8217; will be directed by<strong> Tito L\u00f3pez Amado and Juanma Pach\u00f3n<\/strong>.\u00a0Pepe Ripoll and Xavi Guallar are the production directors, while Juan Le\u00f3n is in charge of the casting.<\/p>\n\n\n\n<p>The writing team consists of <strong>Eduardo Galdo, Lele Portas, Marco T. Socorro, Joana Ortueta, Humberto Ortega and Natalia Garc\u00eda-Prieto<\/strong>. At the head of the direction of photography will be Johnny Yebra and Juan Molina. The art director is Jorge de Soto.\u00a0Bubi Escobar is the head of Costumes and the music will be in charge of Pablo Cervantes.<\/p>\n\n\n\n<p><strong><span class=\"has-inline-color has-luminous-vivid-orange-color\">This is &#8216;Heridas&#8217;<\/span><\/strong><\/p>\n\n\n\n<p>Manuela is a young woman who lives alone in a cabin where she studies the Andalusian wetlands. At the age of 28, her life revolves around birds, the ones living there and those that are passing through like her.<\/p>\n\n\n\n<p>A few kilometers away lives Alba, a seven-year-old girl who never has anyone to make her breakfast. Her mother, Yolanda, works at night as a pole dancer and sleeps during the day. Her boyfriend, Lucho, will not take care of a girl who is not his own child. The house is a mess of objects and schedules. Alba, as she can, attends school, often with nothing in her stomach.<\/p>\n\n\n\n<p>The day Manuela meets little Alba, she will start a journey that <strong>will force her to face the demons of her past<\/strong> and question the pillars of her life.<\/p>\n","protected":false},"excerpt":{"rendered":"<p>Based on the international phenomenon &#8216;Mother&#8217; (\u2018Madre\u2019), the fiction stars Adriana Ugarte, Cosette Silguero and Mar\u00eda Le\u00f3n. The main cast is completed by by Javier Collado, Elisabet Gelabert, Sonia Almarcha, Pau Dur\u00e1, Xo\u00e1n F\u00f3rneas and Iv\u00e1n Marcos.<\/p>\n","protected":false},"author":7,"featured_media":1559,"comment_status":"closed","ping_status":"closed","sticky":false,"template":"","format":"standard","meta":{"_acf_changed":false,"footnotes":""},"categories":[34],"tags":[],"class_list":["post-1568","post","type-post","status-publish","format-standard","has-post-thumbnail","hentry","category-noticias-en"],"acf":[],"yoast_head":"<!-- This site is optimized with the Yoast SEO plugin v27.4 - https:\/\/yoast.com\/product\/yoast-seo-wordpress\/ -->\n<title>The filming of \u2018Heridas\u2019 begins, the new series of Antena 3 produced by Buend\u00eda Estudios - Buend\u00eda Estudios<\/title>\n<meta name=\"robots\" content=\"index, follow, max-snippet:-1, max-image-preview:large, max-video-preview:-1\" \/>\n<link rel=\"canonical\" href=\"https:\/\/buendiaestudios.com\/en\/2021\/06\/22\/rodaje-heridas-serie-antena-3-buendia\/\" \/>\n<meta property=\"og:locale\" content=\"en_US\" \/>\n<meta property=\"og:type\" content=\"article\" \/>\n<meta property=\"og:title\" content=\"The filming of \u2018Heridas\u2019 begins, the new series of Antena 3 produced by Buend\u00eda Estudios - Buend\u00eda Estudios\" \/>\n<meta property=\"og:description\" content=\"Based on the international phenomenon &#039;Mother&#039; (\u2018Madre\u2019), the fiction stars Adriana Ugarte, Cosette Silguero and Mar\u00eda Le\u00f3n. The main cast is completed by by Javier Collado, Elisabet Gelabert, Sonia Almarcha, Pau Dur\u00e1, Xo\u00e1n F\u00f3rneas and Iv\u00e1n Marcos.\" \/>\n<meta property=\"og:url\" content=\"https:\/\/buendiaestudios.com\/en\/2021\/06\/22\/rodaje-heridas-serie-antena-3-buendia\/\" \/>\n<meta property=\"og:site_name\" content=\"Buend\u00eda Estudios\" \/>\n<meta property=\"article:publisher\" content=\"https:\/\/www.facebook.com\/buendiaestudios\" \/>\n<meta property=\"article:published_time\" content=\"2021-06-22T16:42:25+00:00\" \/>\n<meta property=\"article:modified_time\" content=\"2021-06-24T09:51:19+00:00\" \/>\n<meta property=\"og:image\" content=\"https:\/\/buendiaestudios.com\/media\/2021\/06\/Heridas-Baja.jpg\" \/>\n\t<meta property=\"og:image:width\" content=\"1000\" \/>\n\t<meta property=\"og:image:height\" content=\"666\" \/>\n\t<meta property=\"og:image:type\" content=\"image\/jpeg\" \/>\n<meta name=\"author\" content=\"marta\" \/>\n<meta name=\"twitter:card\" content=\"summary_large_image\" \/>\n<meta name=\"twitter:creator\" content=\"@BuendiaEstudios\" \/>\n<meta name=\"twitter:site\" content=\"@BuendiaEstudios\" \/>\n<meta name=\"twitter:label1\" content=\"Written by\" \/>\n\t<meta name=\"twitter:data1\" content=\"marta\" \/>\n\t<meta name=\"twitter:label2\" content=\"Est. reading time\" \/>\n\t<meta name=\"twitter:data2\" content=\"2 minutes\" \/>\n<script type=\"application\/ld+json\" class=\"yoast-schema-graph\">{\"@context\":\"https:\\\/\\\/schema.org\",\"@graph\":[{\"@type\":\"Article\",\"@id\":\"https:\\\/\\\/buendiaestudios.com\\\/en\\\/2021\\\/06\\\/22\\\/rodaje-heridas-serie-antena-3-buendia\\\/#article\",\"isPartOf\":{\"@id\":\"https:\\\/\\\/buendiaestudios.com\\\/en\\\/2021\\\/06\\\/22\\\/rodaje-heridas-serie-antena-3-buendia\\\/\"},\"author\":{\"name\":\"marta\",\"@id\":\"https:\\\/\\\/buendiaestudios.com\\\/#\\\/schema\\\/person\\\/192bd02e2f753421ea259f0f385c594a\"},\"headline\":\"The filming of \u2018Heridas\u2019 begins, the new series of Antena 3 produced by Buend\u00eda Estudios\",\"datePublished\":\"2021-06-22T16:42:25+00:00\",\"dateModified\":\"2021-06-24T09:51:19+00:00\",\"mainEntityOfPage\":{\"@id\":\"https:\\\/\\\/buendiaestudios.com\\\/en\\\/2021\\\/06\\\/22\\\/rodaje-heridas-serie-antena-3-buendia\\\/\"},\"wordCount\":439,\"publisher\":{\"@id\":\"https:\\\/\\\/buendiaestudios.com\\\/#organization\"},\"image\":{\"@id\":\"https:\\\/\\\/buendiaestudios.com\\\/en\\\/2021\\\/06\\\/22\\\/rodaje-heridas-serie-antena-3-buendia\\\/#primaryimage\"},\"thumbnailUrl\":\"https:\\\/\\\/buendiaestudios.com\\\/wp-content\\\/uploads\\\/2021\\\/06\\\/Heridas-Baja.jpg\",\"articleSection\":[\"Noticias\"],\"inLanguage\":\"en-US\"},{\"@type\":\"WebPage\",\"@id\":\"https:\\\/\\\/buendiaestudios.com\\\/en\\\/2021\\\/06\\\/22\\\/rodaje-heridas-serie-antena-3-buendia\\\/\",\"url\":\"https:\\\/\\\/buendiaestudios.com\\\/en\\\/2021\\\/06\\\/22\\\/rodaje-heridas-serie-antena-3-buendia\\\/\",\"name\":\"The filming of \u2018Heridas\u2019 begins, the new series of Antena 3 produced by Buend\u00eda Estudios - Buend\u00eda Estudios\",\"isPartOf\":{\"@id\":\"https:\\\/\\\/buendiaestudios.com\\\/#website\"},\"primaryImageOfPage\":{\"@id\":\"https:\\\/\\\/buendiaestudios.com\\\/en\\\/2021\\\/06\\\/22\\\/rodaje-heridas-serie-antena-3-buendia\\\/#primaryimage\"},\"image\":{\"@id\":\"https:\\\/\\\/buendiaestudios.com\\\/en\\\/2021\\\/06\\\/22\\\/rodaje-heridas-serie-antena-3-buendia\\\/#primaryimage\"},\"thumbnailUrl\":\"https:\\\/\\\/buendiaestudios.com\\\/wp-content\\\/uploads\\\/2021\\\/06\\\/Heridas-Baja.jpg\",\"datePublished\":\"2021-06-22T16:42:25+00:00\",\"dateModified\":\"2021-06-24T09:51:19+00:00\",\"breadcrumb\":{\"@id\":\"https:\\\/\\\/buendiaestudios.com\\\/en\\\/2021\\\/06\\\/22\\\/rodaje-heridas-serie-antena-3-buendia\\\/#breadcrumb\"},\"inLanguage\":\"en-US\",\"potentialAction\":[{\"@type\":\"ReadAction\",\"target\":[\"https:\\\/\\\/buendiaestudios.com\\\/en\\\/2021\\\/06\\\/22\\\/rodaje-heridas-serie-antena-3-buendia\\\/\"]}]},{\"@type\":\"ImageObject\",\"inLanguage\":\"en-US\",\"@id\":\"https:\\\/\\\/buendiaestudios.com\\\/en\\\/2021\\\/06\\\/22\\\/rodaje-heridas-serie-antena-3-buendia\\\/#primaryimage\",\"url\":\"https:\\\/\\\/buendiaestudios.com\\\/wp-content\\\/uploads\\\/2021\\\/06\\\/Heridas-Baja.jpg\",\"contentUrl\":\"https:\\\/\\\/buendiaestudios.com\\\/wp-content\\\/uploads\\\/2021\\\/06\\\/Heridas-Baja.jpg\",\"width\":1000,\"height\":666,\"caption\":\"Heridas Buend\u00eda Estudios\"},{\"@type\":\"BreadcrumbList\",\"@id\":\"https:\\\/\\\/buendiaestudios.com\\\/en\\\/2021\\\/06\\\/22\\\/rodaje-heridas-serie-antena-3-buendia\\\/#breadcrumb\",\"itemListElement\":[{\"@type\":\"ListItem\",\"position\":1,\"name\":\"Portada\",\"item\":\"https:\\\/\\\/buendiaestudios.com\\\/en\\\/\"},{\"@type\":\"ListItem\",\"position\":2,\"name\":\"The filming of \u2018Heridas\u2019 begins, the new series of Antena 3 produced by Buend\u00eda Estudios\"}]},{\"@type\":\"WebSite\",\"@id\":\"https:\\\/\\\/buendiaestudios.com\\\/#website\",\"url\":\"https:\\\/\\\/buendiaestudios.com\\\/\",\"name\":\"Buend\u00eda Estudios\",\"description\":\"BUEND\u00cdA ESTUDIOS is an independent production company of audiovisual content created by ATRESMEDIA and TELEFONICA (through Movistar+), in a strategic alliance.\",\"publisher\":{\"@id\":\"https:\\\/\\\/buendiaestudios.com\\\/#organization\"},\"potentialAction\":[{\"@type\":\"SearchAction\",\"target\":{\"@type\":\"EntryPoint\",\"urlTemplate\":\"https:\\\/\\\/buendiaestudios.com\\\/?s={search_term_string}\"},\"query-input\":{\"@type\":\"PropertyValueSpecification\",\"valueRequired\":true,\"valueName\":\"search_term_string\"}}],\"inLanguage\":\"en-US\"},{\"@type\":\"Organization\",\"@id\":\"https:\\\/\\\/buendiaestudios.com\\\/#organization\",\"name\":\"Buend\u00eda Estudios\",\"url\":\"https:\\\/\\\/buendiaestudios.com\\\/\",\"logo\":{\"@type\":\"ImageObject\",\"inLanguage\":\"en-US\",\"@id\":\"https:\\\/\\\/buendiaestudios.com\\\/#\\\/schema\\\/logo\\\/image\\\/\",\"url\":\"https:\\\/\\\/buendiaestudios.com\\\/wp-content\\\/uploads\\\/2021\\\/02\\\/logo-buendia-estudios.jpg\",\"contentUrl\":\"https:\\\/\\\/buendiaestudios.com\\\/wp-content\\\/uploads\\\/2021\\\/02\\\/logo-buendia-estudios.jpg\",\"width\":988,\"height\":325,\"caption\":\"Buend\u00eda Estudios\"},\"image\":{\"@id\":\"https:\\\/\\\/buendiaestudios.com\\\/#\\\/schema\\\/logo\\\/image\\\/\"},\"sameAs\":[\"https:\\\/\\\/www.facebook.com\\\/buendiaestudios\",\"https:\\\/\\\/x.com\\\/BuendiaEstudios\",\"https:\\\/\\\/www.instagram.com\\\/buendiaestudios\\\/\",\"https:\\\/\\\/www.linkedin.com\\\/company\\\/buend\u00eda-estudios\\\/\"]},{\"@type\":\"Person\",\"@id\":\"https:\\\/\\\/buendiaestudios.com\\\/#\\\/schema\\\/person\\\/192bd02e2f753421ea259f0f385c594a\",\"name\":\"marta\",\"image\":{\"@type\":\"ImageObject\",\"inLanguage\":\"en-US\",\"@id\":\"https:\\\/\\\/secure.gravatar.com\\\/avatar\\\/fd1aad5206beed12165c47b25a60bc78225dd9bee5c531dbfed1e9cc445e712c?s=96&d=mm&r=g\",\"url\":\"https:\\\/\\\/secure.gravatar.com\\\/avatar\\\/fd1aad5206beed12165c47b25a60bc78225dd9bee5c531dbfed1e9cc445e712c?s=96&d=mm&r=g\",\"contentUrl\":\"https:\\\/\\\/secure.gravatar.com\\\/avatar\\\/fd1aad5206beed12165c47b25a60bc78225dd9bee5c531dbfed1e9cc445e712c?s=96&d=mm&r=g\",\"caption\":\"marta\"}}]}<\/script>\n<!-- \/ Yoast SEO plugin. -->","yoast_head_json":{"title":"The filming of \u2018Heridas\u2019 begins, the new series of Antena 3 produced by Buend\u00eda Estudios - Buend\u00eda Estudios","robots":{"index":"index","follow":"follow","max-snippet":"max-snippet:-1","max-image-preview":"max-image-preview:large","max-video-preview":"max-video-preview:-1"},"canonical":"https:\/\/buendiaestudios.com\/en\/2021\/06\/22\/rodaje-heridas-serie-antena-3-buendia\/","og_locale":"en_US","og_type":"article","og_title":"The filming of \u2018Heridas\u2019 begins, the new series of Antena 3 produced by Buend\u00eda Estudios - Buend\u00eda Estudios","og_description":"Based on the international phenomenon 'Mother' (\u2018Madre\u2019), the fiction stars Adriana Ugarte, Cosette Silguero and Mar\u00eda Le\u00f3n. The main cast is completed by by Javier Collado, Elisabet Gelabert, Sonia Almarcha, Pau Dur\u00e1, Xo\u00e1n F\u00f3rneas and Iv\u00e1n Marcos.","og_url":"https:\/\/buendiaestudios.com\/en\/2021\/06\/22\/rodaje-heridas-serie-antena-3-buendia\/","og_site_name":"Buend\u00eda Estudios","article_publisher":"https:\/\/www.facebook.com\/buendiaestudios","article_published_time":"2021-06-22T16:42:25+00:00","article_modified_time":"2021-06-24T09:51:19+00:00","og_image":[{"width":1000,"height":666,"url":"https:\/\/buendiaestudios.com\/media\/2021\/06\/Heridas-Baja.jpg","type":"image\/jpeg"}],"author":"marta","twitter_card":"summary_large_image","twitter_creator":"@BuendiaEstudios","twitter_site":"@BuendiaEstudios","twitter_misc":{"Written by":"marta","Est. reading time":"2 minutes"},"schema":{"@context":"https:\/\/schema.org","@graph":[{"@type":"Article","@id":"https:\/\/buendiaestudios.com\/en\/2021\/06\/22\/rodaje-heridas-serie-antena-3-buendia\/#article","isPartOf":{"@id":"https:\/\/buendiaestudios.com\/en\/2021\/06\/22\/rodaje-heridas-serie-antena-3-buendia\/"},"author":{"name":"marta","@id":"https:\/\/buendiaestudios.com\/#\/schema\/person\/192bd02e2f753421ea259f0f385c594a"},"headline":"The filming of \u2018Heridas\u2019 begins, the new series of Antena 3 produced by Buend\u00eda Estudios","datePublished":"2021-06-22T16:42:25+00:00","dateModified":"2021-06-24T09:51:19+00:00","mainEntityOfPage":{"@id":"https:\/\/buendiaestudios.com\/en\/2021\/06\/22\/rodaje-heridas-serie-antena-3-buendia\/"},"wordCount":439,"publisher":{"@id":"https:\/\/buendiaestudios.com\/#organization"},"image":{"@id":"https:\/\/buendiaestudios.com\/en\/2021\/06\/22\/rodaje-heridas-serie-antena-3-buendia\/#primaryimage"},"thumbnailUrl":"https:\/\/buendiaestudios.com\/media\/2021\/06\/Heridas-Baja.jpg","articleSection":["Noticias"],"inLanguage":"en-US"},{"@type":"WebPage","@id":"https:\/\/buendiaestudios.com\/en\/2021\/06\/22\/rodaje-heridas-serie-antena-3-buendia\/","url":"https:\/\/buendiaestudios.com\/en\/2021\/06\/22\/rodaje-heridas-serie-antena-3-buendia\/","name":"The filming of \u2018Heridas\u2019 begins, the new series of Antena 3 produced by Buend\u00eda Estudios - Buend\u00eda Estudios","isPartOf":{"@id":"https:\/\/buendiaestudios.com\/#website"},"primaryImageOfPage":{"@id":"https:\/\/buendiaestudios.com\/en\/2021\/06\/22\/rodaje-heridas-serie-antena-3-buendia\/#primaryimage"},"image":{"@id":"https:\/\/buendiaestudios.com\/en\/2021\/06\/22\/rodaje-heridas-serie-antena-3-buendia\/#primaryimage"},"thumbnailUrl":"https:\/\/buendiaestudios.com\/media\/2021\/06\/Heridas-Baja.jpg","datePublished":"2021-06-22T16:42:25+00:00","dateModified":"2021-06-24T09:51:19+00:00","breadcrumb":{"@id":"https:\/\/buendiaestudios.com\/en\/2021\/06\/22\/rodaje-heridas-serie-antena-3-buendia\/#breadcrumb"},"inLanguage":"en-US","potentialAction":[{"@type":"ReadAction","target":["https:\/\/buendiaestudios.com\/en\/2021\/06\/22\/rodaje-heridas-serie-antena-3-buendia\/"]}]},{"@type":"ImageObject","inLanguage":"en-US","@id":"https:\/\/buendiaestudios.com\/en\/2021\/06\/22\/rodaje-heridas-serie-antena-3-buendia\/#primaryimage","url":"https:\/\/buendiaestudios.com\/media\/2021\/06\/Heridas-Baja.jpg","contentUrl":"https:\/\/buendiaestudios.com\/media\/2021\/06\/Heridas-Baja.jpg","width":1000,"height":666,"caption":"Heridas Buend\u00eda Estudios"},{"@type":"BreadcrumbList","@id":"https:\/\/buendiaestudios.com\/en\/2021\/06\/22\/rodaje-heridas-serie-antena-3-buendia\/#breadcrumb","itemListElement":[{"@type":"ListItem","position":1,"name":"Portada","item":"https:\/\/buendiaestudios.com\/en\/"},{"@type":"ListItem","position":2,"name":"The filming of \u2018Heridas\u2019 begins, the new series of Antena 3 produced by Buend\u00eda Estudios"}]},{"@type":"WebSite","@id":"https:\/\/buendiaestudios.com\/#website","url":"https:\/\/buendiaestudios.com\/","name":"Buend\u00eda Estudios","description":"BUEND\u00cdA ESTUDIOS is an independent production company of audiovisual content created by ATRESMEDIA and TELEFONICA (through Movistar+), in a strategic alliance.","publisher":{"@id":"https:\/\/buendiaestudios.com\/#organization"},"potentialAction":[{"@type":"SearchAction","target":{"@type":"EntryPoint","urlTemplate":"https:\/\/buendiaestudios.com\/?s={search_term_string}"},"query-input":{"@type":"PropertyValueSpecification","valueRequired":true,"valueName":"search_term_string"}}],"inLanguage":"en-US"},{"@type":"Organization","@id":"https:\/\/buendiaestudios.com\/#organization","name":"Buend\u00eda Estudios","url":"https:\/\/buendiaestudios.com\/","logo":{"@type":"ImageObject","inLanguage":"en-US","@id":"https:\/\/buendiaestudios.com\/#\/schema\/logo\/image\/","url":"https:\/\/buendiaestudios.com\/media\/2021\/02\/logo-buendia-estudios.jpg","contentUrl":"https:\/\/buendiaestudios.com\/media\/2021\/02\/logo-buendia-estudios.jpg","width":988,"height":325,"caption":"Buend\u00eda Estudios"},"image":{"@id":"https:\/\/buendiaestudios.com\/#\/schema\/logo\/image\/"},"sameAs":["https:\/\/www.facebook.com\/buendiaestudios","https:\/\/x.com\/BuendiaEstudios","https:\/\/www.instagram.com\/buendiaestudios\/","https:\/\/www.linkedin.com\/company\/buend\u00eda-estudios\/"]},{"@type":"Person","@id":"https:\/\/buendiaestudios.com\/#\/schema\/person\/192bd02e2f753421ea259f0f385c594a","name":"marta","image":{"@type":"ImageObject","inLanguage":"en-US","@id":"https:\/\/secure.gravatar.com\/avatar\/fd1aad5206beed12165c47b25a60bc78225dd9bee5c531dbfed1e9cc445e712c?s=96&d=mm&r=g","url":"https:\/\/secure.gravatar.com\/avatar\/fd1aad5206beed12165c47b25a60bc78225dd9bee5c531dbfed1e9cc445e712c?s=96&d=mm&r=g","contentUrl":"https:\/\/secure.gravatar.com\/avatar\/fd1aad5206beed12165c47b25a60bc78225dd9bee5c531dbfed1e9cc445e712c?s=96&d=mm&r=g","caption":"marta"}}]}},"_links":{"self":[{"href":"https:\/\/buendiaestudios.com\/en\/wp-json\/wp\/v2\/posts\/1568","targetHints":{"allow":["GET"]}}],"collection":[{"href":"https:\/\/buendiaestudios.com\/en\/wp-json\/wp\/v2\/posts"}],"about":[{"href":"https:\/\/buendiaestudios.com\/en\/wp-json\/wp\/v2\/types\/post"}],"author":[{"embeddable":true,"href":"https:\/\/buendiaestudios.com\/en\/wp-json\/wp\/v2\/users\/7"}],"replies":[{"embeddable":true,"href":"https:\/\/buendiaestudios.com\/en\/wp-json\/wp\/v2\/comments?post=1568"}],"version-history":[{"count":1,"href":"https:\/\/buendiaestudios.com\/en\/wp-json\/wp\/v2\/posts\/1568\/revisions"}],"predecessor-version":[{"id":1570,"href":"https:\/\/buendiaestudios.com\/en\/wp-json\/wp\/v2\/posts\/1568\/revisions\/1570"}],"wp:featuredmedia":[{"embeddable":true,"href":"https:\/\/buendiaestudios.com\/en\/wp-json\/wp\/v2\/media\/1559"}],"wp:attachment":[{"href":"https:\/\/buendiaestudios.com\/en\/wp-json\/wp\/v2\/media?parent=1568"}],"wp:term":[{"taxonomy":"category","embeddable":true,"href":"https:\/\/buendiaestudios.com\/en\/wp-json\/wp\/v2\/categories?post=1568"},{"taxonomy":"post_tag","embeddable":true,"href":"https:\/\/buendiaestudios.com\/en\/wp-json\/wp\/v2\/tags?post=1568"}],"curies":[{"name":"wp","href":"https:\/\/api.w.org\/{rel}","templated":true}]}}