{"id":1435,"date":"2021-05-18T14:00:00","date_gmt":"2021-05-18T14:00:00","guid":{"rendered":"https:\/\/buendiaestudios.com\/2021\/05\/18\/trailer-oficial-drag-race-espana-reinas-estreno-2\/"},"modified":"2021-06-01T14:10:54","modified_gmt":"2021-06-01T14:10:54","slug":"see-now-official-trailer-drag-race-espana","status":"publish","type":"post","link":"https:\/\/buendiaestudios.com\/en\/2021\/05\/18\/see-now-official-trailer-drag-race-espana\/","title":{"rendered":"You can now see the official trailer for &#8216;Drag Race Espa\u00f1a&#8217; which opens this May 30 on ATRESplayer PREMIUM"},"content":{"rendered":"\n<p>ATRESplayer PREMIUM has the engines ready for the big premiere of &#8216;<strong>Drag Race Espa\u00f1a<\/strong>&#8216;. The first edition of the long-awaited format arrives exclusively on Atresmedia&#8217;s payment platform <strong>on May 30<\/strong>. Every Sunday, viewers will have a new episode of &#8216;Drag Race Espa\u00f1a&#8217; available from 8 pm.\u00a0A unique way to enjoy this special format.<\/p>\n\n\n\n<figure class=\"wp-block-embed is-type-video is-provider-youtube wp-block-embed-youtube wp-embed-aspect-16-9 wp-has-aspect-ratio\"><div class=\"wp-block-embed__wrapper\">\n<iframe loading=\"lazy\" title=\"Primeras im\u00e1genes de &#039;Drag Race Espa\u00f1a&#039; | Estreno el 30 de mayo solo en ATRESplayer PREMIUM\" width=\"500\" height=\"281\" src=\"https:\/\/www.youtube.com\/embed\/pTVXMdGozv8?feature=oembed\" frameborder=\"0\" allow=\"accelerometer; autoplay; clipboard-write; encrypted-media; gyroscope; picture-in-picture; web-share\" referrerpolicy=\"strict-origin-when-cross-origin\" allowfullscreen><\/iframe>\n<\/div><\/figure>\n\n\n\n<p>The audience already knows the names of the 10 queens who will participate in the first edition of the format, but from next May 30 they will see what they are capable of. The race begins by <strong>Arantxa Castilla La Mancha, Carmen Farala, Dovima Nurmi, Drag Vulcano, Hugaceo Crujiente, Inti, Killer Queen, Pupi Poisson, Sagittaria and The Macarena<\/strong> to be crowned in &#8216;Drag Race Espa\u00f1a&#8217;.<\/p>\n\n\n\n<p>The Spanish version of &#8216;Drag Race&#8217; will be produced by<strong> Atresmedia Television in collaboration with Buend\u00eda Estudios <\/strong>after having reached an agreement in Spain with Passion Distribuition in favor of WOW (World of Wonder). Randy Barbato, Fenton Bailey and Tom Campbell are executive producers of World of Wonder.<\/p>\n\n\n\n<p>After the premiere of each installment, ATRESplayer PREMIUM will release a new chapter of &#8216;<strong>Tras la carrera<\/strong>&#8216;, a program in which Ana Locking interviews the eliminated queen from the week and where we can learn much more about her time in the program. In addition, it will show looks that she wasn\u2019t able to show on the catwalk. <\/p>\n\n\n\n<p><strong>Supremme de Luxe<\/strong> will be the presenter of &#8216;Drag Race Espa\u00f1a&#8217;, accompanied each week by a fixed jury of exception that has been recognized on many occasions as fans of the format: <strong>Javier Calvo<\/strong>, <strong>Javier Ambrossi<\/strong> and the fashion designer <strong>Ana Locking<\/strong>.<\/p>\n\n\n\n<p><strong><span class=\"has-inline-color has-luminous-vivid-orange-color\"><strong>\u2018Meet the Queens\u2019, this Sunday at ATRESplayer PREMIUM<\/strong><\/span><\/strong><\/p>\n\n\n\n<p>As an aperitif of what is about to arrive at ATRESplayer PREMIUM, this Sunday, May 23 at 20:00 hours the platform premieres the famous \u2018<strong>Meet the Queens<\/strong>&#8216;, where viewers will be able to get to know the 10 participating queens a little better.<\/p>\n","protected":false},"excerpt":{"rendered":"<p>This Tuesday at the press conference of &#8216;Drag Race Espa\u00f1a&#8217;, the long-awaited trailer for the format has been presented showing the entry looks of the queens and the work room<\/p>\n","protected":false},"author":7,"featured_media":1397,"comment_status":"closed","ping_status":"closed","sticky":false,"template":"","format":"standard","meta":{"_acf_changed":false,"footnotes":""},"categories":[],"tags":[],"class_list":["post-1435","post","type-post","status-publish","format-standard","has-post-thumbnail","hentry"],"acf":[],"yoast_head":"<!-- This site is optimized with the Yoast SEO plugin v27.4 - https:\/\/yoast.com\/product\/yoast-seo-wordpress\/ -->\n<title>You can now see the official trailer for &#039;Drag Race Espa\u00f1a&#039; which opens this May 30 on ATRESplayer PREMIUM - Buend\u00eda Estudios<\/title>\n<meta name=\"robots\" content=\"index, follow, max-snippet:-1, max-image-preview:large, max-video-preview:-1\" \/>\n<link rel=\"canonical\" href=\"https:\/\/buendiaestudios.com\/en\/2021\/05\/18\/see-now-official-trailer-drag-race-espana\/\" \/>\n<meta property=\"og:locale\" content=\"en_US\" \/>\n<meta property=\"og:type\" content=\"article\" \/>\n<meta property=\"og:title\" content=\"You can now see the official trailer for &#039;Drag Race Espa\u00f1a&#039; which opens this May 30 on ATRESplayer PREMIUM - Buend\u00eda Estudios\" \/>\n<meta property=\"og:description\" content=\"This Tuesday at the press conference of &#039;Drag Race Espa\u00f1a&#039;, the long-awaited trailer for the format has been presented showing the entry looks of the queens and the work room\" \/>\n<meta property=\"og:url\" content=\"https:\/\/buendiaestudios.com\/en\/2021\/05\/18\/see-now-official-trailer-drag-race-espana\/\" \/>\n<meta property=\"og:site_name\" content=\"Buend\u00eda Estudios\" \/>\n<meta property=\"article:publisher\" content=\"https:\/\/www.facebook.com\/buendiaestudios\" \/>\n<meta property=\"article:published_time\" content=\"2021-05-18T14:00:00+00:00\" \/>\n<meta property=\"article:modified_time\" content=\"2021-06-01T14:10:54+00:00\" \/>\n<meta property=\"og:image\" content=\"https:\/\/buendiaestudios.com\/media\/2021\/05\/Javier-Ambrossi-Supremme-Ana-Locking-y-Javier-Calvo_03.jpg\" \/>\n\t<meta property=\"og:image:width\" content=\"1000\" \/>\n\t<meta property=\"og:image:height\" content=\"665\" \/>\n\t<meta property=\"og:image:type\" content=\"image\/jpeg\" \/>\n<meta name=\"author\" content=\"marta\" \/>\n<meta name=\"twitter:card\" content=\"summary_large_image\" \/>\n<meta name=\"twitter:creator\" content=\"@BuendiaEstudios\" \/>\n<meta name=\"twitter:site\" content=\"@BuendiaEstudios\" \/>\n<meta name=\"twitter:label1\" content=\"Written by\" \/>\n\t<meta name=\"twitter:data1\" content=\"marta\" \/>\n\t<meta name=\"twitter:label2\" content=\"Est. reading time\" \/>\n\t<meta name=\"twitter:data2\" content=\"2 minutes\" \/>\n<script type=\"application\/ld+json\" class=\"yoast-schema-graph\">{\"@context\":\"https:\\\/\\\/schema.org\",\"@graph\":[{\"@type\":\"Article\",\"@id\":\"https:\\\/\\\/buendiaestudios.com\\\/en\\\/2021\\\/05\\\/18\\\/see-now-official-trailer-drag-race-espana\\\/#article\",\"isPartOf\":{\"@id\":\"https:\\\/\\\/buendiaestudios.com\\\/en\\\/2021\\\/05\\\/18\\\/see-now-official-trailer-drag-race-espana\\\/\"},\"author\":{\"name\":\"marta\",\"@id\":\"https:\\\/\\\/buendiaestudios.com\\\/#\\\/schema\\\/person\\\/192bd02e2f753421ea259f0f385c594a\"},\"headline\":\"You can now see the official trailer for &#8216;Drag Race Espa\u00f1a&#8217; which opens this May 30 on ATRESplayer PREMIUM\",\"datePublished\":\"2021-05-18T14:00:00+00:00\",\"dateModified\":\"2021-06-01T14:10:54+00:00\",\"mainEntityOfPage\":{\"@id\":\"https:\\\/\\\/buendiaestudios.com\\\/en\\\/2021\\\/05\\\/18\\\/see-now-official-trailer-drag-race-espana\\\/\"},\"wordCount\":344,\"publisher\":{\"@id\":\"https:\\\/\\\/buendiaestudios.com\\\/#organization\"},\"image\":{\"@id\":\"https:\\\/\\\/buendiaestudios.com\\\/en\\\/2021\\\/05\\\/18\\\/see-now-official-trailer-drag-race-espana\\\/#primaryimage\"},\"thumbnailUrl\":\"https:\\\/\\\/buendiaestudios.com\\\/wp-content\\\/uploads\\\/2021\\\/05\\\/Javier-Ambrossi-Supremme-Ana-Locking-y-Javier-Calvo_03.jpg\",\"inLanguage\":\"en-US\"},{\"@type\":\"WebPage\",\"@id\":\"https:\\\/\\\/buendiaestudios.com\\\/en\\\/2021\\\/05\\\/18\\\/see-now-official-trailer-drag-race-espana\\\/\",\"url\":\"https:\\\/\\\/buendiaestudios.com\\\/en\\\/2021\\\/05\\\/18\\\/see-now-official-trailer-drag-race-espana\\\/\",\"name\":\"You can now see the official trailer for 'Drag Race Espa\u00f1a' which opens this May 30 on ATRESplayer PREMIUM - Buend\u00eda Estudios\",\"isPartOf\":{\"@id\":\"https:\\\/\\\/buendiaestudios.com\\\/#website\"},\"primaryImageOfPage\":{\"@id\":\"https:\\\/\\\/buendiaestudios.com\\\/en\\\/2021\\\/05\\\/18\\\/see-now-official-trailer-drag-race-espana\\\/#primaryimage\"},\"image\":{\"@id\":\"https:\\\/\\\/buendiaestudios.com\\\/en\\\/2021\\\/05\\\/18\\\/see-now-official-trailer-drag-race-espana\\\/#primaryimage\"},\"thumbnailUrl\":\"https:\\\/\\\/buendiaestudios.com\\\/wp-content\\\/uploads\\\/2021\\\/05\\\/Javier-Ambrossi-Supremme-Ana-Locking-y-Javier-Calvo_03.jpg\",\"datePublished\":\"2021-05-18T14:00:00+00:00\",\"dateModified\":\"2021-06-01T14:10:54+00:00\",\"breadcrumb\":{\"@id\":\"https:\\\/\\\/buendiaestudios.com\\\/en\\\/2021\\\/05\\\/18\\\/see-now-official-trailer-drag-race-espana\\\/#breadcrumb\"},\"inLanguage\":\"en-US\",\"potentialAction\":[{\"@type\":\"ReadAction\",\"target\":[\"https:\\\/\\\/buendiaestudios.com\\\/en\\\/2021\\\/05\\\/18\\\/see-now-official-trailer-drag-race-espana\\\/\"]}]},{\"@type\":\"ImageObject\",\"inLanguage\":\"en-US\",\"@id\":\"https:\\\/\\\/buendiaestudios.com\\\/en\\\/2021\\\/05\\\/18\\\/see-now-official-trailer-drag-race-espana\\\/#primaryimage\",\"url\":\"https:\\\/\\\/buendiaestudios.com\\\/wp-content\\\/uploads\\\/2021\\\/05\\\/Javier-Ambrossi-Supremme-Ana-Locking-y-Javier-Calvo_03.jpg\",\"contentUrl\":\"https:\\\/\\\/buendiaestudios.com\\\/wp-content\\\/uploads\\\/2021\\\/05\\\/Javier-Ambrossi-Supremme-Ana-Locking-y-Javier-Calvo_03.jpg\",\"width\":1000,\"height\":665,\"caption\":\"Javier Ambrossi, Supremme, Ana Locking y Javier Calvo\"},{\"@type\":\"BreadcrumbList\",\"@id\":\"https:\\\/\\\/buendiaestudios.com\\\/en\\\/2021\\\/05\\\/18\\\/see-now-official-trailer-drag-race-espana\\\/#breadcrumb\",\"itemListElement\":[{\"@type\":\"ListItem\",\"position\":1,\"name\":\"Portada\",\"item\":\"https:\\\/\\\/buendiaestudios.com\\\/en\\\/\"},{\"@type\":\"ListItem\",\"position\":2,\"name\":\"You can now see the official trailer for &#8216;Drag Race Espa\u00f1a&#8217; which opens this May 30 on ATRESplayer PREMIUM\"}]},{\"@type\":\"WebSite\",\"@id\":\"https:\\\/\\\/buendiaestudios.com\\\/#website\",\"url\":\"https:\\\/\\\/buendiaestudios.com\\\/\",\"name\":\"Buend\u00eda Estudios\",\"description\":\"BUEND\u00cdA ESTUDIOS is an independent production company of audiovisual content created by ATRESMEDIA and TELEFONICA (through Movistar+), in a strategic alliance.\",\"publisher\":{\"@id\":\"https:\\\/\\\/buendiaestudios.com\\\/#organization\"},\"potentialAction\":[{\"@type\":\"SearchAction\",\"target\":{\"@type\":\"EntryPoint\",\"urlTemplate\":\"https:\\\/\\\/buendiaestudios.com\\\/?s={search_term_string}\"},\"query-input\":{\"@type\":\"PropertyValueSpecification\",\"valueRequired\":true,\"valueName\":\"search_term_string\"}}],\"inLanguage\":\"en-US\"},{\"@type\":\"Organization\",\"@id\":\"https:\\\/\\\/buendiaestudios.com\\\/#organization\",\"name\":\"Buend\u00eda Estudios\",\"url\":\"https:\\\/\\\/buendiaestudios.com\\\/\",\"logo\":{\"@type\":\"ImageObject\",\"inLanguage\":\"en-US\",\"@id\":\"https:\\\/\\\/buendiaestudios.com\\\/#\\\/schema\\\/logo\\\/image\\\/\",\"url\":\"https:\\\/\\\/buendiaestudios.com\\\/wp-content\\\/uploads\\\/2021\\\/02\\\/logo-buendia-estudios.jpg\",\"contentUrl\":\"https:\\\/\\\/buendiaestudios.com\\\/wp-content\\\/uploads\\\/2021\\\/02\\\/logo-buendia-estudios.jpg\",\"width\":988,\"height\":325,\"caption\":\"Buend\u00eda Estudios\"},\"image\":{\"@id\":\"https:\\\/\\\/buendiaestudios.com\\\/#\\\/schema\\\/logo\\\/image\\\/\"},\"sameAs\":[\"https:\\\/\\\/www.facebook.com\\\/buendiaestudios\",\"https:\\\/\\\/x.com\\\/BuendiaEstudios\",\"https:\\\/\\\/www.instagram.com\\\/buendiaestudios\\\/\",\"https:\\\/\\\/www.linkedin.com\\\/company\\\/buend\u00eda-estudios\\\/\"]},{\"@type\":\"Person\",\"@id\":\"https:\\\/\\\/buendiaestudios.com\\\/#\\\/schema\\\/person\\\/192bd02e2f753421ea259f0f385c594a\",\"name\":\"marta\",\"image\":{\"@type\":\"ImageObject\",\"inLanguage\":\"en-US\",\"@id\":\"https:\\\/\\\/secure.gravatar.com\\\/avatar\\\/fd1aad5206beed12165c47b25a60bc78225dd9bee5c531dbfed1e9cc445e712c?s=96&d=mm&r=g\",\"url\":\"https:\\\/\\\/secure.gravatar.com\\\/avatar\\\/fd1aad5206beed12165c47b25a60bc78225dd9bee5c531dbfed1e9cc445e712c?s=96&d=mm&r=g\",\"contentUrl\":\"https:\\\/\\\/secure.gravatar.com\\\/avatar\\\/fd1aad5206beed12165c47b25a60bc78225dd9bee5c531dbfed1e9cc445e712c?s=96&d=mm&r=g\",\"caption\":\"marta\"}}]}<\/script>\n<!-- \/ Yoast SEO plugin. -->","yoast_head_json":{"title":"You can now see the official trailer for 'Drag Race Espa\u00f1a' which opens this May 30 on ATRESplayer PREMIUM - Buend\u00eda Estudios","robots":{"index":"index","follow":"follow","max-snippet":"max-snippet:-1","max-image-preview":"max-image-preview:large","max-video-preview":"max-video-preview:-1"},"canonical":"https:\/\/buendiaestudios.com\/en\/2021\/05\/18\/see-now-official-trailer-drag-race-espana\/","og_locale":"en_US","og_type":"article","og_title":"You can now see the official trailer for 'Drag Race Espa\u00f1a' which opens this May 30 on ATRESplayer PREMIUM - Buend\u00eda Estudios","og_description":"This Tuesday at the press conference of 'Drag Race Espa\u00f1a', the long-awaited trailer for the format has been presented showing the entry looks of the queens and the work room","og_url":"https:\/\/buendiaestudios.com\/en\/2021\/05\/18\/see-now-official-trailer-drag-race-espana\/","og_site_name":"Buend\u00eda Estudios","article_publisher":"https:\/\/www.facebook.com\/buendiaestudios","article_published_time":"2021-05-18T14:00:00+00:00","article_modified_time":"2021-06-01T14:10:54+00:00","og_image":[{"width":1000,"height":665,"url":"https:\/\/buendiaestudios.com\/media\/2021\/05\/Javier-Ambrossi-Supremme-Ana-Locking-y-Javier-Calvo_03.jpg","type":"image\/jpeg"}],"author":"marta","twitter_card":"summary_large_image","twitter_creator":"@BuendiaEstudios","twitter_site":"@BuendiaEstudios","twitter_misc":{"Written by":"marta","Est. reading time":"2 minutes"},"schema":{"@context":"https:\/\/schema.org","@graph":[{"@type":"Article","@id":"https:\/\/buendiaestudios.com\/en\/2021\/05\/18\/see-now-official-trailer-drag-race-espana\/#article","isPartOf":{"@id":"https:\/\/buendiaestudios.com\/en\/2021\/05\/18\/see-now-official-trailer-drag-race-espana\/"},"author":{"name":"marta","@id":"https:\/\/buendiaestudios.com\/#\/schema\/person\/192bd02e2f753421ea259f0f385c594a"},"headline":"You can now see the official trailer for &#8216;Drag Race Espa\u00f1a&#8217; which opens this May 30 on ATRESplayer PREMIUM","datePublished":"2021-05-18T14:00:00+00:00","dateModified":"2021-06-01T14:10:54+00:00","mainEntityOfPage":{"@id":"https:\/\/buendiaestudios.com\/en\/2021\/05\/18\/see-now-official-trailer-drag-race-espana\/"},"wordCount":344,"publisher":{"@id":"https:\/\/buendiaestudios.com\/#organization"},"image":{"@id":"https:\/\/buendiaestudios.com\/en\/2021\/05\/18\/see-now-official-trailer-drag-race-espana\/#primaryimage"},"thumbnailUrl":"https:\/\/buendiaestudios.com\/media\/2021\/05\/Javier-Ambrossi-Supremme-Ana-Locking-y-Javier-Calvo_03.jpg","inLanguage":"en-US"},{"@type":"WebPage","@id":"https:\/\/buendiaestudios.com\/en\/2021\/05\/18\/see-now-official-trailer-drag-race-espana\/","url":"https:\/\/buendiaestudios.com\/en\/2021\/05\/18\/see-now-official-trailer-drag-race-espana\/","name":"You can now see the official trailer for 'Drag Race Espa\u00f1a' which opens this May 30 on ATRESplayer PREMIUM - Buend\u00eda Estudios","isPartOf":{"@id":"https:\/\/buendiaestudios.com\/#website"},"primaryImageOfPage":{"@id":"https:\/\/buendiaestudios.com\/en\/2021\/05\/18\/see-now-official-trailer-drag-race-espana\/#primaryimage"},"image":{"@id":"https:\/\/buendiaestudios.com\/en\/2021\/05\/18\/see-now-official-trailer-drag-race-espana\/#primaryimage"},"thumbnailUrl":"https:\/\/buendiaestudios.com\/media\/2021\/05\/Javier-Ambrossi-Supremme-Ana-Locking-y-Javier-Calvo_03.jpg","datePublished":"2021-05-18T14:00:00+00:00","dateModified":"2021-06-01T14:10:54+00:00","breadcrumb":{"@id":"https:\/\/buendiaestudios.com\/en\/2021\/05\/18\/see-now-official-trailer-drag-race-espana\/#breadcrumb"},"inLanguage":"en-US","potentialAction":[{"@type":"ReadAction","target":["https:\/\/buendiaestudios.com\/en\/2021\/05\/18\/see-now-official-trailer-drag-race-espana\/"]}]},{"@type":"ImageObject","inLanguage":"en-US","@id":"https:\/\/buendiaestudios.com\/en\/2021\/05\/18\/see-now-official-trailer-drag-race-espana\/#primaryimage","url":"https:\/\/buendiaestudios.com\/media\/2021\/05\/Javier-Ambrossi-Supremme-Ana-Locking-y-Javier-Calvo_03.jpg","contentUrl":"https:\/\/buendiaestudios.com\/media\/2021\/05\/Javier-Ambrossi-Supremme-Ana-Locking-y-Javier-Calvo_03.jpg","width":1000,"height":665,"caption":"Javier Ambrossi, Supremme, Ana Locking y Javier Calvo"},{"@type":"BreadcrumbList","@id":"https:\/\/buendiaestudios.com\/en\/2021\/05\/18\/see-now-official-trailer-drag-race-espana\/#breadcrumb","itemListElement":[{"@type":"ListItem","position":1,"name":"Portada","item":"https:\/\/buendiaestudios.com\/en\/"},{"@type":"ListItem","position":2,"name":"You can now see the official trailer for &#8216;Drag Race Espa\u00f1a&#8217; which opens this May 30 on ATRESplayer PREMIUM"}]},{"@type":"WebSite","@id":"https:\/\/buendiaestudios.com\/#website","url":"https:\/\/buendiaestudios.com\/","name":"Buend\u00eda Estudios","description":"BUEND\u00cdA ESTUDIOS is an independent production company of audiovisual content created by ATRESMEDIA and TELEFONICA (through Movistar+), in a strategic alliance.","publisher":{"@id":"https:\/\/buendiaestudios.com\/#organization"},"potentialAction":[{"@type":"SearchAction","target":{"@type":"EntryPoint","urlTemplate":"https:\/\/buendiaestudios.com\/?s={search_term_string}"},"query-input":{"@type":"PropertyValueSpecification","valueRequired":true,"valueName":"search_term_string"}}],"inLanguage":"en-US"},{"@type":"Organization","@id":"https:\/\/buendiaestudios.com\/#organization","name":"Buend\u00eda Estudios","url":"https:\/\/buendiaestudios.com\/","logo":{"@type":"ImageObject","inLanguage":"en-US","@id":"https:\/\/buendiaestudios.com\/#\/schema\/logo\/image\/","url":"https:\/\/buendiaestudios.com\/media\/2021\/02\/logo-buendia-estudios.jpg","contentUrl":"https:\/\/buendiaestudios.com\/media\/2021\/02\/logo-buendia-estudios.jpg","width":988,"height":325,"caption":"Buend\u00eda Estudios"},"image":{"@id":"https:\/\/buendiaestudios.com\/#\/schema\/logo\/image\/"},"sameAs":["https:\/\/www.facebook.com\/buendiaestudios","https:\/\/x.com\/BuendiaEstudios","https:\/\/www.instagram.com\/buendiaestudios\/","https:\/\/www.linkedin.com\/company\/buend\u00eda-estudios\/"]},{"@type":"Person","@id":"https:\/\/buendiaestudios.com\/#\/schema\/person\/192bd02e2f753421ea259f0f385c594a","name":"marta","image":{"@type":"ImageObject","inLanguage":"en-US","@id":"https:\/\/secure.gravatar.com\/avatar\/fd1aad5206beed12165c47b25a60bc78225dd9bee5c531dbfed1e9cc445e712c?s=96&d=mm&r=g","url":"https:\/\/secure.gravatar.com\/avatar\/fd1aad5206beed12165c47b25a60bc78225dd9bee5c531dbfed1e9cc445e712c?s=96&d=mm&r=g","contentUrl":"https:\/\/secure.gravatar.com\/avatar\/fd1aad5206beed12165c47b25a60bc78225dd9bee5c531dbfed1e9cc445e712c?s=96&d=mm&r=g","caption":"marta"}}]}},"_links":{"self":[{"href":"https:\/\/buendiaestudios.com\/en\/wp-json\/wp\/v2\/posts\/1435","targetHints":{"allow":["GET"]}}],"collection":[{"href":"https:\/\/buendiaestudios.com\/en\/wp-json\/wp\/v2\/posts"}],"about":[{"href":"https:\/\/buendiaestudios.com\/en\/wp-json\/wp\/v2\/types\/post"}],"author":[{"embeddable":true,"href":"https:\/\/buendiaestudios.com\/en\/wp-json\/wp\/v2\/users\/7"}],"replies":[{"embeddable":true,"href":"https:\/\/buendiaestudios.com\/en\/wp-json\/wp\/v2\/comments?post=1435"}],"version-history":[{"count":1,"href":"https:\/\/buendiaestudios.com\/en\/wp-json\/wp\/v2\/posts\/1435\/revisions"}],"predecessor-version":[{"id":1442,"href":"https:\/\/buendiaestudios.com\/en\/wp-json\/wp\/v2\/posts\/1435\/revisions\/1442"}],"wp:featuredmedia":[{"embeddable":true,"href":"https:\/\/buendiaestudios.com\/en\/wp-json\/wp\/v2\/media\/1397"}],"wp:attachment":[{"href":"https:\/\/buendiaestudios.com\/en\/wp-json\/wp\/v2\/media?parent=1435"}],"wp:term":[{"taxonomy":"category","embeddable":true,"href":"https:\/\/buendiaestudios.com\/en\/wp-json\/wp\/v2\/categories?post=1435"},{"taxonomy":"post_tag","embeddable":true,"href":"https:\/\/buendiaestudios.com\/en\/wp-json\/wp\/v2\/tags?post=1435"}],"curies":[{"name":"wp","href":"https:\/\/api.w.org\/{rel}","templated":true}]}}