{"id":1008,"date":"2021-03-24T19:03:42","date_gmt":"2021-03-24T19:03:42","guid":{"rendered":"https:\/\/dev.losdelvolcan.com\/buendia\/?p=1008"},"modified":"2021-04-06T15:11:41","modified_gmt":"2021-04-06T15:11:41","slug":"the-boarding-school-las-cumbres-lands-on-amazon-prime","status":"publish","type":"post","link":"https:\/\/buendiaestudios.com\/en\/2021\/03\/24\/the-boarding-school-las-cumbres-lands-on-amazon-prime\/","title":{"rendered":"&#8216;The boarding school: Las Cumbres&#8217; lands on Amazon Prime"},"content":{"rendered":"\n<p><strong>&#8216;The boarding school: Las Cumbres&#8217;<\/strong> takes place in a boarding school located next to an old monastery, located in an inaccessible place surrounded by mountains, completely isolated from the world.<\/p>\n\n\n\n<p>The long-awaited Amazon Exclusive series &#8216;The boarding school: Las Cumbres&#8217; will premiere exclusively on Amazon Prime Video on February 19 in more than 200 countries and territories worldwide.<\/p>\n\n\n\n<p>The 8-episode series stars Asia Ortega (Les de l&#8217;Hoquei), Albert Salazar (A.K.A.), Daniel Arias (Cu\u00e9ntame), Daniela Rubio (La caza. Monteperdido), Claudia Riera (Les de l&#8217;Hoquei), Paula del R\u00edo (El desconocido), Gonzalo D\u00edez (7 d\u00edas), Carlos Alcaide (Libertad), Sara Balerdi (La l\u00ednea invisible) and Francisca Aronsson (Hotel Para\u00edso). The adult cast includes Natalia Dicenta (Solas), Ramiro Blas (Vis a vis), Alberto Amarilla (Mar adentro), Mina El Hammani (Elite), Joel Bosqued (Un golpe de suerte), Patxi Santamar\u00eda (Lucky Fred), Lucas Velasco (Educando a Nina), Jose Usabiaga (Handia), Amaia Lizarralde (Hospital Central), I\u00f1ake Irastorza (Ventajas de viajar en tren), Aitor Beltran (Ignatius de Loyola) and K\u00e1ndido Uranga (El silencio de la ciudad blanca).<\/p>\n\n\n\n<p>&#8216;The boarding school: Las Cumbres&#8217; will take place in a boarding school located next to an old monastery in an inaccessible place surrounded by mountains, completely isolated from the world. Students are rebellious children who will live under the strict and severe discipline imposed by the school that prepares them for reintegration into society. The surrounding forest is home to ancient legends, threats and will immerse them in fast-paced and terrifying adventures.<\/p>\n\n\n\n<p>&#8216;The boarding school: Las Cumbres&#8217; is a production of THE MEDIAPRO STUDIO and Atresmedia Studios (BUENDIA ESTUDIOS). At the forefront of executive production are Laura Belloso, Laura Fern\u00e1ndez Espeso and Javier Pons of THE MEDIAPRO STUDIO, and Ignacio Corrales and Sonia Mart\u00ednez, from Atresmedia Studios. These renowned producers will lead the writing team formed by Asier Andueza, co-creator of this new installment along with Laura Belloso, Sara Belloso and Abraham Sastre, who have already participated in the scripts of The boarding school La Laguna Negra.<\/p>\n","protected":false},"excerpt":{"rendered":"<p>&#8216;The boarding school: Las Cumbres&#8217; takes place in a boarding school located next to an old monastery, located in an inaccessible place surrounded by mountains, completely isolated from the world. The long-awaited Amazon Exclusive series &#8216;The boarding school: Las Cumbres&#8217; will premiere exclusively on Amazon Prime Video on February 19 in more than 200 countries [&hellip;]<\/p>\n","protected":false},"author":1,"featured_media":716,"comment_status":"open","ping_status":"closed","sticky":false,"template":"","format":"standard","meta":{"_acf_changed":false,"footnotes":""},"categories":[18],"tags":[],"class_list":["post-1008","post","type-post","status-publish","format-standard","has-post-thumbnail","hentry","category-uncategorized"],"acf":[],"yoast_head":"<!-- This site is optimized with the Yoast SEO plugin v27.4 - https:\/\/yoast.com\/product\/yoast-seo-wordpress\/ -->\n<title>&#039;The boarding school: Las Cumbres&#039; lands on Amazon Prime - Buend\u00eda Estudios<\/title>\n<meta name=\"robots\" content=\"index, follow, max-snippet:-1, max-image-preview:large, max-video-preview:-1\" \/>\n<link rel=\"canonical\" href=\"https:\/\/buendiaestudios.com\/en\/2021\/03\/24\/the-boarding-school-las-cumbres-lands-on-amazon-prime\/\" \/>\n<meta property=\"og:locale\" content=\"en_US\" \/>\n<meta property=\"og:type\" content=\"article\" \/>\n<meta property=\"og:title\" content=\"&#039;The boarding school: Las Cumbres&#039; lands on Amazon Prime - Buend\u00eda Estudios\" \/>\n<meta property=\"og:description\" content=\"&#8216;The boarding school: Las Cumbres&#8217; takes place in a boarding school located next to an old monastery, located in an inaccessible place surrounded by mountains, completely isolated from the world. The long-awaited Amazon Exclusive series &#8216;The boarding school: Las Cumbres&#8217; will premiere exclusively on Amazon Prime Video on February 19 in more than 200 countries [&hellip;]\" \/>\n<meta property=\"og:url\" content=\"https:\/\/buendiaestudios.com\/en\/2021\/03\/24\/the-boarding-school-las-cumbres-lands-on-amazon-prime\/\" \/>\n<meta property=\"og:site_name\" content=\"Buend\u00eda Estudios\" \/>\n<meta property=\"article:publisher\" content=\"https:\/\/www.facebook.com\/buendiaestudios\" \/>\n<meta property=\"article:published_time\" content=\"2021-03-24T19:03:42+00:00\" \/>\n<meta property=\"article:modified_time\" content=\"2021-04-06T15:11:41+00:00\" \/>\n<meta property=\"og:image\" content=\"https:\/\/buendiaestudios.com\/media\/2021\/02\/1172_EL_INTERNADO_0_39A8317-scaled.jpg\" \/>\n\t<meta property=\"og:image:width\" content=\"2048\" \/>\n\t<meta property=\"og:image:height\" content=\"1152\" \/>\n\t<meta property=\"og:image:type\" content=\"image\/jpeg\" \/>\n<meta name=\"author\" content=\"juan\" \/>\n<meta name=\"twitter:card\" content=\"summary_large_image\" \/>\n<meta name=\"twitter:creator\" content=\"@BuendiaEstudios\" \/>\n<meta name=\"twitter:site\" content=\"@BuendiaEstudios\" \/>\n<meta name=\"twitter:label1\" content=\"Written by\" \/>\n\t<meta name=\"twitter:data1\" content=\"juan\" \/>\n\t<meta name=\"twitter:label2\" content=\"Est. reading time\" \/>\n\t<meta name=\"twitter:data2\" content=\"2 minutes\" \/>\n<script type=\"application\/ld+json\" class=\"yoast-schema-graph\">{\"@context\":\"https:\\\/\\\/schema.org\",\"@graph\":[{\"@type\":\"Article\",\"@id\":\"https:\\\/\\\/buendiaestudios.com\\\/en\\\/2021\\\/03\\\/24\\\/the-boarding-school-las-cumbres-lands-on-amazon-prime\\\/#article\",\"isPartOf\":{\"@id\":\"https:\\\/\\\/buendiaestudios.com\\\/en\\\/2021\\\/03\\\/24\\\/the-boarding-school-las-cumbres-lands-on-amazon-prime\\\/\"},\"author\":{\"name\":\"juan\",\"@id\":\"https:\\\/\\\/buendiaestudios.com\\\/#\\\/schema\\\/person\\\/c2ac535d581ea9d124d7382d6620f7a8\"},\"headline\":\"&#8216;The boarding school: Las Cumbres&#8217; lands on Amazon Prime\",\"datePublished\":\"2021-03-24T19:03:42+00:00\",\"dateModified\":\"2021-04-06T15:11:41+00:00\",\"mainEntityOfPage\":{\"@id\":\"https:\\\/\\\/buendiaestudios.com\\\/en\\\/2021\\\/03\\\/24\\\/the-boarding-school-las-cumbres-lands-on-amazon-prime\\\/\"},\"wordCount\":346,\"commentCount\":0,\"publisher\":{\"@id\":\"https:\\\/\\\/buendiaestudios.com\\\/#organization\"},\"image\":{\"@id\":\"https:\\\/\\\/buendiaestudios.com\\\/en\\\/2021\\\/03\\\/24\\\/the-boarding-school-las-cumbres-lands-on-amazon-prime\\\/#primaryimage\"},\"thumbnailUrl\":\"https:\\\/\\\/buendiaestudios.com\\\/wp-content\\\/uploads\\\/2021\\\/02\\\/1172_EL_INTERNADO_0_39A8317-scaled.jpg\",\"inLanguage\":\"en-US\",\"potentialAction\":[{\"@type\":\"CommentAction\",\"name\":\"Comment\",\"target\":[\"https:\\\/\\\/buendiaestudios.com\\\/en\\\/2021\\\/03\\\/24\\\/the-boarding-school-las-cumbres-lands-on-amazon-prime\\\/#respond\"]}]},{\"@type\":\"WebPage\",\"@id\":\"https:\\\/\\\/buendiaestudios.com\\\/en\\\/2021\\\/03\\\/24\\\/the-boarding-school-las-cumbres-lands-on-amazon-prime\\\/\",\"url\":\"https:\\\/\\\/buendiaestudios.com\\\/en\\\/2021\\\/03\\\/24\\\/the-boarding-school-las-cumbres-lands-on-amazon-prime\\\/\",\"name\":\"'The boarding school: Las Cumbres' lands on Amazon Prime - Buend\u00eda Estudios\",\"isPartOf\":{\"@id\":\"https:\\\/\\\/buendiaestudios.com\\\/#website\"},\"primaryImageOfPage\":{\"@id\":\"https:\\\/\\\/buendiaestudios.com\\\/en\\\/2021\\\/03\\\/24\\\/the-boarding-school-las-cumbres-lands-on-amazon-prime\\\/#primaryimage\"},\"image\":{\"@id\":\"https:\\\/\\\/buendiaestudios.com\\\/en\\\/2021\\\/03\\\/24\\\/the-boarding-school-las-cumbres-lands-on-amazon-prime\\\/#primaryimage\"},\"thumbnailUrl\":\"https:\\\/\\\/buendiaestudios.com\\\/wp-content\\\/uploads\\\/2021\\\/02\\\/1172_EL_INTERNADO_0_39A8317-scaled.jpg\",\"datePublished\":\"2021-03-24T19:03:42+00:00\",\"dateModified\":\"2021-04-06T15:11:41+00:00\",\"breadcrumb\":{\"@id\":\"https:\\\/\\\/buendiaestudios.com\\\/en\\\/2021\\\/03\\\/24\\\/the-boarding-school-las-cumbres-lands-on-amazon-prime\\\/#breadcrumb\"},\"inLanguage\":\"en-US\",\"potentialAction\":[{\"@type\":\"ReadAction\",\"target\":[\"https:\\\/\\\/buendiaestudios.com\\\/en\\\/2021\\\/03\\\/24\\\/the-boarding-school-las-cumbres-lands-on-amazon-prime\\\/\"]}]},{\"@type\":\"ImageObject\",\"inLanguage\":\"en-US\",\"@id\":\"https:\\\/\\\/buendiaestudios.com\\\/en\\\/2021\\\/03\\\/24\\\/the-boarding-school-las-cumbres-lands-on-amazon-prime\\\/#primaryimage\",\"url\":\"https:\\\/\\\/buendiaestudios.com\\\/wp-content\\\/uploads\\\/2021\\\/02\\\/1172_EL_INTERNADO_0_39A8317-scaled.jpg\",\"contentUrl\":\"https:\\\/\\\/buendiaestudios.com\\\/wp-content\\\/uploads\\\/2021\\\/02\\\/1172_EL_INTERNADO_0_39A8317-scaled.jpg\",\"width\":2048,\"height\":1152},{\"@type\":\"BreadcrumbList\",\"@id\":\"https:\\\/\\\/buendiaestudios.com\\\/en\\\/2021\\\/03\\\/24\\\/the-boarding-school-las-cumbres-lands-on-amazon-prime\\\/#breadcrumb\",\"itemListElement\":[{\"@type\":\"ListItem\",\"position\":1,\"name\":\"Portada\",\"item\":\"https:\\\/\\\/buendiaestudios.com\\\/en\\\/\"},{\"@type\":\"ListItem\",\"position\":2,\"name\":\"&#8216;The boarding school: Las Cumbres&#8217; lands on Amazon Prime\"}]},{\"@type\":\"WebSite\",\"@id\":\"https:\\\/\\\/buendiaestudios.com\\\/#website\",\"url\":\"https:\\\/\\\/buendiaestudios.com\\\/\",\"name\":\"Buend\u00eda Estudios\",\"description\":\"BUEND\u00cdA ESTUDIOS is an independent production company of audiovisual content created by ATRESMEDIA and TELEFONICA (through Movistar+), in a strategic alliance.\",\"publisher\":{\"@id\":\"https:\\\/\\\/buendiaestudios.com\\\/#organization\"},\"potentialAction\":[{\"@type\":\"SearchAction\",\"target\":{\"@type\":\"EntryPoint\",\"urlTemplate\":\"https:\\\/\\\/buendiaestudios.com\\\/?s={search_term_string}\"},\"query-input\":{\"@type\":\"PropertyValueSpecification\",\"valueRequired\":true,\"valueName\":\"search_term_string\"}}],\"inLanguage\":\"en-US\"},{\"@type\":\"Organization\",\"@id\":\"https:\\\/\\\/buendiaestudios.com\\\/#organization\",\"name\":\"Buend\u00eda Estudios\",\"url\":\"https:\\\/\\\/buendiaestudios.com\\\/\",\"logo\":{\"@type\":\"ImageObject\",\"inLanguage\":\"en-US\",\"@id\":\"https:\\\/\\\/buendiaestudios.com\\\/#\\\/schema\\\/logo\\\/image\\\/\",\"url\":\"https:\\\/\\\/buendiaestudios.com\\\/wp-content\\\/uploads\\\/2021\\\/02\\\/logo-buendia-estudios.jpg\",\"contentUrl\":\"https:\\\/\\\/buendiaestudios.com\\\/wp-content\\\/uploads\\\/2021\\\/02\\\/logo-buendia-estudios.jpg\",\"width\":988,\"height\":325,\"caption\":\"Buend\u00eda Estudios\"},\"image\":{\"@id\":\"https:\\\/\\\/buendiaestudios.com\\\/#\\\/schema\\\/logo\\\/image\\\/\"},\"sameAs\":[\"https:\\\/\\\/www.facebook.com\\\/buendiaestudios\",\"https:\\\/\\\/x.com\\\/BuendiaEstudios\",\"https:\\\/\\\/www.instagram.com\\\/buendiaestudios\\\/\",\"https:\\\/\\\/www.linkedin.com\\\/company\\\/buend\u00eda-estudios\\\/\"]},{\"@type\":\"Person\",\"@id\":\"https:\\\/\\\/buendiaestudios.com\\\/#\\\/schema\\\/person\\\/c2ac535d581ea9d124d7382d6620f7a8\",\"name\":\"juan\",\"image\":{\"@type\":\"ImageObject\",\"inLanguage\":\"en-US\",\"@id\":\"https:\\\/\\\/secure.gravatar.com\\\/avatar\\\/cbe92dc906889b194a6058429af06a54966f45a7870e3c8343fa32fb728ebe30?s=96&d=mm&r=g\",\"url\":\"https:\\\/\\\/secure.gravatar.com\\\/avatar\\\/cbe92dc906889b194a6058429af06a54966f45a7870e3c8343fa32fb728ebe30?s=96&d=mm&r=g\",\"contentUrl\":\"https:\\\/\\\/secure.gravatar.com\\\/avatar\\\/cbe92dc906889b194a6058429af06a54966f45a7870e3c8343fa32fb728ebe30?s=96&d=mm&r=g\",\"caption\":\"juan\"}}]}<\/script>\n<!-- \/ Yoast SEO plugin. -->","yoast_head_json":{"title":"'The boarding school: Las Cumbres' lands on Amazon Prime - Buend\u00eda Estudios","robots":{"index":"index","follow":"follow","max-snippet":"max-snippet:-1","max-image-preview":"max-image-preview:large","max-video-preview":"max-video-preview:-1"},"canonical":"https:\/\/buendiaestudios.com\/en\/2021\/03\/24\/the-boarding-school-las-cumbres-lands-on-amazon-prime\/","og_locale":"en_US","og_type":"article","og_title":"'The boarding school: Las Cumbres' lands on Amazon Prime - Buend\u00eda Estudios","og_description":"&#8216;The boarding school: Las Cumbres&#8217; takes place in a boarding school located next to an old monastery, located in an inaccessible place surrounded by mountains, completely isolated from the world. The long-awaited Amazon Exclusive series &#8216;The boarding school: Las Cumbres&#8217; will premiere exclusively on Amazon Prime Video on February 19 in more than 200 countries [&hellip;]","og_url":"https:\/\/buendiaestudios.com\/en\/2021\/03\/24\/the-boarding-school-las-cumbres-lands-on-amazon-prime\/","og_site_name":"Buend\u00eda Estudios","article_publisher":"https:\/\/www.facebook.com\/buendiaestudios","article_published_time":"2021-03-24T19:03:42+00:00","article_modified_time":"2021-04-06T15:11:41+00:00","og_image":[{"width":2048,"height":1152,"url":"https:\/\/buendiaestudios.com\/media\/2021\/02\/1172_EL_INTERNADO_0_39A8317-scaled.jpg","type":"image\/jpeg"}],"author":"juan","twitter_card":"summary_large_image","twitter_creator":"@BuendiaEstudios","twitter_site":"@BuendiaEstudios","twitter_misc":{"Written by":"juan","Est. reading time":"2 minutes"},"schema":{"@context":"https:\/\/schema.org","@graph":[{"@type":"Article","@id":"https:\/\/buendiaestudios.com\/en\/2021\/03\/24\/the-boarding-school-las-cumbres-lands-on-amazon-prime\/#article","isPartOf":{"@id":"https:\/\/buendiaestudios.com\/en\/2021\/03\/24\/the-boarding-school-las-cumbres-lands-on-amazon-prime\/"},"author":{"name":"juan","@id":"https:\/\/buendiaestudios.com\/#\/schema\/person\/c2ac535d581ea9d124d7382d6620f7a8"},"headline":"&#8216;The boarding school: Las Cumbres&#8217; lands on Amazon Prime","datePublished":"2021-03-24T19:03:42+00:00","dateModified":"2021-04-06T15:11:41+00:00","mainEntityOfPage":{"@id":"https:\/\/buendiaestudios.com\/en\/2021\/03\/24\/the-boarding-school-las-cumbres-lands-on-amazon-prime\/"},"wordCount":346,"commentCount":0,"publisher":{"@id":"https:\/\/buendiaestudios.com\/#organization"},"image":{"@id":"https:\/\/buendiaestudios.com\/en\/2021\/03\/24\/the-boarding-school-las-cumbres-lands-on-amazon-prime\/#primaryimage"},"thumbnailUrl":"https:\/\/buendiaestudios.com\/media\/2021\/02\/1172_EL_INTERNADO_0_39A8317-scaled.jpg","inLanguage":"en-US","potentialAction":[{"@type":"CommentAction","name":"Comment","target":["https:\/\/buendiaestudios.com\/en\/2021\/03\/24\/the-boarding-school-las-cumbres-lands-on-amazon-prime\/#respond"]}]},{"@type":"WebPage","@id":"https:\/\/buendiaestudios.com\/en\/2021\/03\/24\/the-boarding-school-las-cumbres-lands-on-amazon-prime\/","url":"https:\/\/buendiaestudios.com\/en\/2021\/03\/24\/the-boarding-school-las-cumbres-lands-on-amazon-prime\/","name":"'The boarding school: Las Cumbres' lands on Amazon Prime - Buend\u00eda Estudios","isPartOf":{"@id":"https:\/\/buendiaestudios.com\/#website"},"primaryImageOfPage":{"@id":"https:\/\/buendiaestudios.com\/en\/2021\/03\/24\/the-boarding-school-las-cumbres-lands-on-amazon-prime\/#primaryimage"},"image":{"@id":"https:\/\/buendiaestudios.com\/en\/2021\/03\/24\/the-boarding-school-las-cumbres-lands-on-amazon-prime\/#primaryimage"},"thumbnailUrl":"https:\/\/buendiaestudios.com\/media\/2021\/02\/1172_EL_INTERNADO_0_39A8317-scaled.jpg","datePublished":"2021-03-24T19:03:42+00:00","dateModified":"2021-04-06T15:11:41+00:00","breadcrumb":{"@id":"https:\/\/buendiaestudios.com\/en\/2021\/03\/24\/the-boarding-school-las-cumbres-lands-on-amazon-prime\/#breadcrumb"},"inLanguage":"en-US","potentialAction":[{"@type":"ReadAction","target":["https:\/\/buendiaestudios.com\/en\/2021\/03\/24\/the-boarding-school-las-cumbres-lands-on-amazon-prime\/"]}]},{"@type":"ImageObject","inLanguage":"en-US","@id":"https:\/\/buendiaestudios.com\/en\/2021\/03\/24\/the-boarding-school-las-cumbres-lands-on-amazon-prime\/#primaryimage","url":"https:\/\/buendiaestudios.com\/media\/2021\/02\/1172_EL_INTERNADO_0_39A8317-scaled.jpg","contentUrl":"https:\/\/buendiaestudios.com\/media\/2021\/02\/1172_EL_INTERNADO_0_39A8317-scaled.jpg","width":2048,"height":1152},{"@type":"BreadcrumbList","@id":"https:\/\/buendiaestudios.com\/en\/2021\/03\/24\/the-boarding-school-las-cumbres-lands-on-amazon-prime\/#breadcrumb","itemListElement":[{"@type":"ListItem","position":1,"name":"Portada","item":"https:\/\/buendiaestudios.com\/en\/"},{"@type":"ListItem","position":2,"name":"&#8216;The boarding school: Las Cumbres&#8217; lands on Amazon Prime"}]},{"@type":"WebSite","@id":"https:\/\/buendiaestudios.com\/#website","url":"https:\/\/buendiaestudios.com\/","name":"Buend\u00eda Estudios","description":"BUEND\u00cdA ESTUDIOS is an independent production company of audiovisual content created by ATRESMEDIA and TELEFONICA (through Movistar+), in a strategic alliance.","publisher":{"@id":"https:\/\/buendiaestudios.com\/#organization"},"potentialAction":[{"@type":"SearchAction","target":{"@type":"EntryPoint","urlTemplate":"https:\/\/buendiaestudios.com\/?s={search_term_string}"},"query-input":{"@type":"PropertyValueSpecification","valueRequired":true,"valueName":"search_term_string"}}],"inLanguage":"en-US"},{"@type":"Organization","@id":"https:\/\/buendiaestudios.com\/#organization","name":"Buend\u00eda Estudios","url":"https:\/\/buendiaestudios.com\/","logo":{"@type":"ImageObject","inLanguage":"en-US","@id":"https:\/\/buendiaestudios.com\/#\/schema\/logo\/image\/","url":"https:\/\/buendiaestudios.com\/media\/2021\/02\/logo-buendia-estudios.jpg","contentUrl":"https:\/\/buendiaestudios.com\/media\/2021\/02\/logo-buendia-estudios.jpg","width":988,"height":325,"caption":"Buend\u00eda Estudios"},"image":{"@id":"https:\/\/buendiaestudios.com\/#\/schema\/logo\/image\/"},"sameAs":["https:\/\/www.facebook.com\/buendiaestudios","https:\/\/x.com\/BuendiaEstudios","https:\/\/www.instagram.com\/buendiaestudios\/","https:\/\/www.linkedin.com\/company\/buend\u00eda-estudios\/"]},{"@type":"Person","@id":"https:\/\/buendiaestudios.com\/#\/schema\/person\/c2ac535d581ea9d124d7382d6620f7a8","name":"juan","image":{"@type":"ImageObject","inLanguage":"en-US","@id":"https:\/\/secure.gravatar.com\/avatar\/cbe92dc906889b194a6058429af06a54966f45a7870e3c8343fa32fb728ebe30?s=96&d=mm&r=g","url":"https:\/\/secure.gravatar.com\/avatar\/cbe92dc906889b194a6058429af06a54966f45a7870e3c8343fa32fb728ebe30?s=96&d=mm&r=g","contentUrl":"https:\/\/secure.gravatar.com\/avatar\/cbe92dc906889b194a6058429af06a54966f45a7870e3c8343fa32fb728ebe30?s=96&d=mm&r=g","caption":"juan"}}]}},"_links":{"self":[{"href":"https:\/\/buendiaestudios.com\/en\/wp-json\/wp\/v2\/posts\/1008","targetHints":{"allow":["GET"]}}],"collection":[{"href":"https:\/\/buendiaestudios.com\/en\/wp-json\/wp\/v2\/posts"}],"about":[{"href":"https:\/\/buendiaestudios.com\/en\/wp-json\/wp\/v2\/types\/post"}],"author":[{"embeddable":true,"href":"https:\/\/buendiaestudios.com\/en\/wp-json\/wp\/v2\/users\/1"}],"replies":[{"embeddable":true,"href":"https:\/\/buendiaestudios.com\/en\/wp-json\/wp\/v2\/comments?post=1008"}],"version-history":[{"count":2,"href":"https:\/\/buendiaestudios.com\/en\/wp-json\/wp\/v2\/posts\/1008\/revisions"}],"predecessor-version":[{"id":1107,"href":"https:\/\/buendiaestudios.com\/en\/wp-json\/wp\/v2\/posts\/1008\/revisions\/1107"}],"wp:featuredmedia":[{"embeddable":true,"href":"https:\/\/buendiaestudios.com\/en\/wp-json\/wp\/v2\/media\/716"}],"wp:attachment":[{"href":"https:\/\/buendiaestudios.com\/en\/wp-json\/wp\/v2\/media?parent=1008"}],"wp:term":[{"taxonomy":"category","embeddable":true,"href":"https:\/\/buendiaestudios.com\/en\/wp-json\/wp\/v2\/categories?post=1008"},{"taxonomy":"post_tag","embeddable":true,"href":"https:\/\/buendiaestudios.com\/en\/wp-json\/wp\/v2\/tags?post=1008"}],"curies":[{"name":"wp","href":"https:\/\/api.w.org\/{rel}","templated":true}]}}